{"id":5494,"date":"2020-11-14T06:17:00","date_gmt":"2020-11-14T06:17:00","guid":{"rendered":"https:\/\/wp.pop-verlag.com\/?p=5494"},"modified":"2020-11-14T06:57:15","modified_gmt":"2020-11-14T06:57:15","slug":"dieter-schlesak-lyrikarchaeologie-gedichte-und-gedanken","status":"publish","type":"post","link":"https:\/\/wp.pop-verlag.com\/?p=5494","title":{"rendered":"Dieter Schlesak:  LYRIKARCH\u00c4OLOGIE.  Gedichte und Gedanken"},"content":{"rendered":"<p><img loading=\"lazy\" decoding=\"async\" class=\"alignleft size-medium wp-image-5495\" src=\"https:\/\/wp.pop-verlag.com\/wp-content\/uploads\/2020\/11\/978-3-86356-313-4_BuB-191x300.jpg\" alt=\"\" width=\"191\" height=\"300\" srcset=\"https:\/\/wp.pop-verlag.com\/wp-content\/uploads\/2020\/11\/978-3-86356-313-4_BuB-191x300.jpg 191w, https:\/\/wp.pop-verlag.com\/wp-content\/uploads\/2020\/11\/978-3-86356-313-4_BuB-768x1206.jpg 768w, https:\/\/wp.pop-verlag.com\/wp-content\/uploads\/2020\/11\/978-3-86356-313-4_BuB-652x1024.jpg 652w, https:\/\/wp.pop-verlag.com\/wp-content\/uploads\/2020\/11\/978-3-86356-313-4_BuB.jpg 1654w\" sizes=\"auto, (max-width: 191px) 100vw, 191px\" \/><a href=\"https:\/\/wp.pop-verlag.com\/?page_id=884\"><strong>Dieter Schlesak<\/strong><\/a>: <a href=\"https:\/\/wp.pop-verlag.com\/?p=5494\"><strong>LYRIKARCH\u00c4OLOGIE<\/strong><\/a><\/p>\n<p><strong>Gedichte und Gedanken<\/strong><\/p>\n<p>Reihe Lyrik Bd. 152, 226 Seiten, ISBN: 978-3-86356-313-4, \u20ac[D]19,90<\/p>\n<p><em>Sie gehen wieder ein<\/em><br \/>\n<em>die Splitter \/ in Sprache verwahrt<\/em><br \/>\n<em>denn die Sch\u00e4rfen verwunden <\/em><em>nicht mehr<\/em><br \/>\n<em>sie sind in die Fernen gestellt<\/em><br \/>\n<em>zum ganzen Leben gebracht<\/em><br \/>\n<em>als lie\u00dfe sich pl\u00f6tzlich begreifen<\/em><br \/>\n<em>was fehlt<\/em><br \/>\nDieter Schlesak: <em>Lyrische Notiz<\/em><\/p>\n<p>Hier ist, um mit Musil zu reden, nicht nur eine neue Seele da, sondern auch der dazugeh\u00f6rige Stil. Das vitale Sprach- und Erfahrungsmaterial ist in gro\u00dfr\u00e4umige Rhythmen \u00fcbersetzt, die in der Ferne die Zentnerschwere einer lyrischen Tradition von Gryphius bis G\u00fcnter und Klopstock ahnen lassen, bei denen die Form gerade noch die alles sprengende Erfahrung fasst &#8230; Man m\u00f6chte auf die formale und sprachliche Kunstleistung hinweisen, auf die Vielfalt der Themen \u2013<br \/>\nund k\u00f6nnte doch nur sagen: Ecce Poeta.<br \/>\nWalter Hinderer, Frankfurter Allgemeine Zeitung<\/p>\n<p>&nbsp;<\/p>\n<p>&nbsp;<\/p>\n","protected":false},"excerpt":{"rendered":"<p>Dieter Schlesak: LYRIKARCH\u00c4OLOGIE Gedichte und Gedanken Reihe Lyrik Bd. 152, 226 Seiten, ISBN: 978-3-86356-313-4, \u20ac[D]19,90 Sie gehen wieder ein die Splitter \/ in Sprache verwahrt denn die Sch\u00e4rfen verwunden nicht mehr sie sind in die Fernen gestellt zum ganzen Leben &hellip; <a class=\"more-link\" href=\"https:\/\/wp.pop-verlag.com\/?p=5494\">Weiterlesen <span class=\"meta-nav\">&rarr;<\/span><\/a><\/p>\n","protected":false},"author":2,"featured_media":0,"comment_status":"closed","ping_status":"closed","sticky":false,"template":"","format":"standard","meta":{"_jetpack_memberships_contains_paid_content":false,"footnotes":""},"categories":[231,21,20,8],"tags":[],"class_list":["post-5494","post","type-post","status-publish","format-standard","hentry","category-e-erscheinungsjahr-2020","category-deutsch-rumaenische-literatur","category-deutsche-literatur","category-pop-lyrik"],"jetpack_sharing_enabled":true,"jetpack_featured_media_url":"","_links":{"self":[{"href":"https:\/\/wp.pop-verlag.com\/index.php?rest_route=\/wp\/v2\/posts\/5494","targetHints":{"allow":["GET"]}}],"collection":[{"href":"https:\/\/wp.pop-verlag.com\/index.php?rest_route=\/wp\/v2\/posts"}],"about":[{"href":"https:\/\/wp.pop-verlag.com\/index.php?rest_route=\/wp\/v2\/types\/post"}],"author":[{"embeddable":true,"href":"https:\/\/wp.pop-verlag.com\/index.php?rest_route=\/wp\/v2\/users\/2"}],"replies":[{"embeddable":true,"href":"https:\/\/wp.pop-verlag.com\/index.php?rest_route=%2Fwp%2Fv2%2Fcomments&post=5494"}],"version-history":[{"count":2,"href":"https:\/\/wp.pop-verlag.com\/index.php?rest_route=\/wp\/v2\/posts\/5494\/revisions"}],"predecessor-version":[{"id":5497,"href":"https:\/\/wp.pop-verlag.com\/index.php?rest_route=\/wp\/v2\/posts\/5494\/revisions\/5497"}],"wp:attachment":[{"href":"https:\/\/wp.pop-verlag.com\/index.php?rest_route=%2Fwp%2Fv2%2Fmedia&parent=5494"}],"wp:term":[{"taxonomy":"category","embeddable":true,"href":"https:\/\/wp.pop-verlag.com\/index.php?rest_route=%2Fwp%2Fv2%2Fcategories&post=5494"},{"taxonomy":"post_tag","embeddable":true,"href":"https:\/\/wp.pop-verlag.com\/index.php?rest_route=%2Fwp%2Fv2%2Ftags&post=5494"}],"curies":[{"name":"wp","href":"https:\/\/api.w.org\/{rel}","templated":true}]}}