{"id":549,"date":"2015-09-01T06:59:24","date_gmt":"2015-09-01T06:59:24","guid":{"rendered":"http:\/\/wp.pop-verlag.com\/?p=549"},"modified":"2015-09-01T11:15:40","modified_gmt":"2015-09-01T11:15:40","slug":"rezension-ursula-teicher-maier-kuehe-und-locken-drehen","status":"publish","type":"post","link":"https:\/\/wp.pop-verlag.com\/?p=549","title":{"rendered":"Rezension Ursula Teicher-Maier: &#8222;K\u00fche und Locken drehen&#8220;"},"content":{"rendered":"<p><a href=\"http:\/\/wp.pop-verlag.com\/wp-content\/uploads\/2015\/04\/ursulateichermaier_kueheundlockendrehen.jpg\"><img loading=\"lazy\" decoding=\"async\" class=\"alignnone size-medium wp-image-17\" src=\"http:\/\/wp.pop-verlag.com\/wp-content\/uploads\/2015\/04\/ursulateichermaier_kueheundlockendrehen-209x300.jpg\" alt=\"ursulateichermaier_kueheundlockendrehen\" width=\"209\" height=\"300\" \/><\/a><\/p>\n<p><strong>Die \u00d6sen des Schuhs<\/strong><br \/>\nDie Geschichten von Ursula Teicher-Maier stellen durchweg Alltagssituationen dar<\/p>\n<p><strong>Harald Gr\u00f6hler<\/strong><br \/>\nver\u00f6ffentlicht auf <a href=\"http:\/\/www.fixpoetry.com\/feuilleton\/kritiken\/ursula-teicher-maier\/kuehe-und-locken-drehen\" target=\"_blank\"><strong>fixpoetry<\/strong><\/a><\/p>\n<hr \/>\n<p>Ursula Teicher-Maier &#8222;K\u00fche und Locken drehen&#8220;, Pop Verlag 2015, ISBN 978-3-86356-106-2, 14,50 Euro<\/p>\n","protected":false},"excerpt":{"rendered":"<p>Die \u00d6sen des Schuhs Die Geschichten von Ursula Teicher-Maier stellen durchweg Alltagssituationen dar Harald Gr\u00f6hler ver\u00f6ffentlicht auf fixpoetry Ursula Teicher-Maier &#8222;K\u00fche und Locken drehen&#8220;, Pop Verlag 2015, ISBN 978-3-86356-106-2, 14,50 Euro &hellip; <a class=\"more-link\" href=\"https:\/\/wp.pop-verlag.com\/?p=549\">Weiterlesen <span class=\"meta-nav\">&rarr;<\/span><\/a><\/p>\n","protected":false},"author":1,"featured_media":0,"comment_status":"closed","ping_status":"closed","sticky":false,"template":"","format":"standard","meta":{"_jetpack_memberships_contains_paid_content":false,"footnotes":""},"categories":[2,13],"tags":[40,39],"class_list":["post-549","post","type-post","status-publish","format-standard","hentry","category-rezensionen","category-rezensionen-epik","tag-kuehe-und-locken-drehen","tag-ursula-teicher-maier"],"jetpack_sharing_enabled":true,"jetpack_featured_media_url":"","_links":{"self":[{"href":"https:\/\/wp.pop-verlag.com\/index.php?rest_route=\/wp\/v2\/posts\/549","targetHints":{"allow":["GET"]}}],"collection":[{"href":"https:\/\/wp.pop-verlag.com\/index.php?rest_route=\/wp\/v2\/posts"}],"about":[{"href":"https:\/\/wp.pop-verlag.com\/index.php?rest_route=\/wp\/v2\/types\/post"}],"author":[{"embeddable":true,"href":"https:\/\/wp.pop-verlag.com\/index.php?rest_route=\/wp\/v2\/users\/1"}],"replies":[{"embeddable":true,"href":"https:\/\/wp.pop-verlag.com\/index.php?rest_route=%2Fwp%2Fv2%2Fcomments&post=549"}],"version-history":[{"count":5,"href":"https:\/\/wp.pop-verlag.com\/index.php?rest_route=\/wp\/v2\/posts\/549\/revisions"}],"predecessor-version":[{"id":572,"href":"https:\/\/wp.pop-verlag.com\/index.php?rest_route=\/wp\/v2\/posts\/549\/revisions\/572"}],"wp:attachment":[{"href":"https:\/\/wp.pop-verlag.com\/index.php?rest_route=%2Fwp%2Fv2%2Fmedia&parent=549"}],"wp:term":[{"taxonomy":"category","embeddable":true,"href":"https:\/\/wp.pop-verlag.com\/index.php?rest_route=%2Fwp%2Fv2%2Fcategories&post=549"},{"taxonomy":"post_tag","embeddable":true,"href":"https:\/\/wp.pop-verlag.com\/index.php?rest_route=%2Fwp%2Fv2%2Ftags&post=549"}],"curies":[{"name":"wp","href":"https:\/\/api.w.org\/{rel}","templated":true}]}}