{"id":5445,"date":"2020-11-05T05:22:18","date_gmt":"2020-11-05T05:22:18","guid":{"rendered":"https:\/\/wp.pop-verlag.com\/?p=5445"},"modified":"2020-11-06T06:06:02","modified_gmt":"2020-11-06T06:06:02","slug":"gott-weiss-mich-hier-radu-carp-im-gespraech-mit-eginald-schlattner","status":"publish","type":"post","link":"https:\/\/wp.pop-verlag.com\/?p=5445","title":{"rendered":"\u201eGott wei\u00df mich hier\u201c. Radu Carp im Gespr\u00e4ch mit Eginald Schlattner"},"content":{"rendered":"<p><strong><img loading=\"lazy\" decoding=\"async\" class=\"alignleft wp-image-5446 size-medium\" src=\"https:\/\/wp.pop-verlag.com\/wp-content\/uploads\/2020\/11\/978-3-86356-311-0-A_BuB-191x300.jpg\" alt=\"\" width=\"191\" height=\"300\" srcset=\"https:\/\/wp.pop-verlag.com\/wp-content\/uploads\/2020\/11\/978-3-86356-311-0-A_BuB-191x300.jpg 191w, https:\/\/wp.pop-verlag.com\/wp-content\/uploads\/2020\/11\/978-3-86356-311-0-A_BuB-768x1206.jpg 768w, https:\/\/wp.pop-verlag.com\/wp-content\/uploads\/2020\/11\/978-3-86356-311-0-A_BuB-652x1024.jpg 652w, https:\/\/wp.pop-verlag.com\/wp-content\/uploads\/2020\/11\/978-3-86356-311-0-A_BuB.jpg 1654w\" sizes=\"auto, (max-width: 191px) 100vw, 191px\" \/>\u00a0<\/strong><a href=\"https:\/\/wp.pop-verlag.com\/?p=5445\"><strong>\u201eGott wei\u00df mich hier\u201c.<\/strong><\/a>\u00a0<a href=\"https:\/\/wp.pop-verlag.com\/?page_id=5452\"><strong>Radu Carp<\/strong><\/a> im Gespr\u00e4ch mit <strong><a href=\"https:\/\/wp.pop-verlag.com\/?page_id=1369\">Eginald Schlattner<\/a><\/strong><\/p>\n<p>Aus dem Rum\u00e4nischen \u00fcbersetzt von <a href=\"https:\/\/wp.pop-verlag.com\/?page_id=2620\">Edith Konradt<\/a> und \u00fcberarbeitet von Eginald Schlattner.\u00a0\u00a0<span class=\"readonlyText multiple\">Reihe Fragmentarium, Bd. 20, 239 S., ISBN 978-3-86356-311-0, \u20ac[D]19,50\u00a0<\/span><\/p>\n<p>Das Interview wurde im Sp\u00e4tsommer 2017 in der Reha-Klinik von Dr. Petru Oprean in Sch\u00e4\u00dfburg auf Rum\u00e4nisch gef\u00fchrt, im Herbst 2017 auf dem Pfarrhof in Rothberg umgeschrieben und<br \/>\nim Januar 2018 abgeschlossen.<\/p>\n<p>Pfarrer zu sein ist nicht irgendein Beruf, eine weltliche Angelegenheit von gut gemeisterter Routine, der zufolge du dich, wenn du auf dem Land leben willst, zwischen Agraringenieur und Pfarrer entscheidest. Pfarrer zu sein ist eine Berufung, die Rechenschaft vor Gott erfordert.<br \/>\nIch wohne in einem Pfarrhaus, mit dessen Bau vor 1530 begonnen wurde und das heute von G\u00e4rten und einem Park umgeben ist, wo die B\u00e4ume mich kennen, der ich ohne Familie geblieben bin. Immer wieder werde ich gefragt, weshalb ich nicht ausgewandert bin wie \u00fcber 90 Prozent meiner siebenb\u00fcrgisch-s\u00e4chsischen Landsleute. Als Pfarrer habe ich diesem Exodus mit K\u00fcmmernis im Herzen zugesehen. Stellen Sie sich vor, dass ich, nachdem ich erst 1978 ins Amt eingef\u00fchrt worden war, in den Jahren 1990 bis 1991 pl\u00f6tzlich ohne Kirchengemeinde zur\u00fcckblieb. Ich antworte mit einer Replik, die auch Credo ist: \u201eMan verlasse den Ort des Leidens nicht, sondern handle so, dass die Leiden den Ort verlassen!\u201c<br \/>\nAber ich wei\u00df auch das andere: dass Gott mich hier bei meinem Namen gerufen hat, mich hier kennt. Dass Gott mich hier wei\u00df, ja, dass Gott mit mir an diesem Ort rechnet!<br \/>\nUnd hier gibt es Menschen, die mir nahestehen, die mich brauchen. Und einige, die mich lieben. Von diesem Ort weiche ich nicht.<br \/>\n<em>Eginald Schlattner<\/em><\/p>\n<p>Gemeinsam mit Eginald Schlattner habe ich versucht herauszufinden, welche Bedeutung die Religion, der er jahrzehntelang mit Hingebung diente, heute noch hat. Wir haben auch die Beziehungen zwischen der evangelischen und den anderen christlichen Konfessionen er\u00f6rtert und manche Leser werden erstaunt sein, wenn sie die enge Verbindung Eginald Schlattners zur Orthodoxie entdecken. Au\u00dferdem bekr\u00e4ftigt er 500 Jahre nach Luthers Reformation, dass alles, was er gepredigt habe, auch nach dem Verschwinden der letzten Siebenb\u00fcrger Sachsen in Rum\u00e4nien fortdauern werde. Es sei die Sprache, die den Bestand der Religion sichere. Eine \u00fcberraschende Feststellung: Sollte die Sprache ein metaphysisches Vehikel und als solches bestimmt sein, die Religion \u00fcber ihre Grenzen hinauszutragen? Auf diese Frage findet sich die Antwort im vorliegenden Buch.<br \/>\n<em>Radu Carp<\/em><\/p>\n<p><span class=\"readonlyText multiple\">Lieferbare Titel von <strong><a href=\"http:\/\/wp.pop-verlag.com\/?page_id=1369\">Eginald Schlattner<\/a>: <\/strong><br \/>\n<\/span><\/p>\n<ul>\n<li><a href=\"http:\/\/wp.pop-verlag.com\/?page_id=1300\"><strong>Rodica Draghincescu<\/strong>:<\/a> <a href=\"http:\/\/wp.pop-verlag.com\/?p=1317\"><strong>&#8222;Schreibenleben.&#8220;\u00a0 <\/strong>320 Seiten, ISBN: 3-937139-03-6. \u20ac[D] 23,60<\/a><\/li>\n<\/ul>\n<ul>\n<li><strong><a href=\"https:\/\/wp.pop-verlag.com\/?page_id=3419\">Romani\u0163a Constantinescu<\/a><a href=\"https:\/\/wp.pop-verlag.com\/?page_id=3419\">,<\/a> (Hrsg.), <i> <a href=\"https:\/\/wp.pop-verlag.com\/?p=3413\">Im kalten Schatten der Erinnerung<\/a><a href=\"https:\/\/traian.pop-verlag.com\/978-3-937139-76-0.htm\">.<\/a><\/i><\/strong> Eine Anthologie zeitgen\u00f6ssischer Prosa aus Rum\u00e4nien.\u00a0 (EPIK- Sammlung); 332\u00a0Seiten, ISBN: 978-3-937139-76-0, \u20ac[D] 20,00<\/li>\n<li><strong><a href=\"http:\/\/wp.pop-verlag.com\/?p=2839\">Wasserzeichen. <\/a><\/strong>ISBN: 978-3-86356-216-8,\u00a0 628 Seiten, \u20ac[D]29,00<\/li>\n<li>\n<h4><a href=\"https:\/\/www.edition-matrix.com\/matrix-1-2019-55-%e2%80%a2-eginald-schlattner-%e2%80%a2\/\">MATRIX 1\/2019 \u2013 Eginald Schlattner \u2013 <\/a><em><strong>Man verlasse den Ort des Leidens nicht, sondern handle so, dass die Leiden den Ort verlassen <\/strong><\/em><\/h4>\n<\/li>\n<li><strong><a href=\"https:\/\/wp.pop-verlag.com\/?p=5415\">Wasserzeichen.\u00a0\u00a0Ersonnene Chronik<\/a>. 2. Auflage 2020. ISBN: 978-3-86356-216-8, Reihe Epik Bd. 87, 628 S., \u20ac[D]29,00<\/strong><\/li>\n<li><a href=\"https:\/\/wp.pop-verlag.com\/?p=5445\"><strong>\u201eGott wei\u00df mich hier\u201c.<\/strong><\/a>\u00a0<a href=\"https:\/\/wp.pop-verlag.com\/?page_id=5452\"><strong>Radu Carp<\/strong><\/a> im Gespr\u00e4ch mit <strong><a href=\"https:\/\/wp.pop-verlag.com\/?page_id=1369\">Eginald Schlattner.\u00a0<\/a><\/strong>Aus dem Rum\u00e4nischen \u00fcbersetzt von <a href=\"https:\/\/wp.pop-verlag.com\/?page_id=2620\">Edith Konradt<\/a> und \u00fcberarbeitet von Eginald Schlattner.\u00a0\u00a0<span class=\"readonlyText multiple\">Reihe Fragmentarium, Bd. 20, 239 S., ISBN 978-3-86356-311-0, \u20ac[D]19,50\u00a0<\/span><\/li>\n<\/ul>\n","protected":false},"excerpt":{"rendered":"<p>\u00a0\u201eGott wei\u00df mich hier\u201c.\u00a0Radu Carp im Gespr\u00e4ch mit Eginald Schlattner Aus dem Rum\u00e4nischen \u00fcbersetzt von Edith Konradt und \u00fcberarbeitet von Eginald Schlattner.\u00a0\u00a0Reihe Fragmentarium, Bd. 20, 239 S., ISBN 978-3-86356-311-0, \u20ac[D]19,50\u00a0 Das Interview wurde im Sp\u00e4tsommer 2017 in der Reha-Klinik von &hellip; <a class=\"more-link\" href=\"https:\/\/wp.pop-verlag.com\/?p=5445\">Weiterlesen <span class=\"meta-nav\">&rarr;<\/span><\/a><\/p>\n","protected":false},"author":2,"featured_media":0,"comment_status":"closed","ping_status":"closed","sticky":false,"template":"","format":"standard","meta":{"_jetpack_memberships_contains_paid_content":false,"footnotes":""},"categories":[231,21,20,29],"tags":[234,238,239,236,241,242,240,235,237,243,244,245,246,247],"class_list":["post-5445","post","type-post","status-publish","format-standard","hentry","category-e-erscheinungsjahr-2020","category-deutsch-rumaenische-literatur","category-deutsche-literatur","category-fragmentarium-sammlung","tag-bekenntnisse","tag-buecher","tag-ceausescu","tag-christentum","tag-hermannstadt","tag-kloster-sfantu-spiridon","tag-nicolae","tag-orthodoxie","tag-religion-spiritualitaet","tag-rothberg","tag-rumaenien","tag-securitate","tag-sibiu","tag-siebenbuergen"],"jetpack_sharing_enabled":true,"jetpack_featured_media_url":"","_links":{"self":[{"href":"https:\/\/wp.pop-verlag.com\/index.php?rest_route=\/wp\/v2\/posts\/5445","targetHints":{"allow":["GET"]}}],"collection":[{"href":"https:\/\/wp.pop-verlag.com\/index.php?rest_route=\/wp\/v2\/posts"}],"about":[{"href":"https:\/\/wp.pop-verlag.com\/index.php?rest_route=\/wp\/v2\/types\/post"}],"author":[{"embeddable":true,"href":"https:\/\/wp.pop-verlag.com\/index.php?rest_route=\/wp\/v2\/users\/2"}],"replies":[{"embeddable":true,"href":"https:\/\/wp.pop-verlag.com\/index.php?rest_route=%2Fwp%2Fv2%2Fcomments&post=5445"}],"version-history":[{"count":7,"href":"https:\/\/wp.pop-verlag.com\/index.php?rest_route=\/wp\/v2\/posts\/5445\/revisions"}],"predecessor-version":[{"id":5460,"href":"https:\/\/wp.pop-verlag.com\/index.php?rest_route=\/wp\/v2\/posts\/5445\/revisions\/5460"}],"wp:attachment":[{"href":"https:\/\/wp.pop-verlag.com\/index.php?rest_route=%2Fwp%2Fv2%2Fmedia&parent=5445"}],"wp:term":[{"taxonomy":"category","embeddable":true,"href":"https:\/\/wp.pop-verlag.com\/index.php?rest_route=%2Fwp%2Fv2%2Fcategories&post=5445"},{"taxonomy":"post_tag","embeddable":true,"href":"https:\/\/wp.pop-verlag.com\/index.php?rest_route=%2Fwp%2Fv2%2Ftags&post=5445"}],"curies":[{"name":"wp","href":"https:\/\/api.w.org\/{rel}","templated":true}]}}