{"id":5396,"date":"2020-09-07T06:07:33","date_gmt":"2020-09-07T06:07:33","guid":{"rendered":"https:\/\/wp.pop-verlag.com\/?p=5396"},"modified":"2020-12-08T08:24:04","modified_gmt":"2020-12-08T08:24:04","slug":"franz-heinz-endzeit","status":"publish","type":"post","link":"https:\/\/wp.pop-verlag.com\/?p=5396","title":{"rendered":"Franz Heinz: Endzeit"},"content":{"rendered":"<p><strong><img loading=\"lazy\" decoding=\"async\" class=\"alignleft size-medium wp-image-5545\" src=\"https:\/\/wp.pop-verlag.com\/wp-content\/uploads\/2020\/12\/978-3-86356-304-2_BuB-191x300.jpg\" alt=\"\" width=\"191\" height=\"300\" srcset=\"https:\/\/wp.pop-verlag.com\/wp-content\/uploads\/2020\/12\/978-3-86356-304-2_BuB-191x300.jpg 191w, https:\/\/wp.pop-verlag.com\/wp-content\/uploads\/2020\/12\/978-3-86356-304-2_BuB-768x1206.jpg 768w, https:\/\/wp.pop-verlag.com\/wp-content\/uploads\/2020\/12\/978-3-86356-304-2_BuB-652x1024.jpg 652w, https:\/\/wp.pop-verlag.com\/wp-content\/uploads\/2020\/12\/978-3-86356-304-2_BuB.jpg 1654w\" sizes=\"auto, (max-width: 191px) 100vw, 191px\" \/>\u00a0<a href=\"https:\/\/wp.pop-verlag.com\/?page_id=956\">Franz Heinz<\/a><\/strong>: <a href=\"https:\/\/wp.pop-verlag.com\/?p=5396\"><strong>Endzeit. <\/strong>Roman.<\/a><\/p>\n<p>Reihe Epik Bd. 112, 264 Seiten,\u00a0ISBN: 978-3-86356-304-2, \u20ac[D]19,50<\/p>\n<p>Endzeit geht im Kern auf den Maler Franz Ferch (1900\u20131981) zur\u00fcck. Dieser hatte sich am Ufer der Marosch \u2013 die im siebenb\u00fcrgischen Hochland entspringt und in Ungarn in die Thei\u00df m\u00fcndet \u2013 ein Haus mit Zimmer und K\u00fcche gebaut und dort, umgeben von Wasserm\u00fcllern und Sandaushebern, sein umfassendes k\u00fcnstlerisches Werk gestaltet. Ferch erlebte beide Weltkriege und siedelte 1979 in die Bundesrepublik Deutschland aus. Seine Arbeiten spiegeln das Banat und die gewaltsamen Ver\u00e4nderungen, die das 20. Jahrhundert auch in S\u00fcdosteuropa hinterlassen hat.<br \/>\nObwohl die im Roman geschilderten Begebenheiten und Entwicklungen \u2013 wie auch die beschriebene Uferlandschaft \u2013 einen realen Hintergrund haben, sind diese nicht vordergr\u00fcndig als Biografie des Malers Franz Ferch zu verstehen. Allerdings tauchen Ereignisse, Schicksale und Verwerfungen auf, die bis ins Einzelne der erlebten Wirklichkeit nachgebildet sind. (Red.)<\/p>\n<p>Franz Ferch wollte ein Banater Chronist seiner Zeit sein und ist es wie kein Zweiter geworden. Sein Werk illustriert die Endzeit der deutschen Siedlungen im Banat \u2013 beginnend mit den gesellschaftlichen Erneuerungs- bestrebungen nach dem Ersten Weltkrieg und bis hin zur Preisgabe einer Heimat, die nicht mehr als solche empfunden wurde.<\/p>\n<p>\u201eIch habe 500 bis 600 Bilder gemalt, die in aller Welt verstreut sind. Wo sie sind, das wei\u00df ich nicht\u201c, res\u00fcmierte der K\u00fcnstler. Zahlreiche seiner Bilder befinden sich in den Archiven der Banater Museen, andere sind in den Wirren der Kriegs- und Nachkriegs- jahre verloren gegangen. Viele sind im Besitz der heute in Deutschland und \u00d6sterreich lebenden Banater Schwaben \u2013 wie Ikonen beh\u00fctet als Angebinde der besonderen Art.<br \/>\nFranz Heinz<\/p>\n<p>Den bekennenden Banater Schwaben und reisefreudigen Europ\u00e4er, den heimatverbundenen und weltl\u00e4ufigen Schriftsteller und Herausgeber, den Essayisten und Kunstkritiker Franz Heinz gilt es zu w\u00fcrdigen, sein Lebenswerk in den Blick zu nehmen. (&#8230;) Man sieht es ihm nicht an und erst recht nicht seiner Arbeit. Er ist wie eh und je pr\u00e4sent in der \u00d6ffentlichkeit, publiziert literarische Texte, Be- trachtungen \u00fcber Literatur und Kunst, essayistische Erinnerungsberichte und setzt mit seinen Vortr\u00e4gen Akzente bei wissenschaftlichen und kulturellen Tagungen. (&#8230;) Er schreibt und schreibt. Und er hat immer Reisepl\u00e4ne, ist h\u00e4ufig unterwegs. Aber alles ohne Hast, sondern mit der ihm eigenen Gelassenheit und Gr\u00fcndlichkeit.<\/p>\n<p>Walter Engel<\/p>\n<p>Lieferbare Titel von <strong>\u00a0<a href=\"https:\/\/wp.pop-verlag.com\/?page_id=956\">Franz Heinz<\/a><\/strong>:<\/p>\n<ul>\n<li><a href=\"https:\/\/wp.pop-verlag.com\/?p=5396\"><strong>Endzeit. <\/strong><\/a>Roman. Reihe Epik Bd. 112, 264 Seiten,\u00a0ISBN: 978-3-86356-304-2, \u20ac[D]19,50<\/li>\n<\/ul>\n","protected":false},"excerpt":{"rendered":"<p>\u00a0Franz Heinz: Endzeit. Roman. Reihe Epik Bd. 112, 264 Seiten,\u00a0ISBN: 978-3-86356-304-2, \u20ac[D]19,50 Endzeit geht im Kern auf den Maler Franz Ferch (1900\u20131981) zur\u00fcck. Dieser hatte sich am Ufer der Marosch \u2013 die im siebenb\u00fcrgischen Hochland entspringt und in Ungarn in &hellip; <a class=\"more-link\" href=\"https:\/\/wp.pop-verlag.com\/?p=5396\">Weiterlesen <span class=\"meta-nav\">&rarr;<\/span><\/a><\/p>\n","protected":false},"author":2,"featured_media":0,"comment_status":"closed","ping_status":"closed","sticky":false,"template":"","format":"standard","meta":{"_jetpack_memberships_contains_paid_content":false,"footnotes":""},"categories":[248,21,20,9,1],"tags":[],"class_list":["post-5396","post","type-post","status-publish","format-standard","hentry","category-e-erscheinungsjahr-2021","category-deutsch-rumaenische-literatur","category-deutsche-literatur","category-pop-epik","category-uncategorized"],"jetpack_sharing_enabled":true,"jetpack_featured_media_url":"","_links":{"self":[{"href":"https:\/\/wp.pop-verlag.com\/index.php?rest_route=\/wp\/v2\/posts\/5396","targetHints":{"allow":["GET"]}}],"collection":[{"href":"https:\/\/wp.pop-verlag.com\/index.php?rest_route=\/wp\/v2\/posts"}],"about":[{"href":"https:\/\/wp.pop-verlag.com\/index.php?rest_route=\/wp\/v2\/types\/post"}],"author":[{"embeddable":true,"href":"https:\/\/wp.pop-verlag.com\/index.php?rest_route=\/wp\/v2\/users\/2"}],"replies":[{"embeddable":true,"href":"https:\/\/wp.pop-verlag.com\/index.php?rest_route=%2Fwp%2Fv2%2Fcomments&post=5396"}],"version-history":[{"count":5,"href":"https:\/\/wp.pop-verlag.com\/index.php?rest_route=\/wp\/v2\/posts\/5396\/revisions"}],"predecessor-version":[{"id":5568,"href":"https:\/\/wp.pop-verlag.com\/index.php?rest_route=\/wp\/v2\/posts\/5396\/revisions\/5568"}],"wp:attachment":[{"href":"https:\/\/wp.pop-verlag.com\/index.php?rest_route=%2Fwp%2Fv2%2Fmedia&parent=5396"}],"wp:term":[{"taxonomy":"category","embeddable":true,"href":"https:\/\/wp.pop-verlag.com\/index.php?rest_route=%2Fwp%2Fv2%2Fcategories&post=5396"},{"taxonomy":"post_tag","embeddable":true,"href":"https:\/\/wp.pop-verlag.com\/index.php?rest_route=%2Fwp%2Fv2%2Ftags&post=5396"}],"curies":[{"name":"wp","href":"https:\/\/api.w.org\/{rel}","templated":true}]}}