{"id":5313,"date":"2020-07-14T10:10:00","date_gmt":"2020-07-14T10:10:00","guid":{"rendered":"https:\/\/wp.pop-verlag.com\/?p=5313"},"modified":"2020-09-11T13:21:25","modified_gmt":"2020-09-11T13:21:25","slug":"frieder-schuller-ossis-stein","status":"publish","type":"post","link":"https:\/\/wp.pop-verlag.com\/?p=5313","title":{"rendered":"Frieder Schuller: Ossis Stein"},"content":{"rendered":"<p><img loading=\"lazy\" decoding=\"async\" class=\"alignleft size-medium wp-image-5317\" src=\"https:\/\/wp.pop-verlag.com\/wp-content\/uploads\/2020\/07\/978-3-86356-305-9_B-210x300.jpg\" alt=\"\" width=\"210\" height=\"300\" srcset=\"https:\/\/wp.pop-verlag.com\/wp-content\/uploads\/2020\/07\/978-3-86356-305-9_B-210x300.jpg 210w, https:\/\/wp.pop-verlag.com\/wp-content\/uploads\/2020\/07\/978-3-86356-305-9_B-768x1097.jpg 768w, https:\/\/wp.pop-verlag.com\/wp-content\/uploads\/2020\/07\/978-3-86356-305-9_B-717x1024.jpg 717w, https:\/\/wp.pop-verlag.com\/wp-content\/uploads\/2020\/07\/978-3-86356-305-9_B.jpg 1654w\" sizes=\"auto, (max-width: 210px) 100vw, 210px\" \/> <img loading=\"lazy\" decoding=\"async\" class=\"alignleft size-medium wp-image-5318\" src=\"https:\/\/wp.pop-verlag.com\/wp-content\/uploads\/2020\/07\/978-3-86356-305-9_A-210x300.jpg\" alt=\"\" width=\"210\" height=\"300\" srcset=\"https:\/\/wp.pop-verlag.com\/wp-content\/uploads\/2020\/07\/978-3-86356-305-9_A-210x300.jpg 210w, https:\/\/wp.pop-verlag.com\/wp-content\/uploads\/2020\/07\/978-3-86356-305-9_A-768x1097.jpg 768w, https:\/\/wp.pop-verlag.com\/wp-content\/uploads\/2020\/07\/978-3-86356-305-9_A-717x1024.jpg 717w, https:\/\/wp.pop-verlag.com\/wp-content\/uploads\/2020\/07\/978-3-86356-305-9_A.jpg 1654w\" sizes=\"auto, (max-width: 210px) 100vw, 210px\" \/><a href=\"https:\/\/wp.pop-verlag.com\/?page_id=962\"><strong>Frieder Schuller<\/strong><\/a><strong>:<\/strong> <a href=\"https:\/\/wp.pop-verlag.com\/?p=5313\"><strong>Ossis Stein. Zwei Theaterst\u00fccke<\/strong><\/a>. Reihe Theater Bd. 3; ISBN: 978-3-86356-305-9; 175 Seiten, \u20ac[D]16,50<\/p>\n<p><em>\u201eOssis Stein oder Der werfe das erste Buch\u201c erlebte 2012 am Radu-Stanca-Nationaltheater in Hermannstadt\/ Sibiu seine Urauff\u00fchrung. <\/em><br \/>\n<em>In der Heimatstadt des 1926 geborenen Oskar Pastior, der im Freundeskreis \u201eOssi\u201c genannt wurde und von der Securitate den Decknamen \u201eOtto Stein\u201c erhielt. Frieder Schuller kannte Oskar Pastior in den Jahren nach dessen R\u00fcckkehr von der Zwangsarbeit in der Sowjet<\/em><em>union, als der Dichter sein Brot als Rundfunkreporter verdiente. Frieder Schuller lernte aber auch die Durch- triebenheit der Securitate-<\/em><em>Mitarbeiter kennen. <\/em><br \/>\n<em>Das heikle Sujet um Widerstand, Erpressbarkeit, W\u00fcrde, Not, Kompromiss, Verstrickung und Mitl\u00e4ufertum in einem totalit\u00e4ren Regime mit vergifteten Tentakeln versetzte der Autor in ein Skript, in das die Lyriksprache von Pastior und auch Gedichte von ihm einflossen. <\/em><br \/>\n<em>\u201eIch bin Schriftsteller, au\u00dferhalb meiner Gedichte existiere ich nicht\u201c, verk\u00fcndet Ossi. Eine verzweifelte Ausflucht?! <\/em><br \/>\n<em>Die Darstellung des Spannungsfeldes zwischen dem Streben, Literatur zu schreiben, und den Kompromissen, die eingegangen wurden, um ver\u00f6ffentlichen zu d\u00fcrfen, ist gelungen. <\/em><br \/>\n<em>Das Drama erlebt seinen H\u00f6hepunkt und das Ende mit der Vergewaltigung der Poesie durch den in Offiziersuniform gekleideten Genossen Dan, w\u00e4hrend der Dichter mundtot gemacht wird: <\/em><br \/>\n<em>Handlanger Paul presst ihm eine Zeitung auf den Mund. <\/em><br \/>\n<em>Geworfen wird kein Stein auf Ossi in der Inszenierung in Hermannstadt. Gezeigt wird der Stolperweg eines genialen Dichters und Menschen in Grenzsituationen.<\/em><br \/>\nHannelore Baier<\/p>\n<p>Lieferbare Titel von <a href=\"https:\/\/wp.pop-verlag.com\/?page_id=962\"><strong>Frieder Schuller<\/strong><\/a><strong>: <\/strong><\/p>\n<p>&#8211; <strong>\u201e<a href=\"http:\/\/wp.pop-verlag.com\/?p=941\" target=\"_blank\" rel=\"noopener\">Heimat \u2013 gerettete Zunge. Visionen und Fiktionen deutschsprachiger Autoren aus Rum\u00e4nien<\/a>\u201c, 2013,\u00a0Eine literarische Begegnung. Mit einem Vorwort von Prof. Dr. Wolfgang Schlott. <a href=\"http:\/\/wp.pop-verlag.com\/?page_id=734\">Horst Samson<\/a> (Hrsg.), <span class=\"readonlyText\">Ingmar Brantsch,<\/span><span class=\"readonlyText\">Hans Bergel, Walter <\/span><span class=\"readonlyText\">Engel,Ilse <\/span><span class=\"readonlyText\">Hehn, Franz <\/span><span class=\"readonlyText\">Heinz, Klaus <\/span><span class=\"readonlyText\">Hensel, Franz <\/span><span class=\"readonlyText\">Hodjak, Johann <\/span><span class=\"readonlyText\">Lippet, <\/span><label class=\"control-label\"><\/label><span class=\"readonlyText\">Dieter Schlesak, Olivia <\/span><span class=\"readonlyText\">Spiridon, <\/span><span class=\"readonlyText\">Horst Samson, <\/span><span class=\"readonlyText\">Peter Motzan, <\/span><span class=\"readonlyText\">Gerhard Ortinau,\u00a0<\/span><span class=\"readonlyText\">Friedrich Schuller, <\/span><span class=\"readonlyText\">Hellmut Seiler, Balthasar <\/span><span class=\"readonlyText\">Waitz<\/span><\/strong>:<strong>\u00a0<\/strong> Heimat \u2013 gerettete Zunge. Visionen und Fiktionen deutschsprachiger Autoren aus Rum\u00e4nien.\u00a0 (UNIVERSITAS Sammlung) 373 S. ISBN:\u00a0 978-3-86356-051-5, \u20ac [D] 25,\u2013 \u20ac [AT] 25,\u2013 SFr [CH] 35,-<\/p>\n<p>&#8211; <a href=\"https:\/\/wp.pop-verlag.com\/?p=5313\"><strong>Ossis Stein. Zwei Theaterst\u00fccke<\/strong><\/a>. Reihe Theater Bd. 3; ISBN: 978-3-86356-305-9; 175 Seiten, \u20ac[D]16,50<\/p>\n<p>&nbsp;<\/p>\n","protected":false},"excerpt":{"rendered":"<p>Frieder Schuller: Ossis Stein. Zwei Theaterst\u00fccke. Reihe Theater Bd. 3; ISBN: 978-3-86356-305-9; 175 Seiten, \u20ac[D]16,50 \u201eOssis Stein oder Der werfe das erste Buch\u201c erlebte 2012 am Radu-Stanca-Nationaltheater in Hermannstadt\/ Sibiu seine Urauff\u00fchrung. In der Heimatstadt des 1926 geborenen Oskar Pastior, &hellip; <a class=\"more-link\" href=\"https:\/\/wp.pop-verlag.com\/?p=5313\">Weiterlesen <span class=\"meta-nav\">&rarr;<\/span><\/a><\/p>\n","protected":false},"author":2,"featured_media":0,"comment_status":"closed","ping_status":"closed","sticky":false,"template":"","format":"standard","meta":{"_jetpack_memberships_contains_paid_content":false,"footnotes":""},"categories":[231,21,20,23,218,1],"tags":[],"class_list":["post-5313","post","type-post","status-publish","format-standard","hentry","category-e-erscheinungsjahr-2020","category-deutsch-rumaenische-literatur","category-deutsche-literatur","category-ost-suedosteuropaeische-literatur","category-theater","category-uncategorized"],"jetpack_sharing_enabled":true,"jetpack_featured_media_url":"","_links":{"self":[{"href":"https:\/\/wp.pop-verlag.com\/index.php?rest_route=\/wp\/v2\/posts\/5313","targetHints":{"allow":["GET"]}}],"collection":[{"href":"https:\/\/wp.pop-verlag.com\/index.php?rest_route=\/wp\/v2\/posts"}],"about":[{"href":"https:\/\/wp.pop-verlag.com\/index.php?rest_route=\/wp\/v2\/types\/post"}],"author":[{"embeddable":true,"href":"https:\/\/wp.pop-verlag.com\/index.php?rest_route=\/wp\/v2\/users\/2"}],"replies":[{"embeddable":true,"href":"https:\/\/wp.pop-verlag.com\/index.php?rest_route=%2Fwp%2Fv2%2Fcomments&post=5313"}],"version-history":[{"count":6,"href":"https:\/\/wp.pop-verlag.com\/index.php?rest_route=\/wp\/v2\/posts\/5313\/revisions"}],"predecessor-version":[{"id":5399,"href":"https:\/\/wp.pop-verlag.com\/index.php?rest_route=\/wp\/v2\/posts\/5313\/revisions\/5399"}],"wp:attachment":[{"href":"https:\/\/wp.pop-verlag.com\/index.php?rest_route=%2Fwp%2Fv2%2Fmedia&parent=5313"}],"wp:term":[{"taxonomy":"category","embeddable":true,"href":"https:\/\/wp.pop-verlag.com\/index.php?rest_route=%2Fwp%2Fv2%2Fcategories&post=5313"},{"taxonomy":"post_tag","embeddable":true,"href":"https:\/\/wp.pop-verlag.com\/index.php?rest_route=%2Fwp%2Fv2%2Ftags&post=5313"}],"curies":[{"name":"wp","href":"https:\/\/api.w.org\/{rel}","templated":true}]}}