{"id":519,"date":"2015-08-31T07:24:17","date_gmt":"2015-08-31T07:24:17","guid":{"rendered":"http:\/\/wp.pop-verlag.com\/?p=519"},"modified":"2017-10-08T08:23:00","modified_gmt":"2017-10-08T08:23:00","slug":"ilse-hehn-tage-ost-west","status":"publish","type":"post","link":"https:\/\/wp.pop-verlag.com\/?p=519","title":{"rendered":"Ilse Hehn: &#8222;Tage Ost &#8211; West&#8220;"},"content":{"rendered":"<p><a href=\"http:\/\/wp.pop-verlag.com\/wp-content\/uploads\/2015\/08\/ilsehehn_tage.jpg\"><img loading=\"lazy\" decoding=\"async\" class=\"alignleft wp-image-504 size-medium\" src=\"http:\/\/wp.pop-verlag.com\/wp-content\/uploads\/2015\/08\/ilsehehn_tage-210x300.jpg\" alt=\"ilsehehn_tage\" width=\"210\" height=\"300\" \/><\/a><\/p>\n<p>Ilse Hehn: &#8222;Tage Ost &#8211; West&#8220;<br \/>\nGedichte und \u00dcberschreibungen<\/p>\n<p>Pop Lyrik<\/p>\n<p>106 Seiten, 17,80 Euro<br \/>\nISBN 978-3-86356-104-8<\/p>\n<p><strong>Stimmen:<\/strong><\/p>\n<p>Ilse Hehns Bekenntnis \u201eMein Land kommt als \u00dcberraschung von Osten her\u201c l\u00e4sst die Dinge und Stimmungsbilder ihrer Gedichte besser erkl\u00e4ren: die Heimat, das Land, die Stadt, die Jahreszeit, den Fluss, das Delta, die Fremde. Vertraute Orte, Pl\u00e4tze, Bilder und Menschen begleiten die aus dem Banat stammende Dichterin und K\u00fcnstlerin auf ihrer literarischen Reise in den Gedichten \u00fcber ihre Urheimat Rum\u00e4nien nach Ulm, wo sie lebt, und in die Fremde, die zum Fluchtpunkt wird. In ihren sogenannten \u201e\u00dcberschreibungen\u201c durchkreuzt die Schrift das fotografische Bild und unterstreicht somit die Interaktion zwischen Schrift und Bild und l\u00e4sst den Leser teilnehmen an diesem \u201eweiten Gef\u00fchl dieses Spiels, da wir zur\u00fcckfallen in uns und staunen\u201c. Von \u201ekleinen Fernen\u201c zu gro\u00dfen Bildern faszinieren die bunten, anregenden Gedicht- und Bild-Streifz\u00fcge der vielfach ausgezeichneten Dichterin und K\u00fcnstlerin Ilse Hehn.<br \/>\n<strong>Katharina Kilzer<\/strong><\/p>\n<p>&nbsp;<\/p>\n<p>Lieferbare Titel von <strong><a href=\"http:\/\/wp.pop-verlag.com\/?page_id=579\">Ilse Hehn<\/a><\/strong>:<\/p>\n<ul>\n<li><a href=\"http:\/\/wp.pop-verlag.com\/?p=519\"><strong>\u201eTage Ost \u2013 West\u201c<\/strong><\/a>. Gedichte und \u00dcberschreibungen.Pop Lyrik.106 Seiten, ISBN 978-3-86356-104-8, 17,80 \u20ac<\/li>\n<\/ul>\n<ul>\n<li><strong><a href=\"http:\/\/wp.pop-verlag.com\/?page_id=1683\">Heidrun Hamersky<\/a>, <a href=\"http:\/\/wp.pop-verlag.com\/?page_id=579\">Ilse Hehn,<\/a> <a href=\"http:\/\/wp.pop-verlag.com\/?page_id=1681\">Wolfgang Schlott<\/a> (Hrsg.): <a href=\"http:\/\/wp.pop-verlag.com\/?p=1678\">\u201eDie Sehnsucht, die ist mir so leicht\u201c Schreiben im Exil. <\/a><\/strong>Fragmentarium; 282 Seiten, 19,90 \u20ac<br \/>\nISBN 978-3-86356-131-4<\/li>\n<li><strong><a href=\"http:\/\/wp.pop-verlag.com\/?page_id=1105\">Johanna Anderka<\/a>: <a href=\"http:\/\/wp.pop-verlag.com\/?p=2003\">\u201eDIE WIRKLICHKEIT DER BILDER\u201c. <\/a><\/strong>Gedichte. Mit eine Monotypie und ein Aquarell von<strong><a href=\"http:\/\/wp.pop-verlag.com\/?page_id=579\">Ilse Hehn<\/a><\/strong>. Pop Lyrik. 68 Seiten, ISBN: 978-3-86356-147-5, 14,50\u20ac<\/li>\n<\/ul>\n<ul>\n<li><a href=\"http:\/\/wp.pop-verlag.com\/?page_id=2336\"><strong>Anneliese Merkel<\/strong><\/a>: <strong><a href=\"http:\/\/wp.pop-verlag.com\/?p=2331\">K\u00e4me ein Wort<\/a><\/strong>. Gedichte. Mit vier Arbeiten von<strong><a href=\"http:\/\/wp.pop-verlag.com\/?page_id=579\">Ilse Hehn<\/a><\/strong>.Pop Lyrik. ISBN: 978-3-86356-161-1, 72 Seiten, 14,50\u20ac<\/li>\n<\/ul>\n","protected":false},"excerpt":{"rendered":"<p>Ilse Hehn: &#8222;Tage Ost &#8211; West&#8220; Gedichte und \u00dcberschreibungen Pop Lyrik 106 Seiten, 17,80 Euro ISBN 978-3-86356-104-8 Stimmen: Ilse Hehns Bekenntnis \u201eMein Land kommt als \u00dcberraschung von Osten her\u201c l\u00e4sst die Dinge und Stimmungsbilder ihrer Gedichte besser erkl\u00e4ren: die Heimat, &hellip; <a class=\"more-link\" href=\"https:\/\/wp.pop-verlag.com\/?p=519\">Weiterlesen <span class=\"meta-nav\">&rarr;<\/span><\/a><\/p>\n","protected":false},"author":1,"featured_media":0,"comment_status":"closed","ping_status":"closed","sticky":false,"template":"","format":"standard","meta":{"_jetpack_memberships_contains_paid_content":false,"footnotes":""},"categories":[19,21,8],"tags":[93,198],"class_list":["post-519","post","type-post","status-publish","format-standard","hentry","category-erscheinungsjahr-2015","category-deutsch-rumaenische-literatur","category-pop-lyrik","tag-ilse-hehn","tag-tage-ost-west"],"jetpack_sharing_enabled":true,"jetpack_featured_media_url":"","_links":{"self":[{"href":"https:\/\/wp.pop-verlag.com\/index.php?rest_route=\/wp\/v2\/posts\/519","targetHints":{"allow":["GET"]}}],"collection":[{"href":"https:\/\/wp.pop-verlag.com\/index.php?rest_route=\/wp\/v2\/posts"}],"about":[{"href":"https:\/\/wp.pop-verlag.com\/index.php?rest_route=\/wp\/v2\/types\/post"}],"author":[{"embeddable":true,"href":"https:\/\/wp.pop-verlag.com\/index.php?rest_route=\/wp\/v2\/users\/1"}],"replies":[{"embeddable":true,"href":"https:\/\/wp.pop-verlag.com\/index.php?rest_route=%2Fwp%2Fv2%2Fcomments&post=519"}],"version-history":[{"count":9,"href":"https:\/\/wp.pop-verlag.com\/index.php?rest_route=\/wp\/v2\/posts\/519\/revisions"}],"predecessor-version":[{"id":2348,"href":"https:\/\/wp.pop-verlag.com\/index.php?rest_route=\/wp\/v2\/posts\/519\/revisions\/2348"}],"wp:attachment":[{"href":"https:\/\/wp.pop-verlag.com\/index.php?rest_route=%2Fwp%2Fv2%2Fmedia&parent=519"}],"wp:term":[{"taxonomy":"category","embeddable":true,"href":"https:\/\/wp.pop-verlag.com\/index.php?rest_route=%2Fwp%2Fv2%2Fcategories&post=519"},{"taxonomy":"post_tag","embeddable":true,"href":"https:\/\/wp.pop-verlag.com\/index.php?rest_route=%2Fwp%2Fv2%2Ftags&post=519"}],"curies":[{"name":"wp","href":"https:\/\/api.w.org\/{rel}","templated":true}]}}