{"id":5187,"date":"2020-05-24T12:18:21","date_gmt":"2020-05-24T12:18:21","guid":{"rendered":"https:\/\/wp.pop-verlag.com\/?p=5187"},"modified":"2022-03-21T08:22:43","modified_gmt":"2022-03-21T08:22:43","slug":"anton-sterbling-klimadelirium-und-andere-furchtbare-erzaehlungen","status":"publish","type":"post","link":"https:\/\/wp.pop-verlag.com\/?p=5187","title":{"rendered":"Anton Sterbling: Klimadelirium und andere furchtbare Erz\u00e4hlungen"},"content":{"rendered":"<p><strong><a href=\"https:\/\/wp.pop-verlag.com\/?3d-flip-book=978-3-86356-303-5_bub\" target=\"_blank\" rel=\"noopener\"><img loading=\"lazy\" decoding=\"async\" class=\"alignleft size-medium wp-image-5190\" src=\"https:\/\/wp.pop-verlag.com\/wp-content\/uploads\/2020\/05\/978-3-86356-303-5_BuB_A-191x300.jpg\" alt=\"\" width=\"191\" height=\"300\" srcset=\"https:\/\/wp.pop-verlag.com\/wp-content\/uploads\/2020\/05\/978-3-86356-303-5_BuB_A-191x300.jpg 191w, https:\/\/wp.pop-verlag.com\/wp-content\/uploads\/2020\/05\/978-3-86356-303-5_BuB_A-768x1206.jpg 768w, https:\/\/wp.pop-verlag.com\/wp-content\/uploads\/2020\/05\/978-3-86356-303-5_BuB_A-652x1024.jpg 652w, https:\/\/wp.pop-verlag.com\/wp-content\/uploads\/2020\/05\/978-3-86356-303-5_BuB_A.jpg 1654w\" sizes=\"auto, (max-width: 191px) 100vw, 191px\" \/><\/a><img loading=\"lazy\" decoding=\"async\" class=\"alignleft size-medium wp-image-5191\" src=\"https:\/\/wp.pop-verlag.com\/wp-content\/uploads\/2020\/05\/978-3-86356-303-5_B-210x300.jpg\" alt=\"\" width=\"210\" height=\"300\" srcset=\"https:\/\/wp.pop-verlag.com\/wp-content\/uploads\/2020\/05\/978-3-86356-303-5_B-210x300.jpg 210w, https:\/\/wp.pop-verlag.com\/wp-content\/uploads\/2020\/05\/978-3-86356-303-5_B-768x1097.jpg 768w, https:\/\/wp.pop-verlag.com\/wp-content\/uploads\/2020\/05\/978-3-86356-303-5_B-717x1024.jpg 717w, https:\/\/wp.pop-verlag.com\/wp-content\/uploads\/2020\/05\/978-3-86356-303-5_B.jpg 1654w\" sizes=\"auto, (max-width: 210px) 100vw, 210px\" \/><a href=\"http:\/\/wp.pop-verlag.com\/?page_id=2593\">Anton Sterbling<\/a>: <a href=\"https:\/\/wp.pop-verlag.com\/?p=5187\">Klimadelirium und andere furchtbare Erz\u00e4hlungen<\/a><\/strong>. Reihe Epik Bd. 113; ISBN: 978-3-86356-303-5; 244 Seiten, \u20ac[D]16,90<\/p>\n<p>Ein M\u00f6nch, der nach einem Pakt mit dem Teufel ewig lebt, der jahrhundertelang durch die schwerm\u00fctige Geschichte des Balkans irrt und zugleich weit in eine bizarre Zukunft der Welt blickt. Ein Amerikaheimkehrer und Gro\u00dfbauer, der mit dem kommunistischen Regime zum Kutscher wird und dessen jahrzehntelang verwirrte Nachbarin, die beide pl\u00f6tzlich unter einen Mordverdacht geraten. Ein leitender Angestellter einer internatio\u00adnalen Versicherung, der seine Securitateakten erh\u00e4lt und in gro\u00dfe Verwirrungen ger\u00e4t. Ein Junior-Professor und eine polnische Studentin, die sich an einem Nacktbadestrand zwei sehr unterschiedliche Geschichten aus der Vergangenheit und Gegenwart erz\u00e4hlen. Schlie\u00dflich ein Professor der fr\u00fchneuzeitlichen Literatur, den der Begriff \u201eKlimadeli\u00adrium\u201c intellektuell herausfordert und zugleich aus den gewohnten Lebensbahnen bringt. F\u00fcnf Erz\u00e4hlungen, die \u00fcber einige Motive und einzelne Gestalten locker miteinander verstrickt sind und die alle irgendwie mit dem Balkan und vor allem mit denkw\u00fcrdigen Fragen des menschlichen Lebens zu tun haben.<\/p>\n<p>Lieferbare Titel von<a href=\"http:\/\/wp.pop-verlag.com\/?page_id=2593\"><strong>\u00a0Anton Sterbling<\/strong><\/a>:<\/p>\n<ul>\n<li><strong><a href=\"http:\/\/wp.pop-verlag.com\/?p=470\">\u201eGrenzg\u00e4nge, Heimat, Wanderungen<\/a><\/strong>\u201c . Narrative \u00fcber das zerbrochene. Sinnmuster der Vergangenheit. ISBN 978-3-86356-054-6, 170 Seiten, \u20ac[D]14,80<\/li>\n<li><strong>Horst Samson<\/strong> <strong>&amp; <a href=\"http:\/\/wp.pop-verlag.com\/?page_id=2593\">Anton Sterbling<\/a><\/strong> (Hrsg.):<a href=\"http:\/\/wp.pop-verlag.com\/?p=2670\"><strong> \u201eDie Sprache, die auf das Nichts folgt, die kennen wir nicht. S\u00e4tze und Texte f\u00fcr Richard Wagner.\u201c<\/strong> <\/a>Mit Grafiken und Malereien von Walter Andreas Kirchner. Fragmentarium Reihe. 320 Seiten,\u00a0ISBN: 978-3-86356-174-1,\u00a0 \u20ac[D] 23,00<\/li>\n<li><strong>\u00dcber deutsche Dichter, Schriftsteller und Intellektuelle aus Rum\u00e4nien. <\/strong>Autorenportraits, Essays und Rezensionen.<a href=\"https:\/\/wp.pop-verlag.com\/?p=2670\">Richard Wagner<\/a>, Herta M\u00fcller, Paul Schuster, <a href=\"https:\/\/wp.pop-verlag.com\/?page_id=742\">Johann Lippet<\/a>, <a href=\"https:\/\/wp.pop-verlag.com\/?page_id=964\">Hellmut Seiler<\/a>, <a href=\"https:\/\/wp.pop-verlag.com\/?page_id=734\">Horst Samson<\/a>, Ilse Hehn,\u00a0Werner Kremm.Pop Universitas, Bd. 14, ISBN 978-3-86356-251-9, 216 Seiten, \u20ac[D]16,50<\/li>\n<li><strong><a href=\"https:\/\/wp.pop-verlag.com\/?p=4566\">Entr\u00fcckung in den Kopfstand<\/a><\/strong>. Gedichte und Texte 1968 bis 2019. Lyrikreihe Bd. 141; ISBN 978-3-86356-283-0; 141 Seiten, \u20ac[D]15,00<\/li>\n<li><strong><a href=\"https:\/\/wp.pop-verlag.com\/?p=5187\">Klimadelirium und andere furchtbare Erz\u00e4hlungen<\/a><\/strong>. Reihe Epik Bd. 113; ISBN: 978-3-86356-303-5; 244 Seiten, \u20ac[D]16,90<\/li>\n<li><strong><a href=\"https:\/\/wp.pop-verlag.com\/?p=5611\">Die versunkene Republik.\u00a0<\/a><\/strong>Erz\u00e4hlungen. Reihe: EPIK, Bd. 119. ISBN 978-3-86356-321-9, Pop Verlag, Ludwigsburg 2021, 280 Seiten. \u20ac[D]18,50.<\/li>\n<li><a href=\"https:\/\/wp.pop-verlag.com\/?p=6152\"><strong>Ende einer Pandemie und weitere Erz\u00e4hlungen<\/strong><\/a>. Kartoniert mit Schutzumschlag (bedruckt).\u00a0 Reihe Epik Bd. 131; ISBN: 978-3-86356-357-8; 183 Seiten, \u20ac[D]16,50<\/li>\n<\/ul>\n<p>&nbsp;<\/p>\n","protected":false},"excerpt":{"rendered":"<p>Anton Sterbling: Klimadelirium und andere furchtbare Erz\u00e4hlungen. Reihe Epik Bd. 113; ISBN: 978-3-86356-303-5; 244 Seiten, \u20ac[D]16,90 Ein M\u00f6nch, der nach einem Pakt mit dem Teufel ewig lebt, der jahrhundertelang durch die schwerm\u00fctige Geschichte des Balkans irrt und zugleich weit in &hellip; <a class=\"more-link\" href=\"https:\/\/wp.pop-verlag.com\/?p=5187\">Weiterlesen <span class=\"meta-nav\">&rarr;<\/span><\/a><\/p>\n","protected":false},"author":2,"featured_media":0,"comment_status":"closed","ping_status":"closed","sticky":false,"template":"","format":"standard","meta":{"_jetpack_memberships_contains_paid_content":false,"footnotes":""},"categories":[231,20,22,9],"tags":[349,409,567,352,350,354,348,239,353,564,360,568,361,570,565,346,569,355,347,566,271,244,351,245,358,345,303,359,357,356],"class_list":["post-5187","post","type-post","status-publish","format-standard","hentry","category-e-erscheinungsjahr-2020","category-deutsche-literatur","category-rumaenische-literatur","category-pop-epik","tag-aktionsgruppe-banat","tag-anton-sterbling","tag-aussiedlerfamilie","tag-banater-republik","tag-banater-schwaben","tag-baraganverschleppung","tag-berner-zeitung","tag-ceausescu","tag-deportation","tag-erfahrungen","tag-exil","tag-freiheit","tag-gefaengnis","tag-grenzfahrt","tag-heimsuchungen","tag-herta-mueller","tag-liebesgluecks","tag-militaerdienst","tag-osteuropa","tag-politischen-aktivisten","tag-pop-verlag","tag-rumaenien","tag-rumaeniendeutsche-literatur","tag-securitate","tag-suedosteuropa","tag-timisoara","tag-traian-pop","tag-vergangenheit","tag-zweiten-weltkrieg","tag-zwischenkriegszeit"],"jetpack_sharing_enabled":true,"jetpack_featured_media_url":"","_links":{"self":[{"href":"https:\/\/wp.pop-verlag.com\/index.php?rest_route=\/wp\/v2\/posts\/5187","targetHints":{"allow":["GET"]}}],"collection":[{"href":"https:\/\/wp.pop-verlag.com\/index.php?rest_route=\/wp\/v2\/posts"}],"about":[{"href":"https:\/\/wp.pop-verlag.com\/index.php?rest_route=\/wp\/v2\/types\/post"}],"author":[{"embeddable":true,"href":"https:\/\/wp.pop-verlag.com\/index.php?rest_route=\/wp\/v2\/users\/2"}],"replies":[{"embeddable":true,"href":"https:\/\/wp.pop-verlag.com\/index.php?rest_route=%2Fwp%2Fv2%2Fcomments&post=5187"}],"version-history":[{"count":10,"href":"https:\/\/wp.pop-verlag.com\/index.php?rest_route=\/wp\/v2\/posts\/5187\/revisions"}],"predecessor-version":[{"id":6174,"href":"https:\/\/wp.pop-verlag.com\/index.php?rest_route=\/wp\/v2\/posts\/5187\/revisions\/6174"}],"wp:attachment":[{"href":"https:\/\/wp.pop-verlag.com\/index.php?rest_route=%2Fwp%2Fv2%2Fmedia&parent=5187"}],"wp:term":[{"taxonomy":"category","embeddable":true,"href":"https:\/\/wp.pop-verlag.com\/index.php?rest_route=%2Fwp%2Fv2%2Fcategories&post=5187"},{"taxonomy":"post_tag","embeddable":true,"href":"https:\/\/wp.pop-verlag.com\/index.php?rest_route=%2Fwp%2Fv2%2Ftags&post=5187"}],"curies":[{"name":"wp","href":"https:\/\/api.w.org\/{rel}","templated":true}]}}