{"id":511,"date":"2015-08-31T07:13:40","date_gmt":"2015-08-31T07:13:40","guid":{"rendered":"http:\/\/wp.pop-verlag.com\/?p=511"},"modified":"2015-08-31T07:42:50","modified_gmt":"2015-08-31T07:42:50","slug":"theodor-damian-ein-fallen-selbst-in-steigen","status":"publish","type":"post","link":"https:\/\/wp.pop-verlag.com\/?p=511","title":{"rendered":"Theodor Damian: &#8222;Ein Fallen selbst in Steigen&#8220;"},"content":{"rendered":"<p><a href=\"http:\/\/wp.pop-verlag.com\/wp-content\/uploads\/2015\/08\/damiantheodor_einfallen.jpg\"><img loading=\"lazy\" decoding=\"async\" class=\"alignnone size-medium wp-image-507\" src=\"http:\/\/wp.pop-verlag.com\/wp-content\/uploads\/2015\/08\/damiantheodor_einfallen-203x300.jpg\" alt=\"damiantheodor_einfallen\" width=\"203\" height=\"300\" \/><\/a><\/p>\n<p>Theodor Damian: &#8222;Ein Fallen selbst im Steigen&#8220;<br \/>\nGedichte. Aus dem Rum\u00e4nischen \u00fcbersetzt von Mike Fr\u00f6hlich<\/p>\n<p>Pop Lyrik<\/p>\n<p>87 Seiten, 15,99 Euro<br \/>\nISBN 978-3-86356-611-61<\/p>\n<p><strong>Stimmen:<\/strong><\/p>\n<p>Die Lyrik Theodor Damians ist vorwiegend gepr\u00e4gt von Erkenntnissen mitten in der existenziellen, dramatischen Erfahrung \u2013 wie in \u201eSemnul Isar\/ The Isar Sign\u201c \u2013 mit dem Vorteil, sich nie in der Gnosis zu verirren. Wir haben es hier mit einem tiefgr\u00fcndigen Denker und Dichter zu tun, der sich hoffentlich schon jetzt als eine kanonische Singularit\u00e4t auf dem viel- schichtigen und reichen Gebiet der rum\u00e4nischen Lyrik andeutet.<br \/>\n<strong>Theodor Codreaunu<\/p>\n<p><\/strong>Mir wurde schlie\u00dflich auch offenbart, wie sich die tiefreligi\u00f6se Ausdauer im Wandeln durch die unsichere und vage Zone des Wiedererwachens zum bewussten Leben durch den Reanimationsprozess nach einem gr\u00f6\u00dferen chirurgischen Eingriff gestaltet. Der poetische Diskurs ist frei von jeder Formgebundenheit \u2013 er ist eigentlich die Schilderung einiger Ersch\u00f6pfungs- und Desorientierungszust\u00e4nde, welche die fleischliche Schw\u00e4che begleiten.<strong><br \/>\nStefan Stoenescu <\/strong><\/p>\n","protected":false},"excerpt":{"rendered":"<p>Theodor Damian: &#8222;Ein Fallen selbst im Steigen&#8220; Gedichte. Aus dem Rum\u00e4nischen \u00fcbersetzt von Mike Fr\u00f6hlich Pop Lyrik 87 Seiten, 15,99 Euro ISBN 978-3-86356-611-61 Stimmen: Die Lyrik Theodor Damians ist vorwiegend gepr\u00e4gt von Erkenntnissen mitten in der existenziellen, dramatischen Erfahrung \u2013 &hellip; <a class=\"more-link\" href=\"https:\/\/wp.pop-verlag.com\/?p=511\">Weiterlesen <span class=\"meta-nav\">&rarr;<\/span><\/a><\/p>\n","protected":false},"author":1,"featured_media":0,"comment_status":"closed","ping_status":"closed","sticky":false,"template":"","format":"standard","meta":{"_jetpack_memberships_contains_paid_content":false,"footnotes":""},"categories":[19,22,8],"tags":[193,192],"class_list":["post-511","post","type-post","status-publish","format-standard","hentry","category-erscheinungsjahr-2015","category-rumaenische-literatur","category-pop-lyrik","tag-ein-fallen-selbst-im-steigen","tag-theodor-damian"],"jetpack_sharing_enabled":true,"jetpack_featured_media_url":"","_links":{"self":[{"href":"https:\/\/wp.pop-verlag.com\/index.php?rest_route=\/wp\/v2\/posts\/511","targetHints":{"allow":["GET"]}}],"collection":[{"href":"https:\/\/wp.pop-verlag.com\/index.php?rest_route=\/wp\/v2\/posts"}],"about":[{"href":"https:\/\/wp.pop-verlag.com\/index.php?rest_route=\/wp\/v2\/types\/post"}],"author":[{"embeddable":true,"href":"https:\/\/wp.pop-verlag.com\/index.php?rest_route=\/wp\/v2\/users\/1"}],"replies":[{"embeddable":true,"href":"https:\/\/wp.pop-verlag.com\/index.php?rest_route=%2Fwp%2Fv2%2Fcomments&post=511"}],"version-history":[{"count":5,"href":"https:\/\/wp.pop-verlag.com\/index.php?rest_route=\/wp\/v2\/posts\/511\/revisions"}],"predecessor-version":[{"id":529,"href":"https:\/\/wp.pop-verlag.com\/index.php?rest_route=\/wp\/v2\/posts\/511\/revisions\/529"}],"wp:attachment":[{"href":"https:\/\/wp.pop-verlag.com\/index.php?rest_route=%2Fwp%2Fv2%2Fmedia&parent=511"}],"wp:term":[{"taxonomy":"category","embeddable":true,"href":"https:\/\/wp.pop-verlag.com\/index.php?rest_route=%2Fwp%2Fv2%2Fcategories&post=511"},{"taxonomy":"post_tag","embeddable":true,"href":"https:\/\/wp.pop-verlag.com\/index.php?rest_route=%2Fwp%2Fv2%2Ftags&post=511"}],"curies":[{"name":"wp","href":"https:\/\/api.w.org\/{rel}","templated":true}]}}