{"id":4902,"date":"2020-03-21T07:50:23","date_gmt":"2020-03-21T07:50:23","guid":{"rendered":"https:\/\/wp.pop-verlag.com\/?p=4902"},"modified":"2020-03-21T14:55:09","modified_gmt":"2020-03-21T14:55:09","slug":"manfred-wolff-gespraeche-mit-niemand","status":"publish","type":"post","link":"https:\/\/wp.pop-verlag.com\/?p=4902","title":{"rendered":"Manfred Wolff: Gespr\u00e4che mit niemand"},"content":{"rendered":"<p><strong><img loading=\"lazy\" decoding=\"async\" class=\"alignleft wp-image-4906 size-medium\" src=\"https:\/\/wp.pop-verlag.com\/wp-content\/uploads\/2020\/03\/978-3-937139-59-3_A-209x300.gif\" alt=\"\" width=\"209\" height=\"300\" \/><a href=\"https:\/\/wp.pop-verlag.com\/?page_id=4857\">Manfred Wolff<\/a><\/strong>: <strong>Gespr\u00e4che mit niemand<\/strong>. Gedichte. Mit einem Nachwort von Mario Wirz. Reihe Lyrik Bd. 27, 90 Seiten. ISBN: 978-3-937139-59-3 \u20ac[D]12,80<\/p>\n<p>Manfred Wolff: \u201eGespr\u00e4che mit niemand\u201c<\/p>\n<p>Manfred Wolff legt mit seinem ersten Gedichtband \u201eGespr\u00e4che mit niemand\u201c ein vielseitiges Buch vor. Er spannt einen Bogen von religi\u00f6ser Mystik bis zum frivolen Chanson.<\/p>\n<p>In den \u201eGespr\u00e4chen mit niemand\u201c sp\u00fcrt Wolff dem Geheimnis des Allgegenw\u00e4rtigen nach, das ihm in dem Freiheitserlebnis der j\u00fcdischen Theologie ebenso wie im menschlichen Miteinander, in der Sch\u00f6nheit der Natur wie in den Spuren des Alltags begegnet, wo er zu aktuellen Fragen Stellung bezieht. Dabei lotet er aus: was kann ich wissen, was kann ich tun, was kann ich tr\u00e4umen?<\/p>\n<p>Die \u201eKaschubischen Oden\u201c, die in zahlreichen Urlauben in der Kaschubei (Polen) entstanden sind, zeichnen ein Bild der Landschaft, der Sorgen dieses oft vergessenen Volkes und reflektieren die Geschichte der Kaschuben.<\/p>\n<p>Das \u201eLiederbuch f\u00fcr Ursula\u201c ist ein Kranz von Chansons. Teils melancholisch und besinnlich, teils frivol und kess loten sie Gedanken und Gef\u00fchle einer Frau in den besten Jahren aus.<\/p>\n<p>Manfred Wolff wurde 1941 in Braunschweig geboren, studierte klassische Philologie und Philosophie, lebt seit 2006 in Berlin. Er \u00fcbersetzt zusammen mit seiner Frau aus dem Polnischen, zuletzt Jan Goczol: \u201eDie abgewandte Seite des Mondes\u201c, POP Verlag (LYRIK-Sammlung) 2008 und Anna Mieszkowska: \u201eDie Mutter der Holocaust-Kinder. Irena Sendler und die geretteten Kinder aus dem Warschauer Ghetto\u201c, DVA 2006.<\/p>\n<p>Manfred Wolff: Gespr\u00e4che mit niemand. Gedichte. Mit einem Nachwort von Mario Wirz, POP Verlag\u00a0 Ludwigsburg, 2008, ISBN 978-3-937139-59-3, 89 S., 12,80 \u20ac<\/p>\n<p>Lieferbare Titel von <strong><a href=\"https:\/\/wp.pop-verlag.com\/?page_id=4857\">Manfred Wolff<\/a><\/strong>:<\/p>\n<ul>\n<li><a href=\"https:\/\/wp.pop-verlag.com\/?page_id=2605\"><strong>Jan Goczol<\/strong><\/a>: <a href=\"https:\/\/wp.pop-verlag.com\/?p=2610\"><strong>Die abgewandte Seite des Mondes<\/strong><\/a>, Aus dem Polnischen \u00fcbersetzt von <strong>Urszula Usakowska-Wolff<\/strong> und Manfred Wolff und mit einem Nachwort versehen von Urszula Usakowska-Wolff. Reihe Lyrik Bd. 24, 122 Seiten, ISBN: 978-3-937139-48-7. \u20ac[D]18,80, 2008<\/li>\n<li><a href=\"https:\/\/wp.pop-verlag.com\/?p=4902\"><strong>Gespr\u00e4che mit niemand<\/strong><\/a>. Gedichte. Mit einem Nachwort von Mario Wirz. Reihe Lyrik Bd. 27, 90 Seiten. ISBN: 978-3-937139-59-3 \u20ac[D]12,80<\/li>\n<li><a href=\"https:\/\/wp.pop-verlag.com\/?page_id=4860\"><strong>Carl von B\u00fclow<\/strong><\/a>: <a href=\"https:\/\/wp.pop-verlag.com\/?p=4852\"><strong>Kriegsbriefe aus den Jahren 1870\u201371<\/strong>.<\/a> Gefunden, herausgegeben und mit einem Nachwort versehen von <a href=\"https:\/\/wp.pop-verlag.com\/?page_id=4857\">Manfred Wolff<\/a>. Reihe Historiae Bd.2, Kartoniert, mit Schutzumschlag (bedruckt), 4 Bilder, 231 Seiten, ISBN 978-3-86356-297-7, \u20ac[D]19,50<\/li>\n<\/ul>\n<p>&nbsp;<\/p>\n","protected":false},"excerpt":{"rendered":"<p>Manfred Wolff: Gespr\u00e4che mit niemand. Gedichte. Mit einem Nachwort von Mario Wirz. Reihe Lyrik Bd. 27, 90 Seiten. ISBN: 978-3-937139-59-3 \u20ac[D]12,80 Manfred Wolff: \u201eGespr\u00e4che mit niemand\u201c Manfred Wolff legt mit seinem ersten Gedichtband \u201eGespr\u00e4che mit niemand\u201c ein vielseitiges Buch vor. &hellip; <a class=\"more-link\" href=\"https:\/\/wp.pop-verlag.com\/?p=4902\">Weiterlesen <span class=\"meta-nav\">&rarr;<\/span><\/a><\/p>\n","protected":false},"author":2,"featured_media":0,"comment_status":"closed","ping_status":"closed","sticky":false,"template":"","format":"standard","meta":{"_jetpack_memberships_contains_paid_content":false,"footnotes":""},"categories":[38,20,8],"tags":[],"class_list":["post-4902","post","type-post","status-publish","format-standard","hentry","category-erscheinungsjahr-2008","category-deutsche-literatur","category-pop-lyrik"],"jetpack_sharing_enabled":true,"jetpack_featured_media_url":"","_links":{"self":[{"href":"https:\/\/wp.pop-verlag.com\/index.php?rest_route=\/wp\/v2\/posts\/4902","targetHints":{"allow":["GET"]}}],"collection":[{"href":"https:\/\/wp.pop-verlag.com\/index.php?rest_route=\/wp\/v2\/posts"}],"about":[{"href":"https:\/\/wp.pop-verlag.com\/index.php?rest_route=\/wp\/v2\/types\/post"}],"author":[{"embeddable":true,"href":"https:\/\/wp.pop-verlag.com\/index.php?rest_route=\/wp\/v2\/users\/2"}],"replies":[{"embeddable":true,"href":"https:\/\/wp.pop-verlag.com\/index.php?rest_route=%2Fwp%2Fv2%2Fcomments&post=4902"}],"version-history":[{"count":6,"href":"https:\/\/wp.pop-verlag.com\/index.php?rest_route=\/wp\/v2\/posts\/4902\/revisions"}],"predecessor-version":[{"id":4912,"href":"https:\/\/wp.pop-verlag.com\/index.php?rest_route=\/wp\/v2\/posts\/4902\/revisions\/4912"}],"wp:attachment":[{"href":"https:\/\/wp.pop-verlag.com\/index.php?rest_route=%2Fwp%2Fv2%2Fmedia&parent=4902"}],"wp:term":[{"taxonomy":"category","embeddable":true,"href":"https:\/\/wp.pop-verlag.com\/index.php?rest_route=%2Fwp%2Fv2%2Fcategories&post=4902"},{"taxonomy":"post_tag","embeddable":true,"href":"https:\/\/wp.pop-verlag.com\/index.php?rest_route=%2Fwp%2Fv2%2Ftags&post=4902"}],"curies":[{"name":"wp","href":"https:\/\/api.w.org\/{rel}","templated":true}]}}