{"id":4852,"date":"2020-03-05T06:43:26","date_gmt":"2020-03-05T06:43:26","guid":{"rendered":"https:\/\/wp.pop-verlag.com\/?p=4852"},"modified":"2020-03-21T15:24:59","modified_gmt":"2020-03-21T15:24:59","slug":"carl-von-buelow-kriegsbriefe-aus-den-jahren-1870-71","status":"publish","type":"post","link":"https:\/\/wp.pop-verlag.com\/?p=4852","title":{"rendered":"Carl von B\u00fclow: Kriegsbriefe aus den Jahren 1870\u201371"},"content":{"rendered":"<p><img loading=\"lazy\" decoding=\"async\" class=\"alignleft wp-image-4853 size-medium\" src=\"https:\/\/wp.pop-verlag.com\/wp-content\/uploads\/2020\/03\/978-3-86356-297-7_B-210x300.jpg\" alt=\"\" width=\"210\" height=\"300\" srcset=\"https:\/\/wp.pop-verlag.com\/wp-content\/uploads\/2020\/03\/978-3-86356-297-7_B-210x300.jpg 210w, https:\/\/wp.pop-verlag.com\/wp-content\/uploads\/2020\/03\/978-3-86356-297-7_B-768x1097.jpg 768w, https:\/\/wp.pop-verlag.com\/wp-content\/uploads\/2020\/03\/978-3-86356-297-7_B-717x1024.jpg 717w, https:\/\/wp.pop-verlag.com\/wp-content\/uploads\/2020\/03\/978-3-86356-297-7_B.jpg 1654w\" sizes=\"auto, (max-width: 210px) 100vw, 210px\" \/> <img loading=\"lazy\" decoding=\"async\" class=\"alignleft wp-image-4854 size-medium\" src=\"https:\/\/wp.pop-verlag.com\/wp-content\/uploads\/2020\/03\/978-3-86356-297-7_A-210x300.jpg\" alt=\"\" width=\"210\" height=\"300\" srcset=\"https:\/\/wp.pop-verlag.com\/wp-content\/uploads\/2020\/03\/978-3-86356-297-7_A-210x300.jpg 210w, https:\/\/wp.pop-verlag.com\/wp-content\/uploads\/2020\/03\/978-3-86356-297-7_A-768x1097.jpg 768w, https:\/\/wp.pop-verlag.com\/wp-content\/uploads\/2020\/03\/978-3-86356-297-7_A-717x1024.jpg 717w, https:\/\/wp.pop-verlag.com\/wp-content\/uploads\/2020\/03\/978-3-86356-297-7_A.jpg 1654w\" sizes=\"auto, (max-width: 210px) 100vw, 210px\" \/><a href=\"https:\/\/wp.pop-verlag.com\/?page_id=4860\"><strong>Carl von B\u00fclow<\/strong><\/a>:<a href=\"https:\/\/wp.pop-verlag.com\/?p=4852\"><strong> Kriegsbriefe aus den Jahren 1870\u201371<\/strong>.<\/a> Gefunden, herausgegeben und mit einem Nachwort versehen von <a href=\"https:\/\/wp.pop-verlag.com\/?page_id=4857\">Manfred Wolff<\/a>. Reihe Historiae Bd.2, Kartoniert, mit Schutzumschlag (bedruckt), 6 Bilder, 231 Seiten, ISBN 978-3-86356-297-7, \u20ac[D]19,50<\/p>\n<p>&nbsp;<\/p>\n<p>Sie als Buchhandels- bzw. Medienvertreter k\u00f6nnen jederzeit ein Ansichts- oder Rezensionsexemplar bei uns bestellen. M\u00f6chten Sie eine Lesung organisieren? Gerne nehmen wir Ihre Anfrage entgegen: t.pop@pop-verlag.com. Selbstverst\u00e4ndlich k\u00f6nnen Sie sich diesbez\u00fcglich auch direkt bei Manfred Wolff melden: manfredwolffma@web.de.<\/p>\n<p>Einen sehr denkw\u00fcrdigen und lesenswerten Schatz hat der Pop Verlag gefunden: <strong>Carl von B\u00fclow, <em>Kriegsbriefe aus den Jahren 1870\u20131871<\/em><\/strong>. Die Briefe des mecklenburgischen Oberleutnants aus dem deutsch-franz\u00f6sischen Krieg zeichnen sich als eine besondere Quelle aus. Sie sind keine Erinnerungen, die ja oft L\u00fccken aufweisen oder heroisierend erg\u00e4nzt werden. Carl von B\u00fclow schreibt nahezu t\u00e4glich an seine Frau und berichtet, was er in diesem Krieg erlebt, mit wem er zusammentrifft, in welchen Orten er sich aufh\u00e4lt, wie er Landschaften und Wetter wahrnimmt. Sein Leibkoch kommt ebenso zur Sprache wie der Gro\u00dfherzog. Humor und Empathie durchziehen die Briefe.<\/p>\n<p>Wenn sich in diesem Sommer der deutsch-franz\u00f6sische Krieg zum 150. Male j\u00e4hrt, werden in den Briefen Carl von B\u00fclows nicht die politischen Entscheidungen und die strategischen \u00dcberlegungen des Feldzugs analysiert. Der Leser nimmt teil an einem Kriegstheater, wie es heute nicht mehr m\u00f6glich ist, und dem immer wiederkehrenden Wunsch des Autors, dass doch endlich wieder Frieden herrsche.<\/p>\n<p><strong>Carl von B\u00fclow<\/strong> wurde am 22. Mai 1841 zu Toddin bei Hagenow geboren. Er besuchte das Gymnasium in Schwerin und trat 1859 in den mecklenburgisch-schwerinschen Milit\u00e4rdienst. 1860 wurde er Sekondeleutnant, nahm 1866 am Feldzug in S\u00fcddeutschland teil und wurde 1867 zum Premierleutnant bef\u00f6rdert. 1871 erfolgte seine Bef\u00f6rderung zum Hauptmann. 1870\u20131871 beteiligte er sich am deutsch-franz\u00f6sischen Krieg. Er wurde mit dem Eisernen Kreuz zweiter Klasse und dem mecklenburgischen Verdienstkreuz sowie dem Roten Adlerorden vierter Klasse ausgezeichnet. Carl von B\u00fclow verstarb am 4. Januar 1883 in Schwerin.<\/p>\n<p><strong>Manfred Wolff<\/strong> wurde am 9. Januar 1941 in Braunschweig geboren; wuchs in Sch\u00f6ningen auf, studierte Alte Sprachen, Geschichte, Philosophie und P\u00e4dagogik in Freiburg und G\u00f6ttingen und arbeitete danach in der Erwachsenenbildung. Mit\u00fcbersetzer von: Janusz Tazbir, <em>Polen an den Wendepunkten der Geschichte<\/em> (Gabriele Sch\u00e4fer Verlag) und Anna Mieszkowska, <em>Die Mutter der Holocaust-Kinder. Irena Sendler und die geretteten Kinder aus dem Warschauer Ghetto<\/em> (DVA). Im Pop Verlag ver\u00f6ffentlichte er \u00dcbersetzungen polnischer Lyrik sowie seinen Gedichtband <em>Gespr\u00e4che mit niemand<\/em> (2009). Er lebt in Berlin.<\/p>\n<p>&nbsp;<\/p>\n<p><span class=\"readonlyText multiple\">Lieferbare Titel von<\/span> <a href=\"https:\/\/wp.pop-verlag.com\/?page_id=4860\"><strong>Carl von B\u00fclow<\/strong><\/a>:<\/p>\n<p><a href=\"https:\/\/wp.pop-verlag.com\/?p=4852\"><strong>&#8211; Kriegsbriefe aus den Jahren 1870\u201371<\/strong>.<\/a> Gefunden, herausgegeben und mit einem Nachwort versehen von <a href=\"https:\/\/wp.pop-verlag.com\/?page_id=4857\">Manfred Wolff<\/a>. Reihe Historiae Bd.2, Kartoniert, mit Schutzumschlag (bedruckt), 4 Bilder, 231 Seiten, ISBN 978-3-86356-297-7, \u20ac[D]19,50<\/p>\n<p>Lieferbare Titel von <strong><a href=\"https:\/\/wp.pop-verlag.com\/?page_id=4857\">Manfred Wolff<\/a><\/strong>:<\/p>\n<ul>\n<li><a href=\"https:\/\/wp.pop-verlag.com\/?page_id=2605\"><strong>Jan Goczol<\/strong><\/a>: <a href=\"https:\/\/wp.pop-verlag.com\/?p=2610\"><strong>Die abgewandte Seite des Mondes<\/strong><\/a>, Aus dem Polnischen \u00fcbersetzt von <strong>Urszula Usakowska-Wolff<\/strong> und Manfred Wolff und mit einem Nachwort versehen von Urszula Usakowska-Wolff. Reihe Lyrik Bd. 24, 122 Seiten, ISBN: 978-3-937139-48-7. \u20ac[D]18,80, 2008<\/li>\n<li><a href=\"https:\/\/wp.pop-verlag.com\/?p=4902\"><strong>Gespr\u00e4che mit niemand<\/strong><\/a>. Gedichte. Mit einem Nachwort von Mario Wirz. Reihe Lyrik Bd. 27, 90 Seiten. ISBN: 978-3-937139-59-3 \u20ac[D]12,80<\/li>\n<li><a href=\"https:\/\/wp.pop-verlag.com\/?page_id=4860\"><strong>Carl von B\u00fclow<\/strong><\/a>: <a href=\"https:\/\/wp.pop-verlag.com\/?p=4852\"><strong>Kriegsbriefe aus den Jahren 1870\u201371<\/strong>.<\/a> Gefunden, herausgegeben und mit einem Nachwort versehen von <a href=\"https:\/\/wp.pop-verlag.com\/?page_id=4857\">Manfred Wolff<\/a>. Reihe Historiae Bd.2, Kartoniert, mit Schutzumschlag (bedruckt), 4 Bilder, 231 Seiten, ISBN 978-3-86356-297-7, \u20ac[D]19,50<\/li>\n<\/ul>\n","protected":false},"excerpt":{"rendered":"<p>Carl von B\u00fclow: Kriegsbriefe aus den Jahren 1870\u201371. Gefunden, herausgegeben und mit einem Nachwort versehen von Manfred Wolff. Reihe Historiae Bd.2, Kartoniert, mit Schutzumschlag (bedruckt), 6 Bilder, 231 Seiten, ISBN 978-3-86356-297-7, \u20ac[D]19,50 &nbsp; Sie als Buchhandels- bzw. Medienvertreter k\u00f6nnen jederzeit &hellip; <a class=\"more-link\" href=\"https:\/\/wp.pop-verlag.com\/?p=4852\">Weiterlesen <span class=\"meta-nav\">&rarr;<\/span><\/a><\/p>\n","protected":false},"author":2,"featured_media":0,"comment_status":"closed","ping_status":"closed","sticky":false,"template":"","format":"standard","meta":{"_jetpack_memberships_contains_paid_content":false,"footnotes":""},"categories":[231,232,1],"tags":[],"class_list":["post-4852","post","type-post","status-publish","format-standard","hentry","category-e-erscheinungsjahr-2020","category-p-historiae","category-uncategorized"],"jetpack_sharing_enabled":true,"jetpack_featured_media_url":"","_links":{"self":[{"href":"https:\/\/wp.pop-verlag.com\/index.php?rest_route=\/wp\/v2\/posts\/4852","targetHints":{"allow":["GET"]}}],"collection":[{"href":"https:\/\/wp.pop-verlag.com\/index.php?rest_route=\/wp\/v2\/posts"}],"about":[{"href":"https:\/\/wp.pop-verlag.com\/index.php?rest_route=\/wp\/v2\/types\/post"}],"author":[{"embeddable":true,"href":"https:\/\/wp.pop-verlag.com\/index.php?rest_route=\/wp\/v2\/users\/2"}],"replies":[{"embeddable":true,"href":"https:\/\/wp.pop-verlag.com\/index.php?rest_route=%2Fwp%2Fv2%2Fcomments&post=4852"}],"version-history":[{"count":8,"href":"https:\/\/wp.pop-verlag.com\/index.php?rest_route=\/wp\/v2\/posts\/4852\/revisions"}],"predecessor-version":[{"id":4914,"href":"https:\/\/wp.pop-verlag.com\/index.php?rest_route=\/wp\/v2\/posts\/4852\/revisions\/4914"}],"wp:attachment":[{"href":"https:\/\/wp.pop-verlag.com\/index.php?rest_route=%2Fwp%2Fv2%2Fmedia&parent=4852"}],"wp:term":[{"taxonomy":"category","embeddable":true,"href":"https:\/\/wp.pop-verlag.com\/index.php?rest_route=%2Fwp%2Fv2%2Fcategories&post=4852"},{"taxonomy":"post_tag","embeddable":true,"href":"https:\/\/wp.pop-verlag.com\/index.php?rest_route=%2Fwp%2Fv2%2Ftags&post=4852"}],"curies":[{"name":"wp","href":"https:\/\/api.w.org\/{rel}","templated":true}]}}