{"id":4841,"date":"2020-03-05T05:47:37","date_gmt":"2020-03-05T05:47:37","guid":{"rendered":"https:\/\/wp.pop-verlag.com\/?p=4841"},"modified":"2020-05-23T07:14:19","modified_gmt":"2020-05-23T07:14:19","slug":"zaertlichkeit-routine","status":"publish","type":"post","link":"https:\/\/wp.pop-verlag.com\/?p=4841","title":{"rendered":"Z\u00e4rtlichkeit, Routine"},"content":{"rendered":"<p><strong><a href=\"https:\/\/wp.pop-verlag.com\/?3d-flip-book=978-3-86356-203-8-bub\"><img loading=\"lazy\" decoding=\"async\" class=\"alignleft size-medium wp-image-5184\" src=\"https:\/\/wp.pop-verlag.com\/wp-content\/uploads\/2020\/03\/978-3-86356-203-8_Blick-ins-Buch-191x300.jpg\" alt=\"\" width=\"191\" height=\"300\" srcset=\"https:\/\/wp.pop-verlag.com\/wp-content\/uploads\/2020\/03\/978-3-86356-203-8_Blick-ins-Buch-191x300.jpg 191w, https:\/\/wp.pop-verlag.com\/wp-content\/uploads\/2020\/03\/978-3-86356-203-8_Blick-ins-Buch-768x1206.jpg 768w, https:\/\/wp.pop-verlag.com\/wp-content\/uploads\/2020\/03\/978-3-86356-203-8_Blick-ins-Buch-652x1024.jpg 652w, https:\/\/wp.pop-verlag.com\/wp-content\/uploads\/2020\/03\/978-3-86356-203-8_Blick-ins-Buch.jpg 1654w\" sizes=\"auto, (max-width: 191px) 100vw, 191px\" \/><\/a><span class=\"readonlyText multiple\"><a href=\"http:\/\/wp.pop-verlag.com\/?page_id=3027\">Emil Hurezeanu<\/a><\/span><\/strong>:<a href=\"https:\/\/wp.pop-verlag.com\/?p=4841\"><strong> Z\u00e4rtlichkeit, Routine \/ Tandre\u021be, rutin\u0103. Gedichte eines Knauserers 1979 \u2013 2019 \/ Poemele unui parcimonios 1979 \u2013 2019<\/strong><\/a>. Deutsch \/ Rum\u00e4nisch. Aus dem Rum\u00e4nischen von <a href=\"https:\/\/wp.pop-verlag.com\/?page_id=3571\"><strong>Georg Aescht<\/strong><\/a>. 342 Seiten, ISBN 978-3-86356-203-8, Reihe Lyrik Bd. 145, \u00a0\u20ac(D)25,50<\/p>\n<p>&nbsp;<\/p>\n<p><span style=\"color: #000080;\">Es geh\u00f6rt nicht geringer Mut dazu, dass ein Mann, der, wie in seiner Kurzbiographie zu lesen ist, \u00fcber Jahrzehnte in den medialen und politischen Feuern des ausgehen- den 20. und beginnenden 21. Jahrhunderts gestanden und seinen Mann gestanden hat, nach so langer und ereignisreicher Zeit seine lyrische Vergangenheit aufleben l\u00e4sst. Emil Hurezeanu war in den sp\u00e4ten Siebzigern und fr\u00fchen Achtzigern in Rum\u00e4nien, zumal in Siebenb\u00fcrgen, eine poetische Pr\u00e4senz ohnegleichen, wie ihm heute noch berufene Stimmen der ru- m\u00e4nischen literarischen \u00d6ffentlichkeit nachrufen. Dann lie\u00df er die Poesie ruhen, weil die Zeitl\u00e4ufte ihn nicht ruhen lie\u00dfen.<\/span><br \/>\n<span style=\"color: #000080;\">Dass er sich dennoch oder erst recht zu seinen Versen von einst bekennt, dass dieses Bekenntnis jetzt sogar in deutscher Sprache zum Buch wird, zeigt zum einen, dass es in seinem Denken und Empfinden eine Konstante gibt, die jenseits aller heftigen Verwerfungen im \u00f6ffentlichen und pers\u00f6nlichen Leben Bestand hat. Zum andern aber ist hier zu lesen, dass er begriffen hat und den Leser begreifen lassen will: Das Schreiben damals war \u00dcberleben in seiner prek\u00e4r sch\u00f6nstm\u00f6glichen und schwer durchzusetzenden Form, und weil es sch\u00f6n und schwer war, hat es seine G\u00fcltigkeit \u00fcber Jahre und Jahrzehnte bewahrt.<\/span><\/p>\n<p><span style=\"color: #000080;\">(&#8230;)<\/span><\/p>\n<p><span style=\"color: #000080;\">Das authentische, einerseits verknappte, andererseits aber gerade dadurch explizite Sprechen vom Unermesslichen und Unergr\u00fcndlichen, wie es sich in der Gesellschaft \u2013 sei sie sozialistisch oder wie auch immer geartet \u2013 und im Leben des einzelnen, des vereinzelten Menschen \u00e4u\u00dfert, auftut, wie es droht und lockt, das macht Emil Hurezeanus Gedichte zum Erlebnis. Hier steht, was ein jeder schon einmal gedacht haben d\u00fcrfte, in einer Sprache, die nicht ein jeder hat, die er aber von Emil Hurezeanu lernen kann, ob auf Rum\u00e4nisch oder auf Deutsch.<\/span><br \/>\n<span style=\"color: #000080;\"><em>Georg Aescht<\/em><\/span><\/p>\n<p><span class=\"readonlyText multiple\">Lieferbare Titel von <a href=\"http:\/\/wp.pop-verlag.com\/?page_id=3027\"><strong>Emil Hurezeanu<\/strong><\/a>:<\/span><\/p>\n<ul>\n<li><strong><a href=\"http:\/\/wp.pop-verlag.com\/?p=3022\">Die Anatomiestunde<\/a><\/strong>. Aus dem Rum\u00e4nischen \u00fcbersetzt von <a href=\"https:\/\/wp.pop-verlag.com\/?page_id=3571\"><strong>Georg Aescht<\/strong><\/a>. Reihe Lyrik Bd. 106, 86 Seiten, ISBN: \u00a0978-3-86356-182-6, \u20ac(D)16,50<\/li>\n<li><strong><a href=\"http:\/\/wp.pop-verlag.com\/?p=3035\">Lyrik<\/a><\/strong>. Aus dem Rum\u00e4nischen von <a href=\"https:\/\/wp.pop-verlag.com\/?page_id=3571\"><strong>Georg Aescht<\/strong><\/a>. Reihe Orpheus Band 3, ISBN 978-3-86356-202-1, 170 Seiten, \u20ac[D]19,90<\/li>\n<li><a href=\"https:\/\/wp.pop-verlag.com\/?p=4841\"><strong>Z\u00e4rtlichkeit, Routine \/ Tandre\u021be, rutin\u0103. Gedichte eines Knauserers 1979 \u2013 2019 \/ Poemele unui parcimonios 1979 \u2013 2019<\/strong><\/a>. Aus dem Rum\u00e4nischen von <a href=\"https:\/\/wp.pop-verlag.com\/?page_id=3571\"><strong>Georg Aescht<\/strong><\/a>. 342 Seiten, ISBN 978-3-86356-203-8, Reihe Lyrik Bd. 145, \u00a0\u20ac(D)25,50<\/li>\n<\/ul>\n","protected":false},"excerpt":{"rendered":"<p>Emil Hurezeanu: Z\u00e4rtlichkeit, Routine \/ Tandre\u021be, rutin\u0103. Gedichte eines Knauserers 1979 \u2013 2019 \/ Poemele unui parcimonios 1979 \u2013 2019. Deutsch \/ Rum\u00e4nisch. Aus dem Rum\u00e4nischen von Georg Aescht. 342 Seiten, ISBN 978-3-86356-203-8, Reihe Lyrik Bd. 145, \u00a0\u20ac(D)25,50 &nbsp; Es &hellip; <a class=\"more-link\" href=\"https:\/\/wp.pop-verlag.com\/?p=4841\">Weiterlesen <span class=\"meta-nav\">&rarr;<\/span><\/a><\/p>\n","protected":false},"author":2,"featured_media":0,"comment_status":"closed","ping_status":"closed","sticky":false,"template":"","format":"standard","meta":{"_jetpack_memberships_contains_paid_content":false,"footnotes":""},"categories":[231,22,8],"tags":[],"class_list":["post-4841","post","type-post","status-publish","format-standard","hentry","category-e-erscheinungsjahr-2020","category-rumaenische-literatur","category-pop-lyrik"],"jetpack_sharing_enabled":true,"jetpack_featured_media_url":"","_links":{"self":[{"href":"https:\/\/wp.pop-verlag.com\/index.php?rest_route=\/wp\/v2\/posts\/4841","targetHints":{"allow":["GET"]}}],"collection":[{"href":"https:\/\/wp.pop-verlag.com\/index.php?rest_route=\/wp\/v2\/posts"}],"about":[{"href":"https:\/\/wp.pop-verlag.com\/index.php?rest_route=\/wp\/v2\/types\/post"}],"author":[{"embeddable":true,"href":"https:\/\/wp.pop-verlag.com\/index.php?rest_route=\/wp\/v2\/users\/2"}],"replies":[{"embeddable":true,"href":"https:\/\/wp.pop-verlag.com\/index.php?rest_route=%2Fwp%2Fv2%2Fcomments&post=4841"}],"version-history":[{"count":6,"href":"https:\/\/wp.pop-verlag.com\/index.php?rest_route=\/wp\/v2\/posts\/4841\/revisions"}],"predecessor-version":[{"id":5185,"href":"https:\/\/wp.pop-verlag.com\/index.php?rest_route=\/wp\/v2\/posts\/4841\/revisions\/5185"}],"wp:attachment":[{"href":"https:\/\/wp.pop-verlag.com\/index.php?rest_route=%2Fwp%2Fv2%2Fmedia&parent=4841"}],"wp:term":[{"taxonomy":"category","embeddable":true,"href":"https:\/\/wp.pop-verlag.com\/index.php?rest_route=%2Fwp%2Fv2%2Fcategories&post=4841"},{"taxonomy":"post_tag","embeddable":true,"href":"https:\/\/wp.pop-verlag.com\/index.php?rest_route=%2Fwp%2Fv2%2Ftags&post=4841"}],"curies":[{"name":"wp","href":"https:\/\/api.w.org\/{rel}","templated":true}]}}