{"id":4744,"date":"2020-01-27T19:02:52","date_gmt":"2020-01-27T19:02:52","guid":{"rendered":"https:\/\/wp.pop-verlag.com\/?p=4744"},"modified":"2024-03-15T05:49:05","modified_gmt":"2024-03-15T05:49:05","slug":"steliana-huhulescu-ohnmacht-2","status":"publish","type":"post","link":"https:\/\/wp.pop-verlag.com\/?p=4744","title":{"rendered":"Peter Gehrisch: Das M\u00e4rchen hebt an, guten Abend"},"content":{"rendered":"<p><strong><img loading=\"lazy\" decoding=\"async\" class=\"alignleft wp-image-4758 size-medium\" src=\"https:\/\/wp.pop-verlag.com\/wp-content\/uploads\/2020\/01\/978-3-86356-296-0_B-205x300.jpg\" alt=\"\" width=\"205\" height=\"300\" srcset=\"https:\/\/wp.pop-verlag.com\/wp-content\/uploads\/2020\/01\/978-3-86356-296-0_B-205x300.jpg 205w, https:\/\/wp.pop-verlag.com\/wp-content\/uploads\/2020\/01\/978-3-86356-296-0_B-768x1124.jpg 768w, https:\/\/wp.pop-verlag.com\/wp-content\/uploads\/2020\/01\/978-3-86356-296-0_B-700x1024.jpg 700w, https:\/\/wp.pop-verlag.com\/wp-content\/uploads\/2020\/01\/978-3-86356-296-0_B.jpg 1654w\" sizes=\"auto, (max-width: 205px) 100vw, 205px\" \/> <img loading=\"lazy\" decoding=\"async\" class=\"alignleft wp-image-4759 size-medium\" src=\"https:\/\/wp.pop-verlag.com\/wp-content\/uploads\/2020\/01\/978-3-86356-296-0_A-205x300.jpg\" alt=\"\" width=\"205\" height=\"300\" srcset=\"https:\/\/wp.pop-verlag.com\/wp-content\/uploads\/2020\/01\/978-3-86356-296-0_A-205x300.jpg 205w, https:\/\/wp.pop-verlag.com\/wp-content\/uploads\/2020\/01\/978-3-86356-296-0_A-768x1124.jpg 768w, https:\/\/wp.pop-verlag.com\/wp-content\/uploads\/2020\/01\/978-3-86356-296-0_A-700x1024.jpg 700w, https:\/\/wp.pop-verlag.com\/wp-content\/uploads\/2020\/01\/978-3-86356-296-0_A.jpg 1654w\" sizes=\"auto, (max-width: 205px) 100vw, 205px\" \/><\/strong><strong><a href=\"https:\/\/wp.pop-verlag.com\/?page_id=2637\">Peter Gehrisch<\/a><\/strong>: <a href=\"https:\/\/wp.pop-verlag.com\/?p=4744\"><strong>Das M\u00e4rchen hebt an, guten Abend! In den Schutzr\u00e4umen der Phantasie. Zw\u00f6lf Tintinnabula.<\/strong><\/a>\u00a0Reihe Epik Bd. 110; ISBN: 978-3-86356-296-0; 234 Seiten, \u20ac[D]20,50<strong><br \/>\n<\/strong><\/p>\n<p>Lieferbare Titel von <strong><a href=\"https:\/\/wp.pop-verlag.com\/?page_id=2637\">Peter Gehrisch<\/a><\/strong>:<\/p>\n<ul>\n<li><strong><a href=\"http:\/\/wp.pop-verlag.com\/?page_id=2561\">Gy\u00f6rgy Mandics<\/a> \/ <a href=\"http:\/\/wp.pop-verlag.com\/?page_id=2563\">Zsuzsanna M. Veress:<\/a> Aus den Aufzeichnungen von J\u00e1nos Bolyai<\/strong><br \/>\nAus dem Ungarischen von Julia Schiff. \u00dcberarbeitet von Peter Gehrisch.Gedichte.Pop Lyrik. ISBN: 978-3-86356-148-2, 72 Seiten, \u20ac [D]16,50<\/li>\n<li><strong><a href=\"http:\/\/wp.pop-verlag.com\/?page_id=2628\">Aleksander Nawrocki<\/a><\/strong>: <a href=\"http:\/\/wp.pop-verlag.com\/?p=2632\"><strong>Mir tr\u00e4umte von meiner Kindheit. <\/strong><\/a>Aus dem Polnischen \u00fcbertragen von Peter Gehrisch. Gedichte.Pop Lyrik. ISBN: 978-3-86356-155-0, 102 Seiten, \u20ac [D]16,50<\/li>\n<li><a href=\"https:\/\/wp.pop-verlag.com\/?p=4090\"><strong>Chronos, preise mir jetzt nicht das Chaos!<\/strong> <\/a>Gedichte. Lyrikreihe Bd. 126; ISBN 978-3-86356-261-8; 104 Seiten, \u20ac[D]14,50<\/li>\n<li><a href=\"https:\/\/wp.pop-verlag.com\/?p=4744\"><strong>Das M\u00e4rchen hebt an, guten Abend! In den Schutzr\u00e4umen der Phantasie. Zw\u00f6lf Tintinnabula.<\/strong><\/a>\u00a0Reihe Epik Bd. 110; ISBN: 978-3-86356-296-0; 234 Seiten, \u20ac[D]20,50<\/li>\n<\/ul>\n","protected":false},"excerpt":{"rendered":"<p>Peter Gehrisch: Das M\u00e4rchen hebt an, guten Abend! In den Schutzr\u00e4umen der Phantasie. Zw\u00f6lf Tintinnabula.\u00a0Reihe Epik Bd. 110; ISBN: 978-3-86356-296-0; 234 Seiten, \u20ac[D]20,50 Lieferbare Titel von Peter Gehrisch: Gy\u00f6rgy Mandics \/ Zsuzsanna M. Veress: Aus den Aufzeichnungen von J\u00e1nos Bolyai &hellip; <a class=\"more-link\" href=\"https:\/\/wp.pop-verlag.com\/?p=4744\">Weiterlesen <span class=\"meta-nav\">&rarr;<\/span><\/a><\/p>\n","protected":false},"author":2,"featured_media":0,"comment_status":"closed","ping_status":"closed","sticky":false,"template":"","format":"standard","meta":{"_jetpack_memberships_contains_paid_content":false,"footnotes":""},"categories":[231,20,9,1],"tags":[362,1036,780,1038,658,1035,1034,363,364,774,374,271,1037,303],"class_list":["post-4744","post","type-post","status-publish","format-standard","hentry","category-e-erscheinungsjahr-2020","category-deutsche-literatur","category-pop-epik","category-uncategorized","tag-autor","tag-bombardierung-von-dresden-1945","tag-deutscher","tag-ehrenbuerger-in-polen","tag-geboren-1942","tag-journalist-dresden","tag-kuenstler-dresden","tag-literatur-20-jahrhundert","tag-literatur-21-jahrhundert","tag-literatur-deutsch","tag-mann","tag-pop-verlag","tag-traeger-des-saechsischen-verdienstordens","tag-traian-pop"],"jetpack_sharing_enabled":true,"jetpack_featured_media_url":"","_links":{"self":[{"href":"https:\/\/wp.pop-verlag.com\/index.php?rest_route=\/wp\/v2\/posts\/4744","targetHints":{"allow":["GET"]}}],"collection":[{"href":"https:\/\/wp.pop-verlag.com\/index.php?rest_route=\/wp\/v2\/posts"}],"about":[{"href":"https:\/\/wp.pop-verlag.com\/index.php?rest_route=\/wp\/v2\/types\/post"}],"author":[{"embeddable":true,"href":"https:\/\/wp.pop-verlag.com\/index.php?rest_route=\/wp\/v2\/users\/2"}],"replies":[{"embeddable":true,"href":"https:\/\/wp.pop-verlag.com\/index.php?rest_route=%2Fwp%2Fv2%2Fcomments&post=4744"}],"version-history":[{"count":7,"href":"https:\/\/wp.pop-verlag.com\/index.php?rest_route=\/wp\/v2\/posts\/4744\/revisions"}],"predecessor-version":[{"id":4762,"href":"https:\/\/wp.pop-verlag.com\/index.php?rest_route=\/wp\/v2\/posts\/4744\/revisions\/4762"}],"wp:attachment":[{"href":"https:\/\/wp.pop-verlag.com\/index.php?rest_route=%2Fwp%2Fv2%2Fmedia&parent=4744"}],"wp:term":[{"taxonomy":"category","embeddable":true,"href":"https:\/\/wp.pop-verlag.com\/index.php?rest_route=%2Fwp%2Fv2%2Fcategories&post=4744"},{"taxonomy":"post_tag","embeddable":true,"href":"https:\/\/wp.pop-verlag.com\/index.php?rest_route=%2Fwp%2Fv2%2Ftags&post=4744"}],"curies":[{"name":"wp","href":"https:\/\/api.w.org\/{rel}","templated":true}]}}