{"id":4740,"date":"2020-01-03T14:15:51","date_gmt":"2020-01-03T14:15:51","guid":{"rendered":"https:\/\/wp.pop-verlag.com\/?p=4740"},"modified":"2020-01-31T06:38:13","modified_gmt":"2020-01-31T06:38:13","slug":"steliana-huhulescu-ohnmacht","status":"publish","type":"post","link":"https:\/\/wp.pop-verlag.com\/?p=4740","title":{"rendered":"Steliana Huhulescu: (OHN)MACHT"},"content":{"rendered":"<p><strong><img loading=\"lazy\" decoding=\"async\" class=\"alignleft wp-image-4747 size-medium\" src=\"https:\/\/wp.pop-verlag.com\/wp-content\/uploads\/2020\/01\/978-3-86356-272-4_B-205x300.jpg\" alt=\"\" width=\"205\" height=\"300\" srcset=\"https:\/\/wp.pop-verlag.com\/wp-content\/uploads\/2020\/01\/978-3-86356-272-4_B-205x300.jpg 205w, https:\/\/wp.pop-verlag.com\/wp-content\/uploads\/2020\/01\/978-3-86356-272-4_B-768x1124.jpg 768w, https:\/\/wp.pop-verlag.com\/wp-content\/uploads\/2020\/01\/978-3-86356-272-4_B-700x1024.jpg 700w, https:\/\/wp.pop-verlag.com\/wp-content\/uploads\/2020\/01\/978-3-86356-272-4_B.jpg 1654w\" sizes=\"auto, (max-width: 205px) 100vw, 205px\" \/> <img loading=\"lazy\" decoding=\"async\" class=\"alignleft wp-image-4748 size-medium\" src=\"https:\/\/wp.pop-verlag.com\/wp-content\/uploads\/2020\/01\/978-3-86356-272-4_A-205x300.jpg\" alt=\"\" width=\"205\" height=\"300\" srcset=\"https:\/\/wp.pop-verlag.com\/wp-content\/uploads\/2020\/01\/978-3-86356-272-4_A-205x300.jpg 205w, https:\/\/wp.pop-verlag.com\/wp-content\/uploads\/2020\/01\/978-3-86356-272-4_A-768x1124.jpg 768w, https:\/\/wp.pop-verlag.com\/wp-content\/uploads\/2020\/01\/978-3-86356-272-4_A-700x1024.jpg 700w, https:\/\/wp.pop-verlag.com\/wp-content\/uploads\/2020\/01\/978-3-86356-272-4_A.jpg 1654w\" sizes=\"auto, (max-width: 205px) 100vw, 205px\" \/> <a href=\"https:\/\/wp.pop-verlag.com\/?page_id=1466\">Steliana Huhulescu<\/a>: <a href=\"https:\/\/wp.pop-verlag.com\/?p=4740\">(OHN)MACHT<\/a>.\u00a0<\/strong> Roman.\u00a0Epikreihe Bd. 106. 862 Seiten, ISBN 978-3-86356-272-4, \u20ac[D]29,00, \u20ac[A]30,80<strong><br \/>\n<\/strong><\/p>\n<p>Wenn ich noch l\u00e4nger hier hocke, werde ich noch tollw\u00fctig, sprach sie zu sich selbst und wedelte heftig mit einer zerfledderten Zeitung vor dem ger\u00f6teten Gesicht. Echt, mich trifft noch der Schlag, wer wei\u00df, in meinem Alter ist alles m\u00f6glich \u2026 Einmal macht es bums! Und fertig. Das war es. Platsch! F\u00e4llst auf den Boden, weich wie ein Kuhfladen. Was soll ich noch ausziehen, bin ja schon fast nackt &#8230;<\/p>\n<p>Lieferbare Titel von<strong> <a href=\"http:\/\/wp.pop-verlag.com\/?page_id=1466\">Steliana Huhulescu<\/a>:<\/strong><\/p>\n<ul>\n<li><strong>\u00a0<a href=\"http:\/\/wp.pop-verlag.com\/?p=371\">Flucht aus der H\u00f6lle<\/a>\u201d<\/strong>. Roman. Epikreihe. Ausgezeichnet mit dem Epik Deb\u00fctpreis 2014. 573 Seiten, ISBN 978-3-86356-085-0, \u20ac [D] 21,99<\/li>\n<li><a href=\"http:\/\/wp.pop-verlag.com\/?p=2123\"><strong>Parallelwelten. Opfer der Freiheit <\/strong><\/a>500 Seiten, ISBN 978-3-86356-158-1, \u20ac [D] 23,00<strong><br \/>\n<\/strong><\/li>\n<li><strong><a href=\"https:\/\/wp.pop-verlag.com\/?p=4740\">(OHN)MACHT<\/a>.\u00a0<\/strong> Roman.\u00a0Epikreihe Bd. 106. 862 Seiten, ISBN 978-3-86356-272-4, \u20ac[D]29,00, \u20ac[A]30,80<\/li>\n<\/ul>\n<p>&nbsp;<\/p>\n","protected":false},"excerpt":{"rendered":"<p>Steliana Huhulescu: (OHN)MACHT.\u00a0 Roman.\u00a0Epikreihe Bd. 106. 862 Seiten, ISBN 978-3-86356-272-4, \u20ac[D]29,00, \u20ac[A]30,80 Wenn ich noch l\u00e4nger hier hocke, werde ich noch tollw\u00fctig, sprach sie zu sich selbst und wedelte heftig mit einer zerfledderten Zeitung vor dem ger\u00f6teten Gesicht. Echt, mich &hellip; <a class=\"more-link\" href=\"https:\/\/wp.pop-verlag.com\/?p=4740\">Weiterlesen <span class=\"meta-nav\">&rarr;<\/span><\/a><\/p>\n","protected":false},"author":2,"featured_media":0,"comment_status":"closed","ping_status":"closed","sticky":false,"template":"","format":"standard","meta":{"_jetpack_memberships_contains_paid_content":false,"footnotes":""},"categories":[231,22,9,1],"tags":[],"class_list":["post-4740","post","type-post","status-publish","format-standard","hentry","category-e-erscheinungsjahr-2020","category-rumaenische-literatur","category-pop-epik","category-uncategorized"],"jetpack_sharing_enabled":true,"jetpack_featured_media_url":"","_links":{"self":[{"href":"https:\/\/wp.pop-verlag.com\/index.php?rest_route=\/wp\/v2\/posts\/4740","targetHints":{"allow":["GET"]}}],"collection":[{"href":"https:\/\/wp.pop-verlag.com\/index.php?rest_route=\/wp\/v2\/posts"}],"about":[{"href":"https:\/\/wp.pop-verlag.com\/index.php?rest_route=\/wp\/v2\/types\/post"}],"author":[{"embeddable":true,"href":"https:\/\/wp.pop-verlag.com\/index.php?rest_route=\/wp\/v2\/users\/2"}],"replies":[{"embeddable":true,"href":"https:\/\/wp.pop-verlag.com\/index.php?rest_route=%2Fwp%2Fv2%2Fcomments&post=4740"}],"version-history":[{"count":5,"href":"https:\/\/wp.pop-verlag.com\/index.php?rest_route=\/wp\/v2\/posts\/4740\/revisions"}],"predecessor-version":[{"id":4754,"href":"https:\/\/wp.pop-verlag.com\/index.php?rest_route=\/wp\/v2\/posts\/4740\/revisions\/4754"}],"wp:attachment":[{"href":"https:\/\/wp.pop-verlag.com\/index.php?rest_route=%2Fwp%2Fv2%2Fmedia&parent=4740"}],"wp:term":[{"taxonomy":"category","embeddable":true,"href":"https:\/\/wp.pop-verlag.com\/index.php?rest_route=%2Fwp%2Fv2%2Fcategories&post=4740"},{"taxonomy":"post_tag","embeddable":true,"href":"https:\/\/wp.pop-verlag.com\/index.php?rest_route=%2Fwp%2Fv2%2Ftags&post=4740"}],"curies":[{"name":"wp","href":"https:\/\/api.w.org\/{rel}","templated":true}]}}