{"id":4617,"date":"2019-10-13T04:21:40","date_gmt":"2019-10-13T04:21:40","guid":{"rendered":"https:\/\/wp.pop-verlag.com\/?p=4617"},"modified":"2020-04-01T05:09:27","modified_gmt":"2020-04-01T05:09:27","slug":"widmar-puhl-suleikas-rebellische-kinder-gedichte-200-jahre-west-oestlicher-divan","status":"publish","type":"post","link":"https:\/\/wp.pop-verlag.com\/?p=4617","title":{"rendered":"Widmar Puhl: Suleikas rebellische Kinder \u2013 Gedichte  (200 Jahre West-\u00f6stlicher Divan)"},"content":{"rendered":"<p><strong><span class=\"readonlyText multiple\"><img loading=\"lazy\" decoding=\"async\" class=\"alignleft wp-image-4618 size-medium\" src=\"https:\/\/wp.pop-verlag.com\/wp-content\/uploads\/2019\/10\/978-3-86356-275-5_A-205x300.jpg\" alt=\"\" width=\"205\" height=\"300\" srcset=\"https:\/\/wp.pop-verlag.com\/wp-content\/uploads\/2019\/10\/978-3-86356-275-5_A-205x300.jpg 205w, https:\/\/wp.pop-verlag.com\/wp-content\/uploads\/2019\/10\/978-3-86356-275-5_A-768x1124.jpg 768w, https:\/\/wp.pop-verlag.com\/wp-content\/uploads\/2019\/10\/978-3-86356-275-5_A-700x1024.jpg 700w, https:\/\/wp.pop-verlag.com\/wp-content\/uploads\/2019\/10\/978-3-86356-275-5_A.jpg 1654w\" sizes=\"auto, (max-width: 205px) 100vw, 205px\" \/><img loading=\"lazy\" decoding=\"async\" class=\"alignleft wp-image-4619 size-medium\" src=\"https:\/\/wp.pop-verlag.com\/wp-content\/uploads\/2019\/10\/978-3-86356-275-5_B-205x300.jpg\" alt=\"\" width=\"205\" height=\"300\" srcset=\"https:\/\/wp.pop-verlag.com\/wp-content\/uploads\/2019\/10\/978-3-86356-275-5_B-205x300.jpg 205w, https:\/\/wp.pop-verlag.com\/wp-content\/uploads\/2019\/10\/978-3-86356-275-5_B-768x1124.jpg 768w, https:\/\/wp.pop-verlag.com\/wp-content\/uploads\/2019\/10\/978-3-86356-275-5_B-700x1024.jpg 700w, https:\/\/wp.pop-verlag.com\/wp-content\/uploads\/2019\/10\/978-3-86356-275-5_B.jpg 1654w\" sizes=\"auto, (max-width: 205px) 100vw, 205px\" \/><a href=\"https:\/\/wp.pop-verlag.com\/?page_id=4613\">Widmar Puhl<\/a><\/span><\/strong><span class=\"readonlyText multiple\">:<\/span><strong><a href=\"https:\/\/wp.pop-verlag.com\/?p=4617\">Suleikas rebellische Kinder \u2013 Gedichte<\/a><br \/>\n(200 Jahre West-\u00f6stlicher Divan). <\/strong>Lyrikreihe Bd. 133; ISBN 978-3-86356-275-5; 235 Seiten, \u20ac[D]16,50<strong><br \/>\n<\/strong><\/p>\n<p>Der Stuttgarter Lyriker Widmar Puhl wagt mit seinen neuen Gedichten eine Entgegnung auf Goethes Divan. Es ist eine zeitgem\u00e4\u00dfe Fortsetzung und Erweiterung des Dialogs zwischen den Kulturen, die offensichtlich manchmal in einer Art Hassliebe miteinander verbunden sind. Puhl er\u00f6ffnet mit seinen Gedichten erneut das Gespr\u00e4ch zwischen Ost und West, auch dem Ost und West in den K\u00f6pfen, er spannt einen weiten Bogen, durch Jahrhunderte und \u00fcber L\u00e4ndergrenzen hinweg. Und das ist nichts weniger als ein Neuansatz. Ein Vierteljahrhundert lang hat Widmar Puhl an seinem Divan gearbeitet. Entstanden ist ein lyrisches Werk, in das verschiedenste Formen und Stile Eingang fanden, angetrieben von dem Mut, angesichts der allgegenw\u00e4rtigen, durch Angst und Vorurteile hervorgerufenen L\u00e4hmung und Ermattung die Stimme zu erheben und Stellung zu beziehen, f\u00fcr das offene Wort und f\u00fcr den Dialog.<\/p>\n<p>Vor uns liegt ein Buch, das vieles bezeugt: dass es sich lohnt, den Gegens\u00e4tzen in der Welt offen, neugierig und lustvoll zu begegnen, dass es zur Menschenw\u00fcrde und zum Menschenschicksal geh\u00f6rt, jederzeit eigenwillig und kritisch zu bleiben. Nicht zuletzt aber erz\u00e4hlt es uns auch von der Faszination eines leidenschaftlich Reisenden f\u00fcr die Kultur und die Geheimnisse des Nahen Ostens.<\/p>\n<p>Da ich zwei Lesungen aus dem Gedichtband &#8222;Suleikas rebellische Kinder&#8220; wegen Corona absagen musste, w\u00fcrde ich gern Interessenten per Video einen kleinen Ausgleich geben. Leider gibt es f\u00fcr meinen altersschwachen Laptop keine vern\u00fcnftige Schneide-Software mehr, so dass ich nichts bearbeiten kann. Daher kann ich nur ungleiche Happen anbieten. Google setzt daf\u00fcr eine l\u00e4cherliche Grenze von 100 MB. Deshalb geht das bei einem kurzen 6-Minuten Video mit 560 MB nicht. Eine halbst\u00fcndige Lesung ist schon kurz, geht aber gar nicht. Wieso wird Literatur derma\u00dfen eingeschr\u00e4nkt und Musik wie \u00fcblich nicht? Jedes bl\u00f6dsinnige Filmchen und jeder Porno geht, nicht aber Literatur. Ich fordere dringend Abhilfe von Google durch angemessene Streaming-Kapazit\u00e4ten bis zur L\u00e4nge eines Sinfoniekonzertes. Das ist eine Frage des Respektes und ein lebenswichtiger Beitrag f\u00fcr soziales und kulturelles Miteinander, gerade jetzt!<br \/>\nInzwischen sind zwei Videos \u00fcber insgesamt 30 Minuten bei Youtube zu sehen \/ h\u00f6ren. Da gibt es zwar viel Mist, aber eben auch sehr viel Gutes. Versucht es einfach mal (aber bitte mit Kopfh\u00f6rer):<br \/>\n<a href=\"https:\/\/www.google.de\/search?source=hp&amp;ei=7qt0XsuaKtTAmwWn-6mgDQ&amp;q=Widmar+Puhl+Youtube&amp;oq=Widmar+Puhl+Youtube&amp;gs_l=psy-ab.3...5361.16424..19517...0.0..0.167.1845.17j2......0....1..gws-wiz.......0i131j0j0i10j0i22i30j0i22i10i30j33i160.yncYl0ckAWo&amp;ved=0ahUKEwjLyeuj_KjoAhVU4KYKHad9CtQQ4dUDCAc&amp;uact=5\">Widmar Puhl Youtube &#8211; Google-Suche<\/a><\/p>\n<p><span class=\"readonlyText multiple\">Lieferbare Titel von\u00a0<strong><a href=\"https:\/\/wp.pop-verlag.com\/?page_id=4613\">Widmar Puhl<\/a><\/strong>:<\/span><\/p>\n<p><span class=\"readonlyText multiple\"><strong><a href=\"https:\/\/wp.pop-verlag.com\/?p=4617\">&#8211; Suleikas rebellische Kinder \u2013 Gedichte.\u00a0<\/a>(200 Jahre West-\u00f6stlicher Divan). <\/strong>Lyrikreihe Bd. 133; ISBN 978-3-86356-275-5; 235 Seiten, \u20ac[D]16,50<\/span><\/p>\n","protected":false},"excerpt":{"rendered":"<p>Widmar Puhl:Suleikas rebellische Kinder \u2013 Gedichte (200 Jahre West-\u00f6stlicher Divan). Lyrikreihe Bd. 133; ISBN 978-3-86356-275-5; 235 Seiten, \u20ac[D]16,50 Der Stuttgarter Lyriker Widmar Puhl wagt mit seinen neuen Gedichten eine Entgegnung auf Goethes Divan. Es ist eine zeitgem\u00e4\u00dfe Fortsetzung und Erweiterung &hellip; <a class=\"more-link\" href=\"https:\/\/wp.pop-verlag.com\/?p=4617\">Weiterlesen <span class=\"meta-nav\">&rarr;<\/span><\/a><\/p>\n","protected":false},"author":2,"featured_media":0,"comment_status":"closed","ping_status":"closed","sticky":false,"template":"","format":"standard","meta":{"_jetpack_memberships_contains_paid_content":false,"footnotes":""},"categories":[217,20,8],"tags":[],"class_list":["post-4617","post","type-post","status-publish","format-standard","hentry","category-e-erscheinungsjahr-2019","category-deutsche-literatur","category-pop-lyrik"],"jetpack_sharing_enabled":true,"jetpack_featured_media_url":"","_links":{"self":[{"href":"https:\/\/wp.pop-verlag.com\/index.php?rest_route=\/wp\/v2\/posts\/4617","targetHints":{"allow":["GET"]}}],"collection":[{"href":"https:\/\/wp.pop-verlag.com\/index.php?rest_route=\/wp\/v2\/posts"}],"about":[{"href":"https:\/\/wp.pop-verlag.com\/index.php?rest_route=\/wp\/v2\/types\/post"}],"author":[{"embeddable":true,"href":"https:\/\/wp.pop-verlag.com\/index.php?rest_route=\/wp\/v2\/users\/2"}],"replies":[{"embeddable":true,"href":"https:\/\/wp.pop-verlag.com\/index.php?rest_route=%2Fwp%2Fv2%2Fcomments&post=4617"}],"version-history":[{"count":5,"href":"https:\/\/wp.pop-verlag.com\/index.php?rest_route=\/wp\/v2\/posts\/4617\/revisions"}],"predecessor-version":[{"id":4936,"href":"https:\/\/wp.pop-verlag.com\/index.php?rest_route=\/wp\/v2\/posts\/4617\/revisions\/4936"}],"wp:attachment":[{"href":"https:\/\/wp.pop-verlag.com\/index.php?rest_route=%2Fwp%2Fv2%2Fmedia&parent=4617"}],"wp:term":[{"taxonomy":"category","embeddable":true,"href":"https:\/\/wp.pop-verlag.com\/index.php?rest_route=%2Fwp%2Fv2%2Fcategories&post=4617"},{"taxonomy":"post_tag","embeddable":true,"href":"https:\/\/wp.pop-verlag.com\/index.php?rest_route=%2Fwp%2Fv2%2Ftags&post=4617"}],"curies":[{"name":"wp","href":"https:\/\/api.w.org\/{rel}","templated":true}]}}