{"id":4575,"date":"2019-10-11T04:26:17","date_gmt":"2019-10-11T04:26:17","guid":{"rendered":"https:\/\/wp.pop-verlag.com\/?p=4575"},"modified":"2019-10-11T05:22:22","modified_gmt":"2019-10-11T05:22:22","slug":"adriana-carcu-richard-wayne-das-lied-aus-dem-norden-nordischer-jazz-in-wort-und-bild","status":"publish","type":"post","link":"https:\/\/wp.pop-verlag.com\/?p=4575","title":{"rendered":"Adriana Carcu, Richard Wayne: Das Lied aus dem Norden. Nordischer Jazz in Wort und Bild"},"content":{"rendered":"<p><img loading=\"lazy\" decoding=\"async\" class=\"alignleft wp-image-4585 size-medium\" src=\"https:\/\/wp.pop-verlag.com\/wp-content\/uploads\/2019\/10\/978-3-86356-289-2_A-205x300.jpg\" alt=\"\" width=\"205\" height=\"300\" srcset=\"https:\/\/wp.pop-verlag.com\/wp-content\/uploads\/2019\/10\/978-3-86356-289-2_A-205x300.jpg 205w, https:\/\/wp.pop-verlag.com\/wp-content\/uploads\/2019\/10\/978-3-86356-289-2_A-768x1124.jpg 768w, https:\/\/wp.pop-verlag.com\/wp-content\/uploads\/2019\/10\/978-3-86356-289-2_A-700x1024.jpg 700w, https:\/\/wp.pop-verlag.com\/wp-content\/uploads\/2019\/10\/978-3-86356-289-2_A.jpg 1654w\" sizes=\"auto, (max-width: 205px) 100vw, 205px\" \/> <strong><img loading=\"lazy\" decoding=\"async\" class=\"alignleft wp-image-4586 size-medium\" src=\"https:\/\/wp.pop-verlag.com\/wp-content\/uploads\/2019\/10\/978-3-86356-289-2_B-205x300.jpg\" alt=\"\" width=\"205\" height=\"300\" srcset=\"https:\/\/wp.pop-verlag.com\/wp-content\/uploads\/2019\/10\/978-3-86356-289-2_B-205x300.jpg 205w, https:\/\/wp.pop-verlag.com\/wp-content\/uploads\/2019\/10\/978-3-86356-289-2_B-768x1124.jpg 768w, https:\/\/wp.pop-verlag.com\/wp-content\/uploads\/2019\/10\/978-3-86356-289-2_B-700x1024.jpg 700w, https:\/\/wp.pop-verlag.com\/wp-content\/uploads\/2019\/10\/978-3-86356-289-2_B.jpg 1654w\" sizes=\"auto, (max-width: 205px) 100vw, 205px\" \/><a href=\"https:\/\/wp.pop-verlag.com\/?page_id=2968\">Adriana Carcu<\/a><\/strong>, <strong><a href=\"https:\/\/wp.pop-verlag.com\/?page_id=4577\">Richard Wayne<\/a><\/strong>: <a href=\"https:\/\/wp.pop-verlag.com\/?p=4575\"><strong>Das Lied aus dem Norden. Nordischer Jazz in Wort und Bild.<\/strong><\/a> \u00dcbersetzungen aus dem Rum\u00e4nischen von Sigrid Kuhn [Interviews, Festivalchroniken] und Renate Sandu [Jazzweise]. Die POP-Verlag-Fragmentariumreihe, Bd. 16; ISBN: 978-3-86356-289-2; 226 Seiten, \u20ac[D]19,90<\/p>\n<p>Im Raum herrscht eine Stille, als h\u00e4tte die Show schon l\u00e4ngst begonnen. In sich gekehrt f\u00fcllt Nils Petter den Raum zwischen uns und l\u00e4sst uns das diaphane Fluidum namens Pneuma f\u00fchlen. Sein Klang hat, obwohl vom Toningenieur \u00fcbernommen (the man who makes me sound, wie er sp\u00e4ter sagen wird), eine intime Eigenart, die W\u00e4rme der Stimme, die sich an Nahestehende richtet. Hinter den geschlossenen Lidern scheint Nils Petter Molvaer das Innere seiner eigenen Welt zu erforschen, auf der Suche nach den T\u00f6nen, die sich \u2013 jetzt und hier \u2013 am besten erg\u00e4nzen, um sie dann in einem einmaligen Akt zum Leben zu erwecken.<\/p>\n<p>Betrachtest du dich als eine Vertreterin des nordischen Jazz?<\/p>\n<p>Nat\u00fcrlich bin ich ein Teil davon. Das hat weniger mit den Fjorden zu tun und mit den Bergen, als vielmehr mit der Tatsache, dass wir eine kleine Gemeinschaft sind, in der jeder jeden kennt, in deren Rahmen wir uns treffen und interagieren. Wir haben schon vor vielen Jahren die Grenzen der Genres \u00fcberschritten, und seitdem ist dieses Gemisch jenseits eines Genres so intensiv geworden, dass es mit Sicherheit uns alle beeinflusst hat. Eine anderer Aspekt ist der, dass Skandinavien eine spezifische musikalische Tradition hat, ich kenne aber nur die norwegische n\u00e4her. Und es gibt nat\u00fcrlich einige sehr wichtige Leute, wie Jan Garbarek oder Jon Christensen, die die grundlegende Arbeit geleistet haben. Jan war der erste, der die afro-amerikanische Musik mit norwegischen Elementen versetzt hat. Leute wie die beiden sind eine Quelle der Inspiration.<br \/>\n(Sidsel Endresen)<\/p>\n<p>Unsere Musik ist mit Sicherheit eine Jazzform der Gegenwart, die durch eine spezifische Herangehensweise an die Kammermusik und an die Mu- sik der Liedermacher charakterisiert wird, mit lyrischer Betonung auf der Melodie. Wir haben verschiedenartige Beziehungen zur Welt des Pop und zur Welt der klassischen Musik der Gegenwart, wo der Fokus eher auf der Textur und dem Klang liegt als auf der traditionellen Kompositionsstruktur. Eigentlich geht es im Allgemeinen um die Reichhaltigkeit des vordergr\u00fcndig Einfachen: die Dinge durch einen Kanal von vereinfachten Themen zu filtern, die kindisch erscheinen, und die Komplexit\u00e4t und den Reichtum, der sich darin befindet, zu erforschen, statt alles zu spielen, was du kannst, und alles zu zeigen, was du wei\u00dft. Wir begeben uns in Richtung dieses Ursprungs, der sehr viel Ruhe enth\u00e4lt, wir konzentrieren uns auf einfache Melodien und gehen davon aus.<br \/>\n(Tord Gustavsen)<\/p>\n<p>Lieferbare Titel von <strong><a href=\"http:\/\/wp.pop-verlag.com\/?page_id=2968\">Adriana Carcu:<\/a><\/strong><\/p>\n<ul>\n<li><strong><a href=\"http:\/\/wp.pop-verlag.com\/?p=2963\">GOLDEN.<\/a><\/strong> Aus dem Rum\u00e4nischen \u00fcbersetzt von <a href=\"http:\/\/wp.pop-verlag.com\/?page_id=2973\"><strong>Renate Sandu. <\/strong><\/a>Illustration: <a href=\"http:\/\/wp.pop-verlag.com\/?page_id=2976\"><strong>Doru P\u0103curar. <\/strong><\/a>Pop Epik, ISBN: 978-3-86356-206-9, 246 Seiten, \u20ac[D]18,50<\/li>\n<li><strong><a href=\"https:\/\/wp.pop-verlag.com\/?page_id=2968\">Adriana Carcu<\/a><\/strong>, <strong><a href=\"https:\/\/wp.pop-verlag.com\/?page_id=4577\">Richard Wayne<\/a><\/strong>: Das Lied aus dem Norden. Nordischer Jazz in Wort und Bild. \u00dcbersetzungen aus dem Rum\u00e4nischen von Sigrid Kuhn [Interviews, Festivalchroniken] und Renate Sandu [Jazzweise]. Die POP-Verlag-Fragmentariumreihe, Bd. 16; ISBN: 978-3-86356-289-2; 226 Seiten, \u20ac[D]19,90<\/li>\n<\/ul>\n","protected":false},"excerpt":{"rendered":"<p>Adriana Carcu, Richard Wayne: Das Lied aus dem Norden. Nordischer Jazz in Wort und Bild. \u00dcbersetzungen aus dem Rum\u00e4nischen von Sigrid Kuhn [Interviews, Festivalchroniken] und Renate Sandu [Jazzweise]. Die POP-Verlag-Fragmentariumreihe, Bd. 16; ISBN: 978-3-86356-289-2; 226 Seiten, \u20ac[D]19,90 Im Raum herrscht &hellip; <a class=\"more-link\" href=\"https:\/\/wp.pop-verlag.com\/?p=4575\">Weiterlesen <span class=\"meta-nav\">&rarr;<\/span><\/a><\/p>\n","protected":false},"author":2,"featured_media":0,"comment_status":"closed","ping_status":"closed","sticky":false,"template":"","format":"standard","meta":{"_jetpack_memberships_contains_paid_content":false,"footnotes":""},"categories":[217,29,1],"tags":[],"class_list":["post-4575","post","type-post","status-publish","format-standard","hentry","category-e-erscheinungsjahr-2019","category-fragmentarium-sammlung","category-uncategorized"],"jetpack_sharing_enabled":true,"jetpack_featured_media_url":"","_links":{"self":[{"href":"https:\/\/wp.pop-verlag.com\/index.php?rest_route=\/wp\/v2\/posts\/4575","targetHints":{"allow":["GET"]}}],"collection":[{"href":"https:\/\/wp.pop-verlag.com\/index.php?rest_route=\/wp\/v2\/posts"}],"about":[{"href":"https:\/\/wp.pop-verlag.com\/index.php?rest_route=\/wp\/v2\/types\/post"}],"author":[{"embeddable":true,"href":"https:\/\/wp.pop-verlag.com\/index.php?rest_route=\/wp\/v2\/users\/2"}],"replies":[{"embeddable":true,"href":"https:\/\/wp.pop-verlag.com\/index.php?rest_route=%2Fwp%2Fv2%2Fcomments&post=4575"}],"version-history":[{"count":5,"href":"https:\/\/wp.pop-verlag.com\/index.php?rest_route=\/wp\/v2\/posts\/4575\/revisions"}],"predecessor-version":[{"id":4595,"href":"https:\/\/wp.pop-verlag.com\/index.php?rest_route=\/wp\/v2\/posts\/4575\/revisions\/4595"}],"wp:attachment":[{"href":"https:\/\/wp.pop-verlag.com\/index.php?rest_route=%2Fwp%2Fv2%2Fmedia&parent=4575"}],"wp:term":[{"taxonomy":"category","embeddable":true,"href":"https:\/\/wp.pop-verlag.com\/index.php?rest_route=%2Fwp%2Fv2%2Fcategories&post=4575"},{"taxonomy":"post_tag","embeddable":true,"href":"https:\/\/wp.pop-verlag.com\/index.php?rest_route=%2Fwp%2Fv2%2Ftags&post=4575"}],"curies":[{"name":"wp","href":"https:\/\/api.w.org\/{rel}","templated":true}]}}