{"id":4436,"date":"2019-07-06T06:41:51","date_gmt":"2019-07-06T06:41:51","guid":{"rendered":"https:\/\/wp.pop-verlag.com\/?p=4436"},"modified":"2020-11-16T10:47:00","modified_gmt":"2020-11-16T10:47:00","slug":"theo-breuer-winterbienen-im-urfttal","status":"publish","type":"post","link":"https:\/\/wp.pop-verlag.com\/?p=4436","title":{"rendered":"Theo Breuer: Winterbienen im Urftland"},"content":{"rendered":"<p><strong><img loading=\"lazy\" decoding=\"async\" class=\"alignleft wp-image-4449 size-medium\" src=\"https:\/\/wp.pop-verlag.com\/wp-content\/uploads\/2019\/07\/978-3-86356-277-9_A-218x300.jpg\" alt=\"\" width=\"218\" height=\"300\" srcset=\"https:\/\/wp.pop-verlag.com\/wp-content\/uploads\/2019\/07\/978-3-86356-277-9_A-218x300.jpg 218w, https:\/\/wp.pop-verlag.com\/wp-content\/uploads\/2019\/07\/978-3-86356-277-9_A-768x1059.jpg 768w, https:\/\/wp.pop-verlag.com\/wp-content\/uploads\/2019\/07\/978-3-86356-277-9_A-743x1024.jpg 743w, https:\/\/wp.pop-verlag.com\/wp-content\/uploads\/2019\/07\/978-3-86356-277-9_A.jpg 1713w\" sizes=\"auto, (max-width: 218px) 100vw, 218px\" \/><\/strong><strong> <a href=\"https:\/\/wp.pop-verlag.com\/?page_id=1087\">T<\/a><\/strong><strong><img loading=\"lazy\" decoding=\"async\" class=\"alignleft wp-image-4448 size-medium\" src=\"https:\/\/wp.pop-verlag.com\/wp-content\/uploads\/2019\/07\/978-3-86356-277-9_B-218x300.jpg\" alt=\"\" width=\"218\" height=\"300\" srcset=\"https:\/\/wp.pop-verlag.com\/wp-content\/uploads\/2019\/07\/978-3-86356-277-9_B-218x300.jpg 218w, https:\/\/wp.pop-verlag.com\/wp-content\/uploads\/2019\/07\/978-3-86356-277-9_B-768x1059.jpg 768w, https:\/\/wp.pop-verlag.com\/wp-content\/uploads\/2019\/07\/978-3-86356-277-9_B-743x1024.jpg 743w, https:\/\/wp.pop-verlag.com\/wp-content\/uploads\/2019\/07\/978-3-86356-277-9_B.jpg 1713w\" sizes=\"auto, (max-width: 218px) 100vw, 218px\" \/><\/strong><strong><a href=\"https:\/\/wp.pop-verlag.com\/?page_id=1087\">heo Breuer<\/a><\/strong>:<strong><a href=\"https:\/\/wp.pop-verlag.com\/?p=4436\"> Winterbienen im Urftland.<\/a><a href=\"https:\/\/wp.pop-verlag.com\/?p=4436\"> Empfundene \/ erfundene Welten in Norbert Scheuers Gedichten und Geschichten<\/a><\/strong>. Lesezeichen Reihe. Bd. 5. ISBN: 978-3-86356-277-9, 128 Seiten, \u20ac[D]12,80<\/p>\n<p>Bei aller grunds\u00e4tzlichen sprachlichen Sparsamkeit und rhetorischen Reduktion evozieren die W\u00f6rter der Fauna, die W\u00f6rter der Flora, die Fachw\u00f6rter, all die herrlichen W\u00f6rter \u00fcberhaupt, die die Romane durchziehen wie die Kraniche die L\u00fcfte, wenn sie wegfliegen (um Jahr f\u00fcr Jahr zur\u00fcckzukehren \u2026) \u2013 es ist ein einziges poetisches W\u00f6rterplauschen und -rauschen: Binse und Pfeilkraut, \u00c4sche und Nymphe, Weihrauch und Myrrhe \u2026 \u2013, wieder und wieder Sprachstrudel, die mich hineinziehen in den sich durchs Urftland schl\u00e4ngelnden Flu\u00df der Geschichten von sogenannten Au\u00dfenseitern, Illusionisten, K\u00e4uzen, Phantasten, Taugenichtsen, Tr\u00e4umern, Verlierern, Versagern, Zauseln.<\/p>\n<p>&nbsp;<\/p>\n<p>Lieferbare Titel von <strong><a href=\"http:\/\/wp.pop-verlag.com\/?page_id=1087\">Theo Breuer<\/a><\/strong>:<\/p>\n<ul>\n<li><strong>Das gewonnene Alphabet<\/strong>. Gedichte. 122 Seiten. Reihe Lyrik Bd. 54. ISBN 978-3-86356-039-3. <strong>2012<\/strong>. \u20ac[D]12,00.<\/li>\n<li><strong><a href=\"http:\/\/wp.pop-verlag.com\/?p=2366\">Zischender Zustand. Mayr\u00f6cker Time<\/a><\/strong>. Reihe Lesezeichen Bd. 1. ISBN 978-3-86356-152-9. 200 Seiten. <strong>2017<\/strong>. \u20ac[D]16,90.<\/li>\n<li><strong><a href=\"https:\/\/wp.pop-verlag.com\/?p=4048\">Scherben saufen.\u00a0<\/a><\/strong> 171 Seiten. Reihe Lyrik Bd. 129. ISBN 978-3-86356-265-6. <strong>2019<\/strong>. \u20ac[D]15,90.<\/li>\n<li><strong><a href=\"https:\/\/wp.pop-verlag.com\/?p=4436\">Winterbienen im Urftland.<\/a><a href=\"https:\/\/wp.pop-verlag.com\/?p=4436\"> Empfundene \/ erfundene Welten in Norbert Scheuers Gedichten und Geschichten<\/a><\/strong>. 128 Seiten. Reihe Lesezeichen Bd. 5. ISBN 978-3-86356-277-9. <strong>2019<\/strong>. \u20ac[D]12,80.<\/li>\n<\/ul>\n<ul>\n<li><strong>nicht weniger nicht mehr<\/strong>. \u203aGedichte\u2039. <strong><a href=\"https:\/\/wp.pop-verlag.com\/?p=5498\">\u00a0<\/a><\/strong>Reihe Lyrik Bd. 151, 133 Seiten, ISBN 978-3-86356-317-2. <strong>2021<\/strong> \u20ac[D]14,50.<\/li>\n<\/ul>\n<p><em>Herausgabe <\/em><\/p>\n<p>Matrix <em>\u00a0<\/em><\/p>\n<ul>\n<li><strong>Matrix 28<em>. <\/em>Atmendes Alphabet f\u00fcr <a href=\"https:\/\/www.edition-matrix.com\/matrix-22012-28-%e2%80%a2-atmendes-alphabet-fuer-friederike-mayroecker\/\">Friederike Mayr\u00f6cker<\/a><\/strong>. 294 Seiten. <strong>2012<\/strong>. ISSN 1861-8006. \u20ac[D]10,00.<\/li>\n<li><strong><a href=\"https:\/\/www.edition-matrix.com\/matrix-42012-30-%e2%80%a2-jeder-auf-seine-art-fuer-hans-bender\/\">Matrix 29. Jeder auf seine Art f\u00fcr Hans Bender<\/a><\/strong>. 200 Seiten. <strong>2012<\/strong>. ISSN 1861-8006. \u20ac[D]10,00.<\/li>\n<li><strong><a href=\"https:\/\/www.edition-matrix.com\/matrix-februar-2014-axel-kutsch\/\">Matrix 36. Axel Kutsch spannt Versnetze \u00fcbers Wortland<\/a><\/strong>. 242 Seiten. <strong>2014<\/strong>. ISSN 1861-8006. \u20ac[D]10,00.<\/li>\n<li><strong>Matrix 58<em>.<\/em> Zwanzig Tage \u2013 zwanzig Romane\u00a0: Ein Buchspiel<\/strong><strong>. <\/strong>228 Seiten. <strong>2019<\/strong>. ISSN 1861-8006. \u20ac[D]15,00.<\/li>\n<\/ul>\n<p>Einzeltitel<\/p>\n<ul>\n<li><strong><a href=\"https:\/\/wp.pop-verlag.com\/?p=4064\">Hinter die dunkle T\u00fcr<\/a><\/strong>. Vierzeiler 2013 \u2013 2015.\u00a0 Vorwort und <em>Gespr\u00e4ch mit Hans Bender<\/em> von Theo Breuer. 137 Seiten. Lyrik Bd. 125. ISBN 978-3-86356-257-1. <strong>2019<\/strong>. \u20ac[D]14,90.\u00a0<em><br \/>\n<\/em><\/li>\n<\/ul>\n<p><em>\u00dcbertragung<\/em><em>\u00a0<\/em><\/p>\n<ul>\n<li><strong><a href=\"https:\/\/wp.pop-verlag.com\/?p=4410\">Admiel Kosman:\u00a0 Aus dem Zwischen des Hohelied<\/a>s<\/strong>. Ausgew\u00e4hlte Gedichte.\u00a0Aus dem Hebr\u00e4ischen \u00fcbertragen von Edith Lutz in Zusammenarbeit mit Theo Breuer und Udi Levy. Mit Vor- und Nachwort herausgegeben von Edith Lutz. 116 Seiten. Lyrik Bd. 132. <strong>2019<\/strong>. ISBN 978-3-86356-271-7. \u20ac[D]12,80.<\/li>\n<\/ul>\n<p>&nbsp;<\/p>\n<p>&nbsp;<\/p>\n","protected":false},"excerpt":{"rendered":"<p>Theo Breuer: Winterbienen im Urftland. Empfundene \/ erfundene Welten in Norbert Scheuers Gedichten und Geschichten. Lesezeichen Reihe. Bd. 5. ISBN: 978-3-86356-277-9, 128 Seiten, \u20ac[D]12,80 Bei aller grunds\u00e4tzlichen sprachlichen Sparsamkeit und rhetorischen Reduktion evozieren die W\u00f6rter der Fauna, die W\u00f6rter der &hellip; <a class=\"more-link\" href=\"https:\/\/wp.pop-verlag.com\/?p=4436\">Weiterlesen <span class=\"meta-nav\">&rarr;<\/span><\/a><\/p>\n","protected":false},"author":2,"featured_media":0,"comment_status":"closed","ping_status":"closed","sticky":false,"template":"","format":"standard","meta":{"_jetpack_memberships_contains_paid_content":false,"footnotes":""},"categories":[217,20,211],"tags":[266,309,330,319,294,265,279,282,321,255,324,308,273,318,157,320,293,297,315,269,317,250,259,329,256,267,311,298,291,251,268,287,331,307,264,34,27,276,275,327,301,283,270,314,254,253,316,257,277,306,300,310,290,299,252,288,304,285,249,284,280,296,295,271,292,322,286,272,281,260,313,305,323,263,326,289,303,302,278,262,274,312,328,258,261,325],"class_list":["post-4436","post","type-post","status-publish","format-standard","hentry","category-e-erscheinungsjahr-2019","category-deutsche-literatur","category-p-pop-lesezeichen","tag-admiel-kosman","tag-andreas-noga","tag-anglistik","tag-anthologie","tag-artemis-winkler","tag-aus-dem-hinterland","tag-axel-kutsch","tag-bensch","tag-black-box","tag-buch","tag-buervenich","tag-christoph-leisten","tag-corvinus-presse","tag-das-froehliche-wohnzimmer","tag-dato-barbakadse","tag-der-blaue-schmetterling","tag-deutsche-verlags-anstalt","tag-die-horen","tag-edition-art-science","tag-edition-bauwagen","tag-edition-faust","tag-edition-ye","tag-eifel","tag-england","tag-ernst-jandl","tag-essay","tag-faltblatt","tag-freibord","tag-freudenalphabet","tag-friederike-mayroecker","tag-gedicht","tag-gemaeldegedicht","tag-germanistik","tag-guillermo-deisler","tag-hans-bender","tag-harald-groehler","tag-horst-samson","tag-kastanie","tag-kiesel","tag-koeln","tag-konzepte","tag-kraus","tag-kuenstlerbuch","tag-kunstschachtel","tag-lektuere","tag-lesen","tag-lilienfeld-verlag","tag-lyrik","tag-lyrikkalender","tag-mail-art","tag-manuskripte","tag-maximilian-zander","tag-mittendrin","tag-muschelhaufen","tag-norbert-scheuer","tag-ohne-punkt-und-komma","tag-ostragehege","tag-paragramm","tag-paul-celan","tag-peer-quer","tag-poesie-agenda","tag-poet","tag-poetenladen","tag-pop-verlag","tag-reclam","tag-redfoxpress","tag-reim","tag-richard-berengarten","tag-rolf-dieter-brinkmann","tag-scherben-saufen","tag-schreibwerkstatt","tag-signum","tag-silver-horse-edition","tag-sistig","tag-steinfeld","tag-stillstand-in-der-arena","tag-traian-pop","tag-triedere","tag-versnetze","tag-winterbienen-im-urftland","tag-wolkenstein-verlag","tag-wortrakete","tag-wuppertal","tag-zeitgenoessische-lyrik","tag-zischender-zustand","tag-zuelpich"],"jetpack_sharing_enabled":true,"jetpack_featured_media_url":"","_links":{"self":[{"href":"https:\/\/wp.pop-verlag.com\/index.php?rest_route=\/wp\/v2\/posts\/4436","targetHints":{"allow":["GET"]}}],"collection":[{"href":"https:\/\/wp.pop-verlag.com\/index.php?rest_route=\/wp\/v2\/posts"}],"about":[{"href":"https:\/\/wp.pop-verlag.com\/index.php?rest_route=\/wp\/v2\/types\/post"}],"author":[{"embeddable":true,"href":"https:\/\/wp.pop-verlag.com\/index.php?rest_route=\/wp\/v2\/users\/2"}],"replies":[{"embeddable":true,"href":"https:\/\/wp.pop-verlag.com\/index.php?rest_route=%2Fwp%2Fv2%2Fcomments&post=4436"}],"version-history":[{"count":15,"href":"https:\/\/wp.pop-verlag.com\/index.php?rest_route=\/wp\/v2\/posts\/4436\/revisions"}],"predecessor-version":[{"id":5516,"href":"https:\/\/wp.pop-verlag.com\/index.php?rest_route=\/wp\/v2\/posts\/4436\/revisions\/5516"}],"wp:attachment":[{"href":"https:\/\/wp.pop-verlag.com\/index.php?rest_route=%2Fwp%2Fv2%2Fmedia&parent=4436"}],"wp:term":[{"taxonomy":"category","embeddable":true,"href":"https:\/\/wp.pop-verlag.com\/index.php?rest_route=%2Fwp%2Fv2%2Fcategories&post=4436"},{"taxonomy":"post_tag","embeddable":true,"href":"https:\/\/wp.pop-verlag.com\/index.php?rest_route=%2Fwp%2Fv2%2Ftags&post=4436"}],"curies":[{"name":"wp","href":"https:\/\/api.w.org\/{rel}","templated":true}]}}