{"id":4410,"date":"2019-07-06T05:38:30","date_gmt":"2019-07-06T05:38:30","guid":{"rendered":"https:\/\/wp.pop-verlag.com\/?p=4410"},"modified":"2020-11-16T10:32:00","modified_gmt":"2020-11-16T10:32:00","slug":"admiel-kosman-aus-dem-zwischen-des-hohelieds","status":"publish","type":"post","link":"https:\/\/wp.pop-verlag.com\/?p=4410","title":{"rendered":"Admiel Kosman: Aus dem Zwischen des Hohelieds"},"content":{"rendered":"<p><strong><img loading=\"lazy\" decoding=\"async\" class=\"alignleft wp-image-4430 size-medium\" src=\"https:\/\/wp.pop-verlag.com\/wp-content\/uploads\/2019\/07\/978-3-86356-271-7_A-218x300.jpg\" alt=\"\" width=\"218\" height=\"300\" srcset=\"https:\/\/wp.pop-verlag.com\/wp-content\/uploads\/2019\/07\/978-3-86356-271-7_A-218x300.jpg 218w, https:\/\/wp.pop-verlag.com\/wp-content\/uploads\/2019\/07\/978-3-86356-271-7_A-768x1059.jpg 768w, https:\/\/wp.pop-verlag.com\/wp-content\/uploads\/2019\/07\/978-3-86356-271-7_A-743x1024.jpg 743w, https:\/\/wp.pop-verlag.com\/wp-content\/uploads\/2019\/07\/978-3-86356-271-7_A.jpg 1713w\" sizes=\"auto, (max-width: 218px) 100vw, 218px\" \/><img loading=\"lazy\" decoding=\"async\" class=\"alignleft wp-image-4454 size-medium\" src=\"https:\/\/wp.pop-verlag.com\/wp-content\/uploads\/2019\/07\/978-3-86356-271-7_B-218x300.jpg\" alt=\"\" width=\"218\" height=\"300\" srcset=\"https:\/\/wp.pop-verlag.com\/wp-content\/uploads\/2019\/07\/978-3-86356-271-7_B-218x300.jpg 218w, https:\/\/wp.pop-verlag.com\/wp-content\/uploads\/2019\/07\/978-3-86356-271-7_B-768x1059.jpg 768w, https:\/\/wp.pop-verlag.com\/wp-content\/uploads\/2019\/07\/978-3-86356-271-7_B-743x1024.jpg 743w, https:\/\/wp.pop-verlag.com\/wp-content\/uploads\/2019\/07\/978-3-86356-271-7_B.jpg 1713w\" sizes=\"auto, (max-width: 218px) 100vw, 218px\" \/><a href=\"https:\/\/wp.pop-verlag.com\/?page_id=4443\">Admiel Kosman<\/a>: <a href=\"https:\/\/wp.pop-verlag.com\/?p=4410\">Aus dem Zwischen des Hohelied<\/a>s<\/strong>. Ausgew\u00e4hlte Gedichte.\u00a0Aus dem Hebr\u00e4ischen \u00fcbertragen von <strong><a href=\"https:\/\/wp.pop-verlag.com\/?page_id=4292\">Edith Lutz<\/a><\/strong> in Zusammenarbeit mit <strong><a href=\"http:\/\/wp.pop-verlag.com\/?page_id=1087\">Theo Breuer<\/a><\/strong> und Udi Levy. Mit Vor- und Nachwort herausgegeben von Edith Lutz. Die POP-Verlag-LYRIKREIHE Bd. 132. ISBN 978-3-86356-271-7, 116 Seiten, \u20ac[D]12,80<\/p>\n<p>In Israel ist Admiel Kosman ein bekannter Dichter. Acht Gedicht- b\u00e4nde wurden von israelischen Verlagsh\u00e4usern ver\u00f6ffentlicht. Mehrere Literaturpreise \u2013 der Bernstein-Preis, der Brenner-Preis, der Preis des Premierministers f\u00fcr Literatur \u2013 sind ihm f\u00fcr sein Werk verliehen worden. Israelische Zeitschriften drucken seine Ge-<br \/>\ndichte, bringen Interviews. Anders in Deutschland. Im \u203aLand der Dichter und Denker\u2039 sind nur vereinzelt Gedichte Admiel Kosmans publiziert worden. Mit dem vorliegenden Band wird zum ersten Mal das Wagnis unternommen, Admiel Kosmans Gedichte Lesern im deutschen Sprachraum zug\u00e4nglich zu machen.<\/p>\n<p>&nbsp;<\/p>\n<p>Das Hohelied stellt die ideale sexuelle Begegnung im dialogischen Zwischen vor, aber auch die missgl\u00fcckte, die verpasste, die durch Begierde des Ego bestimmte und die von beiden Partnern gesuchte, auch erfolglos gesuchte. Das gleiche Spektrum ist in Kosmans Gedichten reflektiert. Neben den idealen Begegnungen gegenseitiger mitempfindender Zuwendung geh\u00f6ren auch vorwiegend durch Triebe bestimmte Handlungen in das Spektrum menschlichen Sexuallebens. Selbst Zwang und Gewalt sind nicht ausgeschlossen. Die \u203anicht so heiligen Begegnungen\u2039 sind vergleichbar mit den <em>kleinen F\u00fcchsen<\/em> aus dem Hohelied, die den <em>Weinberg<\/em> (eine Metapher aus der orientalischen Sexualsymbolik, vergleichbar mit dem <em>Garten<\/em>) zu besch\u00e4digen drohen. Auf den moralischen Zeigefinger wird verzichtet. Stattdessen werden in Kosmans Gedichten, dialogisch oder reflektierend, Triebhandlungen mit Witz und Charme geschildert. (<em>Edith Lutz<\/em>)<\/p>\n<p><span class=\"readonlyText multiple\">Lieferbare Titel von<\/span> <strong><a href=\"https:\/\/wp.pop-verlag.com\/?page_id=4443\">Admiel Kosman<\/a>: <\/strong><\/p>\n<p><strong><a href=\"https:\/\/wp.pop-verlag.com\/?p=4410\">&#8211; Aus dem Zwischen des Hohelied<\/a>s<\/strong>. Ausgew\u00e4hlte Gedichte.\u00a0Aus dem Hebr\u00e4ischen \u00fcbertragen von Edith Lutz in Zusammenarbeit mit Theo Breuer und Udi Levy. Mit Vor- und Nachwort herausgegeben von Edith Lutz. Die POP-Verlag-LYRIKREIHE Bd. 132. ISBN978-3-86356-271-7, 116 Seiten, \u20ac[D]12,80<\/p>\n<p><span class=\"readonlyText multiple\">Lieferbare Titel von\u00a0<strong><a href=\"https:\/\/wp.pop-verlag.com\/?page_id=4292\">Edith Lutz<\/a>:<\/strong><\/span><\/p>\n<p><strong><a href=\"https:\/\/wp.pop-verlag.com\/?p=4268\">\u2013 Einer aus Wiesendorf<\/a><\/strong>. Roman, 207 Seiten,\u00a0ISBN: 978-3-86356-268-7, \u20ac[D]16,50<\/p>\n<p><strong>\u2013<\/strong> <strong>Aus dem Zwischen des Hohelieds<\/strong>, Gedichte von <strong>Admiel Kosman<\/strong> in der \u00dcbertragung von Edith Lutz. ISBN: 978-3-86356-271-1<\/p>\n<p>Lieferbare Titel von <strong><a href=\"http:\/\/wp.pop-verlag.com\/?page_id=1087\">Theo Breuer<\/a><\/strong>:<\/p>\n<ul>\n<li><strong>Das gewonnene Alphabet<\/strong>. Gedichte. 122 Seiten. Reihe Lyrik Bd. 54. ISBN 978-3-86356-039-3. <strong>2012<\/strong>. \u20ac[D]12,00.<\/li>\n<li><strong><a href=\"http:\/\/wp.pop-verlag.com\/?p=2366\">Zischender Zustand. Mayr\u00f6cker Time<\/a><\/strong>. Reihe Lesezeichen Bd. 1. ISBN 978-3-86356-152-9. 200 Seiten. <strong>2017<\/strong>. \u20ac[D]16,90.<\/li>\n<li><strong><a href=\"https:\/\/wp.pop-verlag.com\/?p=4048\">Scherben saufen.\u00a0<\/a><\/strong> 171 Seiten. Reihe Lyrik Bd. 129. ISBN 978-3-86356-265-6. <strong>2019<\/strong>. \u20ac[D]15,90.<\/li>\n<li><strong><a href=\"https:\/\/wp.pop-verlag.com\/?p=4436\">Winterbienen im Urftland.<\/a><a href=\"https:\/\/wp.pop-verlag.com\/?p=4436\"> Empfundene \/ erfundene Welten in Norbert Scheuers Gedichten und Geschichten<\/a><\/strong>. 128 Seiten. Reihe Lesezeichen Bd. 5. ISBN 978-3-86356-277-9. <strong>2019<\/strong>. \u20ac[D]12,80.<\/li>\n<\/ul>\n<ul>\n<li><strong>nicht weniger nicht mehr<\/strong>. \u203aGedichte\u2039. <strong><a href=\"https:\/\/wp.pop-verlag.com\/?p=5498\">\u00a0<\/a><\/strong>Reihe Lyrik Bd. 151, 133 Seiten, ISBN 978-3-86356-317-2. <strong>2021<\/strong> \u20ac[D]14,50.<\/li>\n<\/ul>\n<p><em>Herausgabe <\/em><\/p>\n<p>Matrix <em>\u00a0<\/em><\/p>\n<ul>\n<li><strong>Matrix 28<em>. <\/em>Atmendes Alphabet f\u00fcr <a href=\"https:\/\/www.edition-matrix.com\/matrix-22012-28-%e2%80%a2-atmendes-alphabet-fuer-friederike-mayroecker\/\">Friederike Mayr\u00f6cker<\/a><\/strong>. 294 Seiten. <strong>2012<\/strong>. ISSN 1861-8006. \u20ac[D]10,00.<\/li>\n<li><strong><a href=\"https:\/\/www.edition-matrix.com\/matrix-42012-30-%e2%80%a2-jeder-auf-seine-art-fuer-hans-bender\/\">Matrix 29. Jeder auf seine Art f\u00fcr Hans Bender<\/a><\/strong>. 200 Seiten. <strong>2012<\/strong>. ISSN 1861-8006. \u20ac[D]10,00.<\/li>\n<li><strong><a href=\"https:\/\/www.edition-matrix.com\/matrix-februar-2014-axel-kutsch\/\">Matrix 36. Axel Kutsch spannt Versnetze \u00fcbers Wortland<\/a><\/strong>. 242 Seiten. <strong>2014<\/strong>. ISSN 1861-8006. \u20ac[D]10,00.<\/li>\n<li><strong>Matrix 58<em>.<\/em> Zwanzig Tage \u2013 zwanzig Romane\u00a0: Ein Buchspiel<\/strong><strong>. <\/strong>228 Seiten. <strong>2019<\/strong>. ISSN 1861-8006. \u20ac[D]15,00.<\/li>\n<\/ul>\n<p>Einzeltitel<\/p>\n<ul>\n<li><strong><a href=\"https:\/\/wp.pop-verlag.com\/?p=4064\">Hinter die dunkle T\u00fcr<\/a><\/strong>. Vierzeiler 2013 \u2013 2015.\u00a0 Vorwort und <em>Gespr\u00e4ch mit Hans Bender<\/em> von Theo Breuer. 137 Seiten. Lyrik Bd. 125. ISBN 978-3-86356-257-1. <strong>2019<\/strong>. \u20ac[D]14,90.\u00a0<em><br \/>\n<\/em><\/li>\n<\/ul>\n<p><em>\u00dcbertragung<\/em><em>\u00a0<\/em><\/p>\n<ul>\n<li><strong><a href=\"https:\/\/wp.pop-verlag.com\/?p=4410\">Admiel Kosman:\u00a0 Aus dem Zwischen des Hohelied<\/a>s<\/strong>. Ausgew\u00e4hlte Gedichte.\u00a0Aus dem Hebr\u00e4ischen \u00fcbertragen von Edith Lutz in Zusammenarbeit mit Theo Breuer und Udi Levy. Mit Vor- und Nachwort herausgegeben von Edith Lutz. 116 Seiten. Lyrik Bd. 132. <strong>2019<\/strong>. ISBN 978-3-86356-271-7. \u20ac[D]12,80.<\/li>\n<\/ul>\n<p>&nbsp;<\/p>\n","protected":false},"excerpt":{"rendered":"<p>Admiel Kosman: Aus dem Zwischen des Hohelieds. Ausgew\u00e4hlte Gedichte.\u00a0Aus dem Hebr\u00e4ischen \u00fcbertragen von Edith Lutz in Zusammenarbeit mit Theo Breuer und Udi Levy. Mit Vor- und Nachwort herausgegeben von Edith Lutz. Die POP-Verlag-LYRIKREIHE Bd. 132. ISBN 978-3-86356-271-7, 116 Seiten, \u20ac[D]12,80 &hellip; <a class=\"more-link\" href=\"https:\/\/wp.pop-verlag.com\/?p=4410\">Weiterlesen <span class=\"meta-nav\">&rarr;<\/span><\/a><\/p>\n","protected":false},"author":2,"featured_media":0,"comment_status":"closed","ping_status":"closed","sticky":false,"template":"","format":"standard","meta":{"_jetpack_memberships_contains_paid_content":false,"footnotes":""},"categories":[217,8,1],"tags":[],"class_list":["post-4410","post","type-post","status-publish","format-standard","hentry","category-e-erscheinungsjahr-2019","category-pop-lyrik","category-uncategorized"],"jetpack_sharing_enabled":true,"jetpack_featured_media_url":"","_links":{"self":[{"href":"https:\/\/wp.pop-verlag.com\/index.php?rest_route=\/wp\/v2\/posts\/4410","targetHints":{"allow":["GET"]}}],"collection":[{"href":"https:\/\/wp.pop-verlag.com\/index.php?rest_route=\/wp\/v2\/posts"}],"about":[{"href":"https:\/\/wp.pop-verlag.com\/index.php?rest_route=\/wp\/v2\/types\/post"}],"author":[{"embeddable":true,"href":"https:\/\/wp.pop-verlag.com\/index.php?rest_route=\/wp\/v2\/users\/2"}],"replies":[{"embeddable":true,"href":"https:\/\/wp.pop-verlag.com\/index.php?rest_route=%2Fwp%2Fv2%2Fcomments&post=4410"}],"version-history":[{"count":11,"href":"https:\/\/wp.pop-verlag.com\/index.php?rest_route=\/wp\/v2\/posts\/4410\/revisions"}],"predecessor-version":[{"id":5513,"href":"https:\/\/wp.pop-verlag.com\/index.php?rest_route=\/wp\/v2\/posts\/4410\/revisions\/5513"}],"wp:attachment":[{"href":"https:\/\/wp.pop-verlag.com\/index.php?rest_route=%2Fwp%2Fv2%2Fmedia&parent=4410"}],"wp:term":[{"taxonomy":"category","embeddable":true,"href":"https:\/\/wp.pop-verlag.com\/index.php?rest_route=%2Fwp%2Fv2%2Fcategories&post=4410"},{"taxonomy":"post_tag","embeddable":true,"href":"https:\/\/wp.pop-verlag.com\/index.php?rest_route=%2Fwp%2Fv2%2Ftags&post=4410"}],"curies":[{"name":"wp","href":"https:\/\/api.w.org\/{rel}","templated":true}]}}