{"id":4316,"date":"2019-06-04T12:10:05","date_gmt":"2019-06-04T12:10:05","guid":{"rendered":"https:\/\/wp.pop-verlag.com\/?p=4316"},"modified":"2019-06-04T14:15:00","modified_gmt":"2019-06-04T14:15:00","slug":"kalosh-celiku-das-boheme-maedchen-gibt-meinen-buechern-die-brust","status":"publish","type":"post","link":"https:\/\/wp.pop-verlag.com\/?p=4316","title":{"rendered":"Kalosh \u00c7eliku: Das boheme M\u00e4dchen gibt meinen B\u00fcchern die Brust"},"content":{"rendered":"<p><strong><img loading=\"lazy\" decoding=\"async\" class=\"alignleft wp-image-4320 size-medium\" src=\"https:\/\/wp.pop-verlag.com\/wp-content\/uploads\/2019\/06\/978-3-86356-035-5_A-210x300.jpg\" alt=\"\" width=\"210\" height=\"300\" srcset=\"https:\/\/wp.pop-verlag.com\/wp-content\/uploads\/2019\/06\/978-3-86356-035-5_A-210x300.jpg 210w, https:\/\/wp.pop-verlag.com\/wp-content\/uploads\/2019\/06\/978-3-86356-035-5_A-768x1097.jpg 768w, https:\/\/wp.pop-verlag.com\/wp-content\/uploads\/2019\/06\/978-3-86356-035-5_A-717x1024.jpg 717w, https:\/\/wp.pop-verlag.com\/wp-content\/uploads\/2019\/06\/978-3-86356-035-5_A.jpg 1654w\" sizes=\"auto, (max-width: 210px) 100vw, 210px\" \/> <img loading=\"lazy\" decoding=\"async\" class=\"alignleft wp-image-4321 size-medium\" src=\"https:\/\/wp.pop-verlag.com\/wp-content\/uploads\/2019\/06\/978-3-86356-035-5_B-210x300.jpg\" alt=\"\" width=\"210\" height=\"300\" srcset=\"https:\/\/wp.pop-verlag.com\/wp-content\/uploads\/2019\/06\/978-3-86356-035-5_B-210x300.jpg 210w, https:\/\/wp.pop-verlag.com\/wp-content\/uploads\/2019\/06\/978-3-86356-035-5_B-768x1097.jpg 768w, https:\/\/wp.pop-verlag.com\/wp-content\/uploads\/2019\/06\/978-3-86356-035-5_B-717x1024.jpg 717w, https:\/\/wp.pop-verlag.com\/wp-content\/uploads\/2019\/06\/978-3-86356-035-5_B.jpg 1654w\" sizes=\"auto, (max-width: 210px) 100vw, 210px\" \/><a href=\"https:\/\/wp.pop-verlag.com\/?page_id=4323\">Kalosh \u00c7eliku<\/a>: <a href=\"https:\/\/wp.pop-verlag.com\/?p=4316\">Das boheme M\u00e4dchen gibt meinen B\u00fcchern die Brust<\/a><\/strong>. Gesammelte Gedichte. Aus dem Albanischen von <a href=\"https:\/\/wp.pop-verlag.com\/?page_id=4332\">Arb\u00ebr \u00c7eliku<\/a>. Herausgegeben von Uli Rothfuss. Lyrikreihe Bd. 53; ISBN 978-3-86356-035-5; 86 Seiten, \u20ac[D]14,80<\/p>\n<p>&nbsp;<\/p>\n<p>&nbsp;<\/p>\n<p>Lieferbare Titel von <strong><a href=\"https:\/\/wp.pop-verlag.com\/?page_id=4323\">Kalosh \u00c7eliku<\/a>: <a href=\"https:\/\/wp.pop-verlag.com\/?p=4316\">Das boheme M\u00e4dchen gibt meinen B\u00fcchern die Brust<\/a><\/strong>. Gesammelte Gedichte. Aus dem Albanischen von <a href=\"https:\/\/wp.pop-verlag.com\/?page_id=4332\">Arb\u00ebr \u00c7eliku<\/a>. Lyrikreihe Bd. 53; ISBN 978-3-86356-035-5; 86 Seiten, \u20ac[D]14,80<\/p>\n","protected":false},"excerpt":{"rendered":"<p>Kalosh \u00c7eliku: Das boheme M\u00e4dchen gibt meinen B\u00fcchern die Brust. Gesammelte Gedichte. Aus dem Albanischen von Arb\u00ebr \u00c7eliku. Herausgegeben von Uli Rothfuss. Lyrikreihe Bd. 53; ISBN 978-3-86356-035-5; 86 Seiten, \u20ac[D]14,80 &nbsp; &nbsp; Lieferbare Titel von Kalosh \u00c7eliku: Das boheme M\u00e4dchen &hellip; <a class=\"more-link\" href=\"https:\/\/wp.pop-verlag.com\/?p=4316\">Weiterlesen <span class=\"meta-nav\">&rarr;<\/span><\/a><\/p>\n","protected":false},"author":2,"featured_media":0,"comment_status":"closed","ping_status":"closed","sticky":false,"template":"","format":"standard","meta":{"_jetpack_memberships_contains_paid_content":false,"footnotes":""},"categories":[16,219,8],"tags":[222,223,220,221],"class_list":["post-4316","post","type-post","status-publish","format-standard","hentry","category-erscheinungsjahr-2012","category-albanische-literatur","category-pop-lyrik","tag-albanische-literatur","tag-balkan-literatur","tag-nordmazedonien","tag-skopje"],"jetpack_sharing_enabled":true,"jetpack_featured_media_url":"","_links":{"self":[{"href":"https:\/\/wp.pop-verlag.com\/index.php?rest_route=\/wp\/v2\/posts\/4316","targetHints":{"allow":["GET"]}}],"collection":[{"href":"https:\/\/wp.pop-verlag.com\/index.php?rest_route=\/wp\/v2\/posts"}],"about":[{"href":"https:\/\/wp.pop-verlag.com\/index.php?rest_route=\/wp\/v2\/types\/post"}],"author":[{"embeddable":true,"href":"https:\/\/wp.pop-verlag.com\/index.php?rest_route=\/wp\/v2\/users\/2"}],"replies":[{"embeddable":true,"href":"https:\/\/wp.pop-verlag.com\/index.php?rest_route=%2Fwp%2Fv2%2Fcomments&post=4316"}],"version-history":[{"count":5,"href":"https:\/\/wp.pop-verlag.com\/index.php?rest_route=\/wp\/v2\/posts\/4316\/revisions"}],"predecessor-version":[{"id":4336,"href":"https:\/\/wp.pop-verlag.com\/index.php?rest_route=\/wp\/v2\/posts\/4316\/revisions\/4336"}],"wp:attachment":[{"href":"https:\/\/wp.pop-verlag.com\/index.php?rest_route=%2Fwp%2Fv2%2Fmedia&parent=4316"}],"wp:term":[{"taxonomy":"category","embeddable":true,"href":"https:\/\/wp.pop-verlag.com\/index.php?rest_route=%2Fwp%2Fv2%2Fcategories&post=4316"},{"taxonomy":"post_tag","embeddable":true,"href":"https:\/\/wp.pop-verlag.com\/index.php?rest_route=%2Fwp%2Fv2%2Ftags&post=4316"}],"curies":[{"name":"wp","href":"https:\/\/api.w.org\/{rel}","templated":true}]}}