{"id":4272,"date":"2019-05-22T04:23:40","date_gmt":"2019-05-22T04:23:40","guid":{"rendered":"https:\/\/wp.pop-verlag.com\/?p=4272"},"modified":"2019-05-22T05:12:54","modified_gmt":"2019-05-22T05:12:54","slug":"kaperfahrten","status":"publish","type":"post","link":"https:\/\/wp.pop-verlag.com\/?p=4272","title":{"rendered":"Kaperfahrten"},"content":{"rendered":"<p><strong><img loading=\"lazy\" decoding=\"async\" class=\"alignleft wp-image-4279 size-medium\" src=\"https:\/\/wp.pop-verlag.com\/wp-content\/uploads\/2019\/05\/978-3-86356-259-5_A-210x300.jpg\" alt=\"\" width=\"210\" height=\"300\" srcset=\"https:\/\/wp.pop-verlag.com\/wp-content\/uploads\/2019\/05\/978-3-86356-259-5_A-210x300.jpg 210w, https:\/\/wp.pop-verlag.com\/wp-content\/uploads\/2019\/05\/978-3-86356-259-5_A-768x1097.jpg 768w, https:\/\/wp.pop-verlag.com\/wp-content\/uploads\/2019\/05\/978-3-86356-259-5_A-717x1024.jpg 717w, https:\/\/wp.pop-verlag.com\/wp-content\/uploads\/2019\/05\/978-3-86356-259-5_A.jpg 1654w\" sizes=\"auto, (max-width: 210px) 100vw, 210px\" \/> <img loading=\"lazy\" decoding=\"async\" class=\"alignleft wp-image-4280 size-medium\" src=\"https:\/\/wp.pop-verlag.com\/wp-content\/uploads\/2019\/05\/978-3-86356-259-B_A-210x300.jpg\" alt=\"\" width=\"210\" height=\"300\" srcset=\"https:\/\/wp.pop-verlag.com\/wp-content\/uploads\/2019\/05\/978-3-86356-259-B_A-210x300.jpg 210w, https:\/\/wp.pop-verlag.com\/wp-content\/uploads\/2019\/05\/978-3-86356-259-B_A-768x1097.jpg 768w, https:\/\/wp.pop-verlag.com\/wp-content\/uploads\/2019\/05\/978-3-86356-259-B_A-717x1024.jpg 717w, https:\/\/wp.pop-verlag.com\/wp-content\/uploads\/2019\/05\/978-3-86356-259-B_A.jpg 1654w\" sizes=\"auto, (max-width: 210px) 100vw, 210px\" \/><a href=\"https:\/\/wp.pop-verlag.com\/?p=4272\">Kaperfahrten<\/a><\/strong>: Neue Geschichten von Mensch zu Mensch, auf Raubz\u00fcgen literarischer Art zehn Jahre lang in der Eifel erbeutet, erfunden, notiert, von 2009 bis 2018 ins Bordbuch eingetragen. KOGGE-Literarurforum Himmerod. Herausgegeben von <strong>Ma\u0142gorzata P\u0142oszewska<\/strong> und <a href=\"https:\/\/wp.pop-verlag.com\/?page_id=2274\"><strong>Bernd Kebelmann<\/strong><\/a>. Die POP-Verlag-Fragmentariumreihe, Bd. 13. ISBN: 978-3-86356-259-5, 410 Seiten, \u20ac[D]19,80<\/p>\n<p>| Uta Abel | Elke Barker | Pilar Baumeister | Mark Behrens | Irma Britze-Shiolashvili | Ute Dietl | Marina D&#8217;Oro | Dagmar Dusil | Margarete Franz | Eric Giebel | Jan Maria Greven | Harald Gr\u00f6hler | Friedrich Grotjahn | Sigrun Hilland | Hugo Ernst K\u00e4ufer | Bernd Kebelmann | Ren\u00e9 Klammer | Susanne Konrad | Heinz Wolfgang Krapf | Erika Kronabitter | Horst Landau | Elmy Lang | Marc Mandel | Gerty Mohr | Marcus Neuert | Elke Oertgen-Twiehaus | Ma\u0142gorzata P\u0142oszewska | Heide Rieck | Annelise von Rudloff-Miglo | Stephan Reimund Senge | Tarja Sohmer | Friedrich-Wilhelm Steffen | Piotr Szczepa\u0144ski | Gabriela Szubstarska | Ursula Teicher-Maier | Iris Welker-Sturm | Myron Wojtowytsch | Barbara Zeizinger |<\/p>\n<p>Wohl kaum jemand wird auf die Frage, welchen Beruf er oder sie aus\u00fcbe, antworten: \u201eIch bin Dichter!\u201c da k\u00f6nnte jemand schlie\u00dfen: \u201eDer ist nicht ganz dicht!\u201c<br \/>\n[\u2026]<br \/>\nGottes Geist, so erfahre ich es oft, schenkt Fantasie, die Grenzen in Frage stellt und dar\u00fcber hinwegfliegt. Der Mensch ersinnt Gedichte und Geschichten in jedweder Form, er siedelt sie im bisher un\u00fcblichen, ungewohnten Gel\u00e4nde an und entfaltet sie, er spielt und probiert und umt\u00e4nzelt und singt Wirklichkeiten, die noch niemand bisher auf diese Weise instrumentiert hat. (Stephan Reimund Senge, \u201eVom Dichtersein\u201c)<\/p>\n<p>Die KOGGE im POP-Verlag:<\/p>\n<p>\u2022 Charlotte Ueckert und Manfred Chobot (Hrsg.) \u2022 Der Jaguar im Spiegel. Ein KOGGE Lesebuch. Mit einem Vorwort von Uli Rothfuss. (FRAGMENTARIUM- Sammlung); 342 S., ISBN: 978-3-937139-93-7. \u20ac[D] 18,&#8211;.<\/p>\n<p>\u2022 MATRIX 32_2\/2013 \u2022 60 Jahre Die KOGGE in Minden \u2022 146 Seiten mit und \u00fcber Die KOGGE \u2022 210 S., ISSN: 1861-8006. \u20ac[D] 10,&#8211;.<\/p>\n<p>Chronik der KOGGE<br \/>\n1924: DIE KOGGE wird in Bremen gegr\u00fcndet als Freundeskreis niederdeutscher Autoren: Ludwig B\u00e4te, Hans Leip, Wilhelm Scharrelmann, Hans Franck, Manfred Hausmann, August Hinrichs, Hans Friedrich Blunck u.a.<br \/>\n1933-1945: Das NS-Regime erzwingt die Vereinigung aller Schriftstellerver- b\u00e4nde in der von Goebbels 1933 befohlenen Reichsschrifttumskammer (RSK). Kogge-Mitglied Hans Friedrich Blunck wird deren erster Pr\u00e4sident. DIE KOGGE l\u00f6st sich daraufhin 1934 selbst auf.<br \/>\n1953: In der Hansestadt Minden wird DIE KOGGE neu gegr\u00fcndet. Sie nimmt erstmals Autoren aus den Nieder- landen, Belgien u. a. westeurop\u00e4ischen Staaten auf.<br \/>\n1964: Die verst\u00e4rkte Mitgliedschaft von Autoren anderer L\u00e4nder f\u00fchrt zur Umbenennung der KOGGE in \u201eWest- europ\u00e4ische Autorenvereinigung\u201c.<br \/>\n1971: Beginnt das KOGGE-Literatur- forum Himmerod; es wird ohne Unter- brechung bis heute durchgef\u00fchrt.<br \/>\n1973: Zahlreiche Autoren aus weiteren europ\u00e4ischen L\u00e4ndern (Bulgarien, Italien, \u00d6sterreich, Polen, Rum\u00e4nien, Schweiz, Ungarn, Schweden, Russ- land) sind beigetreten. Dies f\u00fchrt zur Namensgebung \u201eEurop\u00e4ische Autoren- vereinigung DIE KOGGE e.V.\u201c, mit Sitz in Minden\/Westfalen.<br \/>\n2016: Beginnt der Wechsel der KOGGE-Jahrestreffen zwischen Min- den und Stein bei N\u00fcrnberg<\/p>\n","protected":false},"excerpt":{"rendered":"<p>Kaperfahrten: Neue Geschichten von Mensch zu Mensch, auf Raubz\u00fcgen literarischer Art zehn Jahre lang in der Eifel erbeutet, erfunden, notiert, von 2009 bis 2018 ins Bordbuch eingetragen. KOGGE-Literarurforum Himmerod. Herausgegeben von Ma\u0142gorzata P\u0142oszewska und Bernd Kebelmann. Die POP-Verlag-Fragmentariumreihe, Bd. 13. &hellip; <a class=\"more-link\" href=\"https:\/\/wp.pop-verlag.com\/?p=4272\">Weiterlesen <span class=\"meta-nav\">&rarr;<\/span><\/a><\/p>\n","protected":false},"author":2,"featured_media":0,"comment_status":"closed","ping_status":"closed","sticky":false,"template":"","format":"standard","meta":{"_jetpack_memberships_contains_paid_content":false,"footnotes":""},"categories":[217,20,29],"tags":[],"class_list":["post-4272","post","type-post","status-publish","format-standard","hentry","category-e-erscheinungsjahr-2019","category-deutsche-literatur","category-fragmentarium-sammlung"],"jetpack_sharing_enabled":true,"jetpack_featured_media_url":"","_links":{"self":[{"href":"https:\/\/wp.pop-verlag.com\/index.php?rest_route=\/wp\/v2\/posts\/4272","targetHints":{"allow":["GET"]}}],"collection":[{"href":"https:\/\/wp.pop-verlag.com\/index.php?rest_route=\/wp\/v2\/posts"}],"about":[{"href":"https:\/\/wp.pop-verlag.com\/index.php?rest_route=\/wp\/v2\/types\/post"}],"author":[{"embeddable":true,"href":"https:\/\/wp.pop-verlag.com\/index.php?rest_route=\/wp\/v2\/users\/2"}],"replies":[{"embeddable":true,"href":"https:\/\/wp.pop-verlag.com\/index.php?rest_route=%2Fwp%2Fv2%2Fcomments&post=4272"}],"version-history":[{"count":8,"href":"https:\/\/wp.pop-verlag.com\/index.php?rest_route=\/wp\/v2\/posts\/4272\/revisions"}],"predecessor-version":[{"id":4282,"href":"https:\/\/wp.pop-verlag.com\/index.php?rest_route=\/wp\/v2\/posts\/4272\/revisions\/4282"}],"wp:attachment":[{"href":"https:\/\/wp.pop-verlag.com\/index.php?rest_route=%2Fwp%2Fv2%2Fmedia&parent=4272"}],"wp:term":[{"taxonomy":"category","embeddable":true,"href":"https:\/\/wp.pop-verlag.com\/index.php?rest_route=%2Fwp%2Fv2%2Fcategories&post=4272"},{"taxonomy":"post_tag","embeddable":true,"href":"https:\/\/wp.pop-verlag.com\/index.php?rest_route=%2Fwp%2Fv2%2Ftags&post=4272"}],"curies":[{"name":"wp","href":"https:\/\/api.w.org\/{rel}","templated":true}]}}