{"id":4268,"date":"2019-05-17T14:53:25","date_gmt":"2019-05-17T14:53:25","guid":{"rendered":"https:\/\/wp.pop-verlag.com\/?p=4268"},"modified":"2019-06-16T19:27:01","modified_gmt":"2019-06-16T19:27:01","slug":"edith-lutz-einer-aus-wiesendorf","status":"publish","type":"post","link":"https:\/\/wp.pop-verlag.com\/?p=4268","title":{"rendered":"Edith Lutz: Einer aus Wiesendorf"},"content":{"rendered":"<p><strong><img loading=\"lazy\" decoding=\"async\" class=\"alignleft wp-image-4289 size-medium\" src=\"https:\/\/wp.pop-verlag.com\/wp-content\/uploads\/2019\/05\/978-3-86356-268-7_A-210x300.jpg\" alt=\"\" width=\"210\" height=\"300\" srcset=\"https:\/\/wp.pop-verlag.com\/wp-content\/uploads\/2019\/05\/978-3-86356-268-7_A-210x300.jpg 210w, https:\/\/wp.pop-verlag.com\/wp-content\/uploads\/2019\/05\/978-3-86356-268-7_A-768x1097.jpg 768w, https:\/\/wp.pop-verlag.com\/wp-content\/uploads\/2019\/05\/978-3-86356-268-7_A-717x1024.jpg 717w, https:\/\/wp.pop-verlag.com\/wp-content\/uploads\/2019\/05\/978-3-86356-268-7_A.jpg 1654w\" sizes=\"auto, (max-width: 210px) 100vw, 210px\" \/> <img loading=\"lazy\" decoding=\"async\" class=\"alignleft wp-image-4290 size-medium\" src=\"https:\/\/wp.pop-verlag.com\/wp-content\/uploads\/2019\/05\/978-3-86356-268-7_B-210x300.jpg\" alt=\"\" width=\"210\" height=\"300\" srcset=\"https:\/\/wp.pop-verlag.com\/wp-content\/uploads\/2019\/05\/978-3-86356-268-7_B-210x300.jpg 210w, https:\/\/wp.pop-verlag.com\/wp-content\/uploads\/2019\/05\/978-3-86356-268-7_B-768x1097.jpg 768w, https:\/\/wp.pop-verlag.com\/wp-content\/uploads\/2019\/05\/978-3-86356-268-7_B-717x1024.jpg 717w, https:\/\/wp.pop-verlag.com\/wp-content\/uploads\/2019\/05\/978-3-86356-268-7_B.jpg 1654w\" sizes=\"auto, (max-width: 210px) 100vw, 210px\" \/><a href=\"https:\/\/wp.pop-verlag.com\/?page_id=4292\">Edith Lutz<\/a>: <a href=\"https:\/\/wp.pop-verlag.com\/?p=4268\">Einer aus Wiesendorf<\/a><\/strong>. Roman, 207 Seiten,\u00a0ISBN: 978-3-86356-268-7, \u20ac[D]16,50<\/p>\n<p style=\"margin: 0cm 3.75pt .0001pt 0cm;\">F\u00fcr den Roman <em>Einer aus Wiesendorf<\/em>, der aus Erinnerungen sowie Nachforschungen zu den betreffenden historischen Ereignissen hervorgegangen ist, wurde Material aus den folgenden Archiven verarbeitet: Auschwitz-Archiv, Bayer-Archiv, Bundesarchiv, NRW-Rhein\u00adland Archiv, Stadtarchiv Leverkusen. Dem nachempfundenen Pro\u00adzessgeschehen liegen erhalten gebliebene juristische Dokumente sowie Briefe aus dem Familiennachlass zugrunde. Auf dieser Basis sind Orte, Personen und Handlung \u2013 mehr oder weniger \u2013 frei erdacht. (Aus dem Nachwort der Autorin)<\/p>\n<p>Der ungekl\u00e4rte Tod des Werkmeisters Walter Paul und dessen schriftliche Hinterlassenschaft veranlassen die j\u00fcngste Tochter zu Nachforschungen. Gemeinsam mit dem Erz\u00e4hler des Romans und dessen \u203aKamera\u2039 begibt sie sich auf Spurensuche in der Farbenstadt Wiesendorf. Hier arbeitete Walter Paul in der Kautschukabteilung der weltber\u00fchmten Farbenwerke und verhalf dem Konzern mit seinen Erfindungen zu ansehnlichen Gewinnen. Die aufgefundenen Spuren werden in einen zeitgeschichtlichen Rahmen gesetzt: Beginnend in der Zeit des aufkommenden Nationalsozialismus, f\u00fchrt die Geschichte des Romans <em>Einer aus Wiesendorf<\/em> \u00fcber Kriegs- und Nachkriegsjahre in die Zeit noch andauernder Verdr\u00e4ngung. In diesem Roman, der auf Geschehnissen basiert, die sich in vergleichbarer Weise zugetragen haben, geht es um mehr als ein Einzelschicksal; denn die Kr\u00e4fte, denen <em>Einer aus Wiesendorf<\/em> zum Opfer f\u00e4llt, sind die gleichen, die f\u00fcr das Leid einer Vielzahl von Menschen verantwortlich sind: das Streben nach Macht und Profit.<\/p>\n<p><span class=\"readonlyText multiple\">(Demn\u00e4chst) Lieferbare Titel von Edith Lutz:<\/span><\/p>\n<p><strong><a href=\"https:\/\/wp.pop-verlag.com\/?p=4268\">&#8211; Einer aus Wiesendorf<\/a><\/strong>. Roman, 207 Seiten,\u00a0ISBN: 978-3-86356-268-7, \u20ac[D]16,50<\/p>\n<p><strong>&#8211;<\/strong> <strong>Aus dem Zwischen des Hohelieds<\/strong>, Gedichte von <strong>Admiel Kosman<\/strong> in der \u00dcbertragung von Edith Lutz. ISBN: 978-3-86356-271-1<\/p>\n","protected":false},"excerpt":{"rendered":"<p>Edith Lutz: Einer aus Wiesendorf. Roman, 207 Seiten,\u00a0ISBN: 978-3-86356-268-7, \u20ac[D]16,50 F\u00fcr den Roman Einer aus Wiesendorf, der aus Erinnerungen sowie Nachforschungen zu den betreffenden historischen Ereignissen hervorgegangen ist, wurde Material aus den folgenden Archiven verarbeitet: Auschwitz-Archiv, Bayer-Archiv, Bundesarchiv, NRW-Rhein\u00adland Archiv, &hellip; <a class=\"more-link\" href=\"https:\/\/wp.pop-verlag.com\/?p=4268\">Weiterlesen <span class=\"meta-nav\">&rarr;<\/span><\/a><\/p>\n","protected":false},"author":2,"featured_media":0,"comment_status":"closed","ping_status":"closed","sticky":false,"template":"","format":"standard","meta":{"_jetpack_memberships_contains_paid_content":false,"footnotes":""},"categories":[217,20,9],"tags":[],"class_list":["post-4268","post","type-post","status-publish","format-standard","hentry","category-e-erscheinungsjahr-2019","category-deutsche-literatur","category-pop-epik"],"jetpack_sharing_enabled":true,"jetpack_featured_media_url":"","_links":{"self":[{"href":"https:\/\/wp.pop-verlag.com\/index.php?rest_route=\/wp\/v2\/posts\/4268","targetHints":{"allow":["GET"]}}],"collection":[{"href":"https:\/\/wp.pop-verlag.com\/index.php?rest_route=\/wp\/v2\/posts"}],"about":[{"href":"https:\/\/wp.pop-verlag.com\/index.php?rest_route=\/wp\/v2\/types\/post"}],"author":[{"embeddable":true,"href":"https:\/\/wp.pop-verlag.com\/index.php?rest_route=\/wp\/v2\/users\/2"}],"replies":[{"embeddable":true,"href":"https:\/\/wp.pop-verlag.com\/index.php?rest_route=%2Fwp%2Fv2%2Fcomments&post=4268"}],"version-history":[{"count":7,"href":"https:\/\/wp.pop-verlag.com\/index.php?rest_route=\/wp\/v2\/posts\/4268\/revisions"}],"predecessor-version":[{"id":4352,"href":"https:\/\/wp.pop-verlag.com\/index.php?rest_route=\/wp\/v2\/posts\/4268\/revisions\/4352"}],"wp:attachment":[{"href":"https:\/\/wp.pop-verlag.com\/index.php?rest_route=%2Fwp%2Fv2%2Fmedia&parent=4268"}],"wp:term":[{"taxonomy":"category","embeddable":true,"href":"https:\/\/wp.pop-verlag.com\/index.php?rest_route=%2Fwp%2Fv2%2Fcategories&post=4268"},{"taxonomy":"post_tag","embeddable":true,"href":"https:\/\/wp.pop-verlag.com\/index.php?rest_route=%2Fwp%2Fv2%2Ftags&post=4268"}],"curies":[{"name":"wp","href":"https:\/\/api.w.org\/{rel}","templated":true}]}}