{"id":418,"date":"2015-05-04T17:38:24","date_gmt":"2015-05-04T17:38:24","guid":{"rendered":"http:\/\/wp.pop-verlag.com\/?p=418"},"modified":"2018-07-27T15:26:08","modified_gmt":"2018-07-27T15:26:08","slug":"julia-schiff-verschiebungen","status":"publish","type":"post","link":"https:\/\/wp.pop-verlag.com\/?p=418","title":{"rendered":"Julia Schiff: &#8222;Verschiebungen&#8220;"},"content":{"rendered":"<p><a href=\"http:\/\/wp.pop-verlag.com\/wp-content\/uploads\/2015\/05\/juliaschiff_verschiebungen.jpg\"><img loading=\"lazy\" decoding=\"async\" class=\"alignleft wp-image-410 size-medium\" src=\"http:\/\/wp.pop-verlag.com\/wp-content\/uploads\/2015\/05\/juliaschiff_verschiebungen-218x300.jpg\" alt=\"juliaschiff_verschiebungen\" width=\"218\" height=\"300\" \/><\/a><\/p>\n<p>Julia Schiff: <a href=\"http:\/\/wp.pop-verlag.com\/?p=418\">&#8222;Verschiebungen&#8220;<\/a><br \/>\nRoman<\/p>\n<p>Pop Epik<\/p>\n<p>220 Seiten, 15,50 \u20ac<br \/>\nISBN 978-3-86356-075-1<\/p>\n<p>&nbsp;<\/p>\n<p>Der Roman Verschiebungen handelt von den gewaltsamen Ver\u00e4nderun-gen im Leben einer Temeswarer Lehrerin und Schriftstellerin, die sie immer wieder zu Umwegen und Neuanf\u00e4ngen zwingen. Die Deportation in die B\u0103r\u0103gansteppe in der Kindheit \u00fcberschattet auf Jahrzehn-te ihr Leben. F\u00fcr viele Jahre kann sie nicht als Gymnasiallehrerin ar-beiten, gewinnt aber als \u00dcbersetze-rin im literarisch-k\u00fcnstlerischen Bereich Einblick in das literarische Leben ihrer Stadt, das bestimmt wird von der staatlichen Zensur. Verst\u00fcmmelungen und Modifizierungen der zur Ver\u00f6ffentlichung eingereichten Texte sind an der Tagesord-nung. Die Protagonistin erf\u00e4hrt, wie die Staatssicherheitsbeh\u00f6rden Menschen sys-tematisch brechen und zur Mitarbeit zwingen. Immer mehr aus dem Kreis befreundeter deutscher Intellektueller, K\u00fcnstler und Schriftsteller verlassen deshalb das Land. Eine Schicksalsgemeinschaft l\u00f6st sich auf. Die ersten und entt\u00e4uschenden Erfahrungen in M\u00fcnchen, dem neuen Aufenthalt, beschlie\u00dfen den Roman.<\/p>\n<p>Lieferbare Titel von <strong><a href=\"https:\/\/wp.pop-verlag.com\/?page_id=3435\">Julia Schiff<\/a><\/strong><a href=\"https:\/\/wp.pop-verlag.com\/?page_id=3435\">:<\/a><\/p>\n<ul>\n<li><strong><a href=\"http:\/\/wp.pop-verlag.com\/?p=242\">\u00a0Reihertanz<\/a><\/strong>. Roman. 268 Seiten, ISBN 978-3-86356-014-0\u20ac [D]15,80;<\/li>\n<\/ul>\n<ul>\n<li><strong>\u201c<a href=\"http:\/\/wp.pop-verlag.com\/?p=392\">Steppensalz<\/a><\/strong>\u201d. Aufzeichnungen eines Ausgesiedelten. Roman. 284 Seiten, ISBN 978-3-86356-033-1, \u20ac [D]15,80<\/li>\n<li><strong><a href=\"http:\/\/wp.pop-verlag.com\/?p=418\">Verschiebungen<\/a><\/strong><a href=\"http:\/\/wp.pop-verlag.com\/?p=418\">. <\/a>Roman. 220 Seiten,\u00a0ISBN 978-3-86356-075-1,\u00a0 \u20ac [D]15,50<\/li>\n<li><strong>Gy\u0151rffy \u00c1kos, Regungslos<\/strong> (\u00dcbersetzung des Lyrikbandes <strong>Nem mozdul<\/strong> aus dem Ungarischen ins Deutsche<\/li>\n<li><strong><a href=\"http:\/\/wp.pop-verlag.com\/?page_id=2561\">Gy\u00f6rgy Mandics <\/a>\/ <a href=\"http:\/\/wp.pop-verlag.com\/?page_id=2563\">Zsuzsanna M. Veress<\/a>. <a href=\"http:\/\/wp.pop-verlag.com\/?p=2567\">Aus den Aufzeichnungen von J\u00e1nos Bolyai<\/a><\/strong><br \/>\nAus dem Ungarischen von Julia Schiff. \u00dcberarbeitet von Peter Gehrisch.Gedichte.Pop Lyrik. ISBN: 978-3-86356-148-2, 72 Seiten, \u20ac [D]16,50<\/li>\n<\/ul>\n<p>&nbsp;<\/p>\n","protected":false},"excerpt":{"rendered":"<p>Julia Schiff: &#8222;Verschiebungen&#8220; Roman Pop Epik 220 Seiten, 15,50 \u20ac ISBN 978-3-86356-075-1 &nbsp; Der Roman Verschiebungen handelt von den gewaltsamen Ver\u00e4nderun-gen im Leben einer Temeswarer Lehrerin und Schriftstellerin, die sie immer wieder zu Umwegen und Neuanf\u00e4ngen zwingen. Die Deportation in &hellip; <a class=\"more-link\" href=\"https:\/\/wp.pop-verlag.com\/?p=418\">Weiterlesen <span class=\"meta-nav\">&rarr;<\/span><\/a><\/p>\n","protected":false},"author":1,"featured_media":0,"comment_status":"closed","ping_status":"closed","sticky":false,"template":"","format":"standard","meta":{"_jetpack_memberships_contains_paid_content":false,"footnotes":""},"categories":[17,22,9],"tags":[81,171],"class_list":["post-418","post","type-post","status-publish","format-standard","hentry","category-erscheinungsjahr-2013","category-rumaenische-literatur","category-pop-epik","tag-julia-schiff","tag-verschiebungen"],"jetpack_sharing_enabled":true,"jetpack_featured_media_url":"","_links":{"self":[{"href":"https:\/\/wp.pop-verlag.com\/index.php?rest_route=\/wp\/v2\/posts\/418","targetHints":{"allow":["GET"]}}],"collection":[{"href":"https:\/\/wp.pop-verlag.com\/index.php?rest_route=\/wp\/v2\/posts"}],"about":[{"href":"https:\/\/wp.pop-verlag.com\/index.php?rest_route=\/wp\/v2\/types\/post"}],"author":[{"embeddable":true,"href":"https:\/\/wp.pop-verlag.com\/index.php?rest_route=\/wp\/v2\/users\/1"}],"replies":[{"embeddable":true,"href":"https:\/\/wp.pop-verlag.com\/index.php?rest_route=%2Fwp%2Fv2%2Fcomments&post=418"}],"version-history":[{"count":7,"href":"https:\/\/wp.pop-verlag.com\/index.php?rest_route=\/wp\/v2\/posts\/418\/revisions"}],"predecessor-version":[{"id":3447,"href":"https:\/\/wp.pop-verlag.com\/index.php?rest_route=\/wp\/v2\/posts\/418\/revisions\/3447"}],"wp:attachment":[{"href":"https:\/\/wp.pop-verlag.com\/index.php?rest_route=%2Fwp%2Fv2%2Fmedia&parent=418"}],"wp:term":[{"taxonomy":"category","embeddable":true,"href":"https:\/\/wp.pop-verlag.com\/index.php?rest_route=%2Fwp%2Fv2%2Fcategories&post=418"},{"taxonomy":"post_tag","embeddable":true,"href":"https:\/\/wp.pop-verlag.com\/index.php?rest_route=%2Fwp%2Fv2%2Ftags&post=418"}],"curies":[{"name":"wp","href":"https:\/\/api.w.org\/{rel}","templated":true}]}}