{"id":4125,"date":"2019-03-17T14:42:20","date_gmt":"2019-03-17T14:42:20","guid":{"rendered":"https:\/\/wp.pop-verlag.com\/?p=4125"},"modified":"2019-03-17T14:43:11","modified_gmt":"2019-03-17T14:43:11","slug":"mico-cvijetic-donjebjesspece-himmelfahr","status":"publish","type":"post","link":"https:\/\/wp.pop-verlag.com\/?p=4125","title":{"rendered":"Mi\u0107o Cvijeti\u0107: Donjebjessp\u011b\u0107e \/ Himmelfahr"},"content":{"rendered":"<p><img loading=\"lazy\" decoding=\"async\" class=\"alignleft wp-image-4126 size-medium\" src=\"https:\/\/wp.pop-verlag.com\/wp-content\/uploads\/2019\/03\/978-3-86356-260-1_A-210x300.jpg\" alt=\"\" width=\"210\" height=\"300\" srcset=\"https:\/\/wp.pop-verlag.com\/wp-content\/uploads\/2019\/03\/978-3-86356-260-1_A-210x300.jpg 210w, https:\/\/wp.pop-verlag.com\/wp-content\/uploads\/2019\/03\/978-3-86356-260-1_A-768x1097.jpg 768w, https:\/\/wp.pop-verlag.com\/wp-content\/uploads\/2019\/03\/978-3-86356-260-1_A-717x1024.jpg 717w, https:\/\/wp.pop-verlag.com\/wp-content\/uploads\/2019\/03\/978-3-86356-260-1_A.jpg 1654w\" sizes=\"auto, (max-width: 210px) 100vw, 210px\" \/> <img loading=\"lazy\" decoding=\"async\" class=\"alignleft wp-image-4127 size-medium\" src=\"https:\/\/wp.pop-verlag.com\/wp-content\/uploads\/2019\/03\/978-3-86356-260-1_B-210x300.jpg\" alt=\"\" width=\"210\" height=\"300\" srcset=\"https:\/\/wp.pop-verlag.com\/wp-content\/uploads\/2019\/03\/978-3-86356-260-1_B-210x300.jpg 210w, https:\/\/wp.pop-verlag.com\/wp-content\/uploads\/2019\/03\/978-3-86356-260-1_B-768x1097.jpg 768w, https:\/\/wp.pop-verlag.com\/wp-content\/uploads\/2019\/03\/978-3-86356-260-1_B-717x1024.jpg 717w, https:\/\/wp.pop-verlag.com\/wp-content\/uploads\/2019\/03\/978-3-86356-260-1_B.jpg 1654w\" sizes=\"auto, (max-width: 210px) 100vw, 210px\" \/><a href=\"https:\/\/wp.pop-verlag.com\/?page_id=4121\"><strong>Mi\u0107o Cvijeti\u0107<\/strong><\/a>: <strong>Donjebjessp\u011b\u0107e \/ Himmelfahrt.<\/strong> Basnje \/ serbsce-n\u011bmsce. Gedichte \/ sorbisch-deutsch. Lyrikreihe Bd. 126; ISBN 978-3-86356-260-1; 96 Seiten, \u20ac[D]14,50<\/p>\n<p>Wudawa\u0107elej \/ Herausgeber: Benedikt Dyrlich, Dorothea \u0160o\u0142\u0107ina<br \/>\nDos\u0142owo \/ Nachwort: Benedikt Dyrlich<br \/>\nSerbske p\u0159ebasnjenja ze serbi\u0161\u0107iny \/ Sorbische Nachdichtungen aus dem Serbischen: Dorothea \u0160o\u0142\u0107ina\/Scholze<br \/>\nN\u011bmske p\u0159ebasnjenja ze serbi\u0161\u0107iny \/ Deutsche Nachdichtungen aus dem Serbischen: Peter Gehrisch [P. G.]<br \/>\nWjacore n\u011bmske p\u0159enjesenja z\u0142o\u017euja so na serbisko-n\u011bmsku ediciju \u201e\u0413\u041b\u0410\u0421 \u041f\u0420\u0410\u0417\u041d\u0418\u041d\u0415\/DIE STIMME DER LEERE\u201c (Smederevo 2012) z n\u011bmskimi p\u0159ebasnjenjemi wot Jana Krasneho \/ Joachima Dethlefsa [J. K. \/ J. D.]<br \/>\nEtliche deutsche \u00dcbertragungen st\u00fctzen sich auf die serbisch-deutsche Edition \u201e\u0413\u041b\u0410\u0421 \u041f\u0420\u0410\u0417\u041d\u0418\u041d\u0415\/DIE STIMME DER LEERE\u201c (Smederevo 2012) mit den deutschen Nachdichtungen von Jan Krasni \/ Joachim Dethlefs [J. K. \/ J. D.]<\/p>\n<p>Lieferbare Titel von <a href=\"https:\/\/wp.pop-verlag.com\/?page_id=4121\"><strong>Mi\u0107o Cvijeti\u0107<\/strong><\/a>:<\/p>\n<p><strong>&#8211; Donjebjessp\u011b\u0107e \/ Himmelfahrt.<\/strong> Basnje \/ serbsce-n\u011bmsce. Gedichte \/ sorbisch-deutsch. Lyrikreihe Bd. 126; ISBN 978-3-86356-260-1; 96 Seiten, \u20ac[D]14,50<\/p>\n","protected":false},"excerpt":{"rendered":"<p>Mi\u0107o Cvijeti\u0107: Donjebjessp\u011b\u0107e \/ Himmelfahrt. Basnje \/ serbsce-n\u011bmsce. Gedichte \/ sorbisch-deutsch. Lyrikreihe Bd. 126; ISBN 978-3-86356-260-1; 96 Seiten, \u20ac[D]14,50 Wudawa\u0107elej \/ Herausgeber: Benedikt Dyrlich, Dorothea \u0160o\u0142\u0107ina Dos\u0142owo \/ Nachwort: Benedikt Dyrlich Serbske p\u0159ebasnjenja ze serbi\u0161\u0107iny \/ Sorbische Nachdichtungen aus dem &hellip; <a class=\"more-link\" href=\"https:\/\/wp.pop-verlag.com\/?p=4125\">Weiterlesen <span class=\"meta-nav\">&rarr;<\/span><\/a><\/p>\n","protected":false},"author":2,"featured_media":0,"comment_status":"closed","ping_status":"closed","sticky":false,"template":"","format":"standard","meta":{"_jetpack_memberships_contains_paid_content":false,"footnotes":""},"categories":[217,23,8],"tags":[],"class_list":["post-4125","post","type-post","status-publish","format-standard","hentry","category-e-erscheinungsjahr-2019","category-ost-suedosteuropaeische-literatur","category-pop-lyrik"],"jetpack_sharing_enabled":true,"jetpack_featured_media_url":"","_links":{"self":[{"href":"https:\/\/wp.pop-verlag.com\/index.php?rest_route=\/wp\/v2\/posts\/4125","targetHints":{"allow":["GET"]}}],"collection":[{"href":"https:\/\/wp.pop-verlag.com\/index.php?rest_route=\/wp\/v2\/posts"}],"about":[{"href":"https:\/\/wp.pop-verlag.com\/index.php?rest_route=\/wp\/v2\/types\/post"}],"author":[{"embeddable":true,"href":"https:\/\/wp.pop-verlag.com\/index.php?rest_route=\/wp\/v2\/users\/2"}],"replies":[{"embeddable":true,"href":"https:\/\/wp.pop-verlag.com\/index.php?rest_route=%2Fwp%2Fv2%2Fcomments&post=4125"}],"version-history":[{"count":2,"href":"https:\/\/wp.pop-verlag.com\/index.php?rest_route=\/wp\/v2\/posts\/4125\/revisions"}],"predecessor-version":[{"id":4129,"href":"https:\/\/wp.pop-verlag.com\/index.php?rest_route=\/wp\/v2\/posts\/4125\/revisions\/4129"}],"wp:attachment":[{"href":"https:\/\/wp.pop-verlag.com\/index.php?rest_route=%2Fwp%2Fv2%2Fmedia&parent=4125"}],"wp:term":[{"taxonomy":"category","embeddable":true,"href":"https:\/\/wp.pop-verlag.com\/index.php?rest_route=%2Fwp%2Fv2%2Fcategories&post=4125"},{"taxonomy":"post_tag","embeddable":true,"href":"https:\/\/wp.pop-verlag.com\/index.php?rest_route=%2Fwp%2Fv2%2Ftags&post=4125"}],"curies":[{"name":"wp","href":"https:\/\/api.w.org\/{rel}","templated":true}]}}