{"id":4096,"date":"2019-03-17T12:34:45","date_gmt":"2019-03-17T12:34:45","guid":{"rendered":"https:\/\/wp.pop-verlag.com\/?p=4096"},"modified":"2019-03-17T12:50:20","modified_gmt":"2019-03-17T12:50:20","slug":"milan-hrabal-wenn-die-fische-davonfliegen","status":"publish","type":"post","link":"https:\/\/wp.pop-verlag.com\/?p=4096","title":{"rendered":"Milan Hrabal: Wenn die Fische davonfliegen"},"content":{"rendered":"<p><img loading=\"lazy\" decoding=\"async\" class=\"alignleft wp-image-4104 size-medium\" src=\"https:\/\/wp.pop-verlag.com\/wp-content\/uploads\/2019\/03\/978-3-86356-255-7_A-210x300.jpg\" alt=\"\" width=\"210\" height=\"300\" srcset=\"https:\/\/wp.pop-verlag.com\/wp-content\/uploads\/2019\/03\/978-3-86356-255-7_A-210x300.jpg 210w, https:\/\/wp.pop-verlag.com\/wp-content\/uploads\/2019\/03\/978-3-86356-255-7_A-768x1097.jpg 768w, https:\/\/wp.pop-verlag.com\/wp-content\/uploads\/2019\/03\/978-3-86356-255-7_A-717x1024.jpg 717w, https:\/\/wp.pop-verlag.com\/wp-content\/uploads\/2019\/03\/978-3-86356-255-7_A.jpg 1654w\" sizes=\"auto, (max-width: 210px) 100vw, 210px\" \/> <img loading=\"lazy\" decoding=\"async\" class=\"alignleft wp-image-4105 size-medium\" src=\"https:\/\/wp.pop-verlag.com\/wp-content\/uploads\/2019\/03\/978-3-86356-255-7_B-210x300.jpg\" alt=\"\" width=\"210\" height=\"300\" srcset=\"https:\/\/wp.pop-verlag.com\/wp-content\/uploads\/2019\/03\/978-3-86356-255-7_B-210x300.jpg 210w, https:\/\/wp.pop-verlag.com\/wp-content\/uploads\/2019\/03\/978-3-86356-255-7_B-768x1097.jpg 768w, https:\/\/wp.pop-verlag.com\/wp-content\/uploads\/2019\/03\/978-3-86356-255-7_B-717x1024.jpg 717w, https:\/\/wp.pop-verlag.com\/wp-content\/uploads\/2019\/03\/978-3-86356-255-7_B.jpg 1654w\" sizes=\"auto, (max-width: 210px) 100vw, 210px\" \/><strong><a href=\"https:\/\/wp.pop-verlag.com\/?page_id=4098\">Milan Hrabal<\/a>: <a href=\"https:\/\/wp.pop-verlag.com\/?p=4096\">Wenn die Fische davonfliegen<\/a>. <\/strong>Gedichte. \u00dcbertragen von Peter Gehrisch. Lyrikreihe Bd. 128; ISBN 978-3-86356-255-7; 132 Seiten, \u20ac[D]14,50<\/p>\n<p>Ein ganz besonderer Reiz dieser Verse liegt darin begr\u00fcndet, da\u00df scheinbare Gegens\u00e4tze wie Momente der Gefahren und des Gefallens sich nicht auszuschlie\u00dfen scheinen. Ein leichtf\u00fc\u00dfiger Ansatz, der an das ausgelassene Spiel erinnert. In einer eigent\u00fcmlichen Unbek\u00fcmmertheit, wie sie der Kindheit zu eigen ist, reichern sich Gegens\u00e4tze in der Wahrnehmung an, und bilden zugleich v\u00f6llig neue Nachbarschaften\u2026<br \/>\nVolker Strebel (Fixpoetry 2017)<\/p>\n<p>Milan Hrabals Dichtung &#8230; hat Schm\u00e4hung von Seiten einer unbestechlichen Pr\u00fcfung nicht zu bef\u00fcrchten. Sie kreist um den Kern (s)eines Daseins in Analo- gie zum Sein generell, zu den alten, Menschheit und Mensch- sein betreffenden Fragen. Dazu bedarf er keiner angestrengten Philosophie. Hrabals Dichtung kommt im Gestus dessen daher, was l\u00e4ngst und lange vor Augen und in den Ohren lag. Es sind Bescheide in letztlich tief be- r\u00fchrenden, kryptografischen Bil- dern, R\u00e4tsel, d.h. also Dichtung der Kindheit, gewonnen und in psychedelische Bilder gesetzt.<br \/>\nPeter Gehrisch (OSTRAGEHEGE, Heft 84\/2017, Dresden)<\/p>\n<p>Milan Hrabal ist in Tschechien und in west- wie s\u00fcdslawischen L\u00e4ndern \u2013 Slowakei, Polen, Sor- ben, Serbien u.a. \u2013 l\u00e4ngst eine kulturelle, v.a. literarische In- stanz, ist Dichter, \u00dcbersetzer, Herausgeber, Organisator, z.B. Mitgestalter der Sorbischen Poesiefeste.<br \/>\nPeter Huckauf (Serbske Nowiny, Bautzen 2016)<\/p>\n<p>Lieferbare Titel von <strong><a href=\"https:\/\/wp.pop-verlag.com\/?page_id=4098\">Milan Hrabal<\/a>: <\/strong><\/p>\n<ul>\n<li><strong><a href=\"https:\/\/wp.pop-verlag.com\/?p=4096\">Wenn die Fische davonfliegen<\/a>. <\/strong>Gedichte. \u00dcbertragen von Peter Gehrisch. Lyrikreihe Bd. 128; ISBN 978-3-86356-255-7; 132 Seiten, \u20ac[D]14,50<\/li>\n<\/ul>\n<p>&nbsp;<\/p>\n","protected":false},"excerpt":{"rendered":"<p>Milan Hrabal: Wenn die Fische davonfliegen. Gedichte. \u00dcbertragen von Peter Gehrisch. Lyrikreihe Bd. 128; ISBN 978-3-86356-255-7; 132 Seiten, \u20ac[D]14,50 Ein ganz besonderer Reiz dieser Verse liegt darin begr\u00fcndet, da\u00df scheinbare Gegens\u00e4tze wie Momente der Gefahren und des Gefallens sich nicht &hellip; <a class=\"more-link\" href=\"https:\/\/wp.pop-verlag.com\/?p=4096\">Weiterlesen <span class=\"meta-nav\">&rarr;<\/span><\/a><\/p>\n","protected":false},"author":2,"featured_media":0,"comment_status":"closed","ping_status":"closed","sticky":false,"template":"","format":"standard","meta":{"_jetpack_memberships_contains_paid_content":false,"footnotes":""},"categories":[217,23,8],"tags":[],"class_list":["post-4096","post","type-post","status-publish","format-standard","hentry","category-e-erscheinungsjahr-2019","category-ost-suedosteuropaeische-literatur","category-pop-lyrik"],"jetpack_sharing_enabled":true,"jetpack_featured_media_url":"","_links":{"self":[{"href":"https:\/\/wp.pop-verlag.com\/index.php?rest_route=\/wp\/v2\/posts\/4096","targetHints":{"allow":["GET"]}}],"collection":[{"href":"https:\/\/wp.pop-verlag.com\/index.php?rest_route=\/wp\/v2\/posts"}],"about":[{"href":"https:\/\/wp.pop-verlag.com\/index.php?rest_route=\/wp\/v2\/types\/post"}],"author":[{"embeddable":true,"href":"https:\/\/wp.pop-verlag.com\/index.php?rest_route=\/wp\/v2\/users\/2"}],"replies":[{"embeddable":true,"href":"https:\/\/wp.pop-verlag.com\/index.php?rest_route=%2Fwp%2Fv2%2Fcomments&post=4096"}],"version-history":[{"count":3,"href":"https:\/\/wp.pop-verlag.com\/index.php?rest_route=\/wp\/v2\/posts\/4096\/revisions"}],"predecessor-version":[{"id":4107,"href":"https:\/\/wp.pop-verlag.com\/index.php?rest_route=\/wp\/v2\/posts\/4096\/revisions\/4107"}],"wp:attachment":[{"href":"https:\/\/wp.pop-verlag.com\/index.php?rest_route=%2Fwp%2Fv2%2Fmedia&parent=4096"}],"wp:term":[{"taxonomy":"category","embeddable":true,"href":"https:\/\/wp.pop-verlag.com\/index.php?rest_route=%2Fwp%2Fv2%2Fcategories&post=4096"},{"taxonomy":"post_tag","embeddable":true,"href":"https:\/\/wp.pop-verlag.com\/index.php?rest_route=%2Fwp%2Fv2%2Ftags&post=4096"}],"curies":[{"name":"wp","href":"https:\/\/api.w.org\/{rel}","templated":true}]}}