{"id":4064,"date":"2019-03-17T06:38:55","date_gmt":"2019-03-17T06:38:55","guid":{"rendered":"https:\/\/wp.pop-verlag.com\/?p=4064"},"modified":"2020-11-16T10:31:20","modified_gmt":"2020-11-16T10:31:20","slug":"hans-bender-hinter-die-dunkle-tuer","status":"publish","type":"post","link":"https:\/\/wp.pop-verlag.com\/?p=4064","title":{"rendered":"Hans Bender:  Hinter die dunkle T\u00fcr"},"content":{"rendered":"<p><img loading=\"lazy\" decoding=\"async\" class=\"alignleft wp-image-4065 size-medium\" src=\"https:\/\/wp.pop-verlag.com\/wp-content\/uploads\/2019\/03\/978-3-86356-257-1_A-210x300.jpg\" alt=\"\" width=\"210\" height=\"300\" srcset=\"https:\/\/wp.pop-verlag.com\/wp-content\/uploads\/2019\/03\/978-3-86356-257-1_A-210x300.jpg 210w, https:\/\/wp.pop-verlag.com\/wp-content\/uploads\/2019\/03\/978-3-86356-257-1_A-768x1097.jpg 768w, https:\/\/wp.pop-verlag.com\/wp-content\/uploads\/2019\/03\/978-3-86356-257-1_A-717x1024.jpg 717w, https:\/\/wp.pop-verlag.com\/wp-content\/uploads\/2019\/03\/978-3-86356-257-1_A.jpg 1654w\" sizes=\"auto, (max-width: 210px) 100vw, 210px\" \/> <img loading=\"lazy\" decoding=\"async\" class=\"alignleft wp-image-4066 size-medium\" src=\"https:\/\/wp.pop-verlag.com\/wp-content\/uploads\/2019\/03\/978-3-86356-257-1_B-210x300.jpg\" alt=\"\" width=\"210\" height=\"300\" srcset=\"https:\/\/wp.pop-verlag.com\/wp-content\/uploads\/2019\/03\/978-3-86356-257-1_B-210x300.jpg 210w, https:\/\/wp.pop-verlag.com\/wp-content\/uploads\/2019\/03\/978-3-86356-257-1_B-768x1097.jpg 768w, https:\/\/wp.pop-verlag.com\/wp-content\/uploads\/2019\/03\/978-3-86356-257-1_B-717x1024.jpg 717w, https:\/\/wp.pop-verlag.com\/wp-content\/uploads\/2019\/03\/978-3-86356-257-1_B.jpg 1654w\" sizes=\"auto, (max-width: 210px) 100vw, 210px\" \/><a href=\"https:\/\/wp.pop-verlag.com\/?page_id=4060\"><strong>Hans Bender<\/strong><\/a>: <a href=\"https:\/\/wp.pop-verlag.com\/?p=4064\"><strong>Hinter die dunkle T\u00fcr<\/strong><\/a>. Vierzeiler 2013 \u2013 2015,\u00a0 mit Vorwort und <em>Gespr\u00e4ch mit Hans Bender<\/em> herausgegeben von <a href=\"https:\/\/wp.pop-verlag.com\/?page_id=1087\"><strong>Theo Breuer<\/strong><\/a>. Lyrikreihe Bd. 125; ISBN 978-3-86356-257-1; 137 Seiten, \u20ac[D]14,90<\/p>\n<p>Hans Bender (1919 \u2013 2015) w\u00e4re am 1. Juli 2019 hundert Jahre alt geworden. Anl\u00e4\u00dflich dieses Gedenktages erscheint im Pop Verlag das Gedichtbuch <em>Hinter die dunkle T\u00fcr. Vierzeiler 2013 \u2013 2015<\/em>. Gleichsam bis zur letzten <em>Abendstunde<\/em> haben die Vierzeiler Hans Bender begleitet, den Tagesrhytmus poetisch getaktet. Unerm\u00fcdlich suchte er nach dem treffenden einfachen Wort, dem nat\u00fcr\u00adlichen Rhythmus, dem stimmigen, <em>wie von selbst<\/em> sich einstellen\u00adden Reim, um die ironisch-bissige Anmerkung, das buchst\u00e4blich Aufgelesene (Auserlesene!), die schlichte (hinter\u00adgr\u00fcndige &#8230;) Beobachtung, die beschwingte Bildbetrachtung, den gewitzten Einfall, die n\u00fcchterne Feststellung, die augen\u00adzwinkernd gestellte Frage, die pfiffige Idee, den unmi\u00dfver\u00adst\u00e4ndlichen Klartext, die (selbst-)kritische Notiz, die ernst oder heiter grundierte apho\u00adristische Refle\u00adxion, die gr\u00fcble\u00adrisch-melancholische (R\u00fcck-)Besinnung in vier \u2013 vorwiegend sehr kur\u00adzen \u2013 Versen auf seine feinsinnige Weise derart in Form zu bringen, da\u00df die Gedichte wie mit der Feder geschrie\u00adben wirken.<\/p>\n<p>Lieferbare Titel von <strong><a href=\"http:\/\/wp.pop-verlag.com\/?page_id=1087\">Theo Breuer<\/a><\/strong>:<\/p>\n<ul>\n<li><strong>Das gewonnene Alphabet<\/strong>. Gedichte. 122 Seiten. Reihe Lyrik Bd. 54. ISBN 978-3-86356-039-3. <strong>2012<\/strong>. \u20ac[D]12,00.<\/li>\n<li><strong><a href=\"http:\/\/wp.pop-verlag.com\/?p=2366\">Zischender Zustand. Mayr\u00f6cker Time<\/a><\/strong>. Reihe Lesezeichen Bd. 1. ISBN 978-3-86356-152-9. 200 Seiten. <strong>2017<\/strong>. \u20ac[D]16,90.<\/li>\n<li><strong><a href=\"https:\/\/wp.pop-verlag.com\/?p=4048\">Scherben saufen.\u00a0<\/a><\/strong> 171 Seiten. Reihe Lyrik Bd. 129. ISBN 978-3-86356-265-6. <strong>2019<\/strong>. \u20ac[D]15,90.<\/li>\n<li><strong><a href=\"https:\/\/wp.pop-verlag.com\/?p=4436\">Winterbienen im Urftland.<\/a><a href=\"https:\/\/wp.pop-verlag.com\/?p=4436\"> Empfundene \/ erfundene Welten in Norbert Scheuers Gedichten und Geschichten<\/a><\/strong>. 128 Seiten. Reihe Lesezeichen Bd. 5. ISBN 978-3-86356-277-9. <strong>2019<\/strong>. \u20ac[D]12,80.<\/li>\n<\/ul>\n<ul>\n<li><strong>nicht weniger nicht mehr<\/strong>. \u203aGedichte\u2039. <strong><a href=\"https:\/\/wp.pop-verlag.com\/?p=5498\">\u00a0<\/a><\/strong>Reihe Lyrik Bd. 151, 133 Seiten, ISBN 978-3-86356-317-2. <strong>2021<\/strong> \u20ac[D]14,50.<\/li>\n<\/ul>\n<p><em>Herausgabe <\/em><\/p>\n<p>Matrix <em>\u00a0<\/em><\/p>\n<ul>\n<li><strong>Matrix 28<em>. <\/em>Atmendes Alphabet f\u00fcr <a href=\"https:\/\/www.edition-matrix.com\/matrix-22012-28-%e2%80%a2-atmendes-alphabet-fuer-friederike-mayroecker\/\">Friederike Mayr\u00f6cker<\/a><\/strong>. 294 Seiten. <strong>2012<\/strong>. ISSN 1861-8006. \u20ac[D]10,00.<\/li>\n<li><strong><a href=\"https:\/\/www.edition-matrix.com\/matrix-42012-30-%e2%80%a2-jeder-auf-seine-art-fuer-hans-bender\/\">Matrix 29. Jeder auf seine Art f\u00fcr Hans Bender<\/a><\/strong>. 200 Seiten. <strong>2012<\/strong>. ISSN 1861-8006. \u20ac[D]10,00.<\/li>\n<li><strong><a href=\"https:\/\/www.edition-matrix.com\/matrix-februar-2014-axel-kutsch\/\">Matrix 36. Axel Kutsch spannt Versnetze \u00fcbers Wortland<\/a><\/strong>. 242 Seiten. <strong>2014<\/strong>. ISSN 1861-8006. \u20ac[D]10,00.<\/li>\n<li><strong>Matrix 58<em>.<\/em> Zwanzig Tage \u2013 zwanzig Romane\u00a0: Ein Buchspiel<\/strong><strong>. <\/strong>228 Seiten. <strong>2019<\/strong>. ISSN 1861-8006. \u20ac[D]15,00.<\/li>\n<\/ul>\n<p>Einzeltitel<\/p>\n<ul>\n<li><strong><a href=\"https:\/\/wp.pop-verlag.com\/?p=4064\">Hinter die dunkle T\u00fcr<\/a><\/strong>. Vierzeiler 2013 \u2013 2015.\u00a0 Vorwort und <em>Gespr\u00e4ch mit Hans Bender<\/em> von Theo Breuer. 137 Seiten. Lyrik Bd. 125. ISBN 978-3-86356-257-1. <strong>2019<\/strong>. \u20ac[D]14,90.\u00a0<em><br \/>\n<\/em><\/li>\n<\/ul>\n<p><em>\u00dcbertragung<\/em><em>\u00a0<\/em><\/p>\n<ul>\n<li><strong><a href=\"https:\/\/wp.pop-verlag.com\/?p=4410\">Admiel Kosman:\u00a0 Aus dem Zwischen des Hohelied<\/a>s<\/strong>. Ausgew\u00e4hlte Gedichte.\u00a0Aus dem Hebr\u00e4ischen \u00fcbertragen von Edith Lutz in Zusammenarbeit mit Theo Breuer und Udi Levy. Mit Vor- und Nachwort herausgegeben von Edith Lutz. 116 Seiten. Lyrik Bd. 132. <strong>2019<\/strong>. ISBN 978-3-86356-271-7. \u20ac[D]12,80.<\/li>\n<\/ul>\n<p>&nbsp;<\/p>\n<p>&nbsp;<\/p>\n<p>&nbsp;<\/p>\n","protected":false},"excerpt":{"rendered":"<p>Hans Bender: Hinter die dunkle T\u00fcr. Vierzeiler 2013 \u2013 2015,\u00a0 mit Vorwort und Gespr\u00e4ch mit Hans Bender herausgegeben von Theo Breuer. Lyrikreihe Bd. 125; ISBN 978-3-86356-257-1; 137 Seiten, \u20ac[D]14,90 Hans Bender (1919 \u2013 2015) w\u00e4re am 1. Juli 2019 hundert &hellip; <a class=\"more-link\" href=\"https:\/\/wp.pop-verlag.com\/?p=4064\">Weiterlesen <span class=\"meta-nav\">&rarr;<\/span><\/a><\/p>\n","protected":false},"author":2,"featured_media":0,"comment_status":"closed","ping_status":"closed","sticky":false,"template":"","format":"standard","meta":{"_jetpack_memberships_contains_paid_content":false,"footnotes":""},"categories":[217,20,8],"tags":[],"class_list":["post-4064","post","type-post","status-publish","format-standard","hentry","category-e-erscheinungsjahr-2019","category-deutsche-literatur","category-pop-lyrik"],"jetpack_sharing_enabled":true,"jetpack_featured_media_url":"","_links":{"self":[{"href":"https:\/\/wp.pop-verlag.com\/index.php?rest_route=\/wp\/v2\/posts\/4064","targetHints":{"allow":["GET"]}}],"collection":[{"href":"https:\/\/wp.pop-verlag.com\/index.php?rest_route=\/wp\/v2\/posts"}],"about":[{"href":"https:\/\/wp.pop-verlag.com\/index.php?rest_route=\/wp\/v2\/types\/post"}],"author":[{"embeddable":true,"href":"https:\/\/wp.pop-verlag.com\/index.php?rest_route=\/wp\/v2\/users\/2"}],"replies":[{"embeddable":true,"href":"https:\/\/wp.pop-verlag.com\/index.php?rest_route=%2Fwp%2Fv2%2Fcomments&post=4064"}],"version-history":[{"count":10,"href":"https:\/\/wp.pop-verlag.com\/index.php?rest_route=\/wp\/v2\/posts\/4064\/revisions"}],"predecessor-version":[{"id":5512,"href":"https:\/\/wp.pop-verlag.com\/index.php?rest_route=\/wp\/v2\/posts\/4064\/revisions\/5512"}],"wp:attachment":[{"href":"https:\/\/wp.pop-verlag.com\/index.php?rest_route=%2Fwp%2Fv2%2Fmedia&parent=4064"}],"wp:term":[{"taxonomy":"category","embeddable":true,"href":"https:\/\/wp.pop-verlag.com\/index.php?rest_route=%2Fwp%2Fv2%2Fcategories&post=4064"},{"taxonomy":"post_tag","embeddable":true,"href":"https:\/\/wp.pop-verlag.com\/index.php?rest_route=%2Fwp%2Fv2%2Ftags&post=4064"}],"curies":[{"name":"wp","href":"https:\/\/api.w.org\/{rel}","templated":true}]}}