{"id":4035,"date":"2019-03-16T12:48:49","date_gmt":"2019-03-16T12:48:49","guid":{"rendered":"https:\/\/wp.pop-verlag.com\/?p=4035"},"modified":"2019-03-16T12:55:52","modified_gmt":"2019-03-16T12:55:52","slug":"andreas-saurer-rumaenische-helden-vom-realsozialismus-zum-eu-vorsitz","status":"publish","type":"post","link":"https:\/\/wp.pop-verlag.com\/?p=4035","title":{"rendered":"Andreas Saurer: Rum\u00e4nische Helden. Vom Realsozialismus zum EU-Vorsitz"},"content":{"rendered":"<p><strong><img loading=\"lazy\" decoding=\"async\" class=\"alignleft wp-image-4036 size-medium\" src=\"https:\/\/wp.pop-verlag.com\/wp-content\/uploads\/2019\/03\/978-3-86356-250-2_At-210x300.jpg\" alt=\"\" width=\"210\" height=\"300\" srcset=\"https:\/\/wp.pop-verlag.com\/wp-content\/uploads\/2019\/03\/978-3-86356-250-2_At-210x300.jpg 210w, https:\/\/wp.pop-verlag.com\/wp-content\/uploads\/2019\/03\/978-3-86356-250-2_At-768x1097.jpg 768w, https:\/\/wp.pop-verlag.com\/wp-content\/uploads\/2019\/03\/978-3-86356-250-2_At-717x1024.jpg 717w, https:\/\/wp.pop-verlag.com\/wp-content\/uploads\/2019\/03\/978-3-86356-250-2_At.jpg 1654w\" sizes=\"auto, (max-width: 210px) 100vw, 210px\" \/> <img loading=\"lazy\" decoding=\"async\" class=\"alignleft wp-image-4037 size-medium\" src=\"https:\/\/wp.pop-verlag.com\/wp-content\/uploads\/2019\/03\/978-3-86356-250-2_B-210x300.jpg\" alt=\"\" width=\"210\" height=\"300\" srcset=\"https:\/\/wp.pop-verlag.com\/wp-content\/uploads\/2019\/03\/978-3-86356-250-2_B-210x300.jpg 210w, https:\/\/wp.pop-verlag.com\/wp-content\/uploads\/2019\/03\/978-3-86356-250-2_B-768x1097.jpg 768w, https:\/\/wp.pop-verlag.com\/wp-content\/uploads\/2019\/03\/978-3-86356-250-2_B-717x1024.jpg 717w, https:\/\/wp.pop-verlag.com\/wp-content\/uploads\/2019\/03\/978-3-86356-250-2_B.jpg 1654w\" sizes=\"auto, (max-width: 210px) 100vw, 210px\" \/><a href=\"https:\/\/wp.pop-verlag.com\/?page_id=4039\">Andreas Saurer<\/a><\/strong>: <a href=\"https:\/\/wp.pop-verlag.com\/?p=4035\"><strong>Rum\u00e4nische Helden. Vom Realsozialismus zum EU-Vorsitz. Reportagen, Portr\u00e4ts, Interviews, Essays und Analysen aus 33 Jahren<\/strong><\/a><\/p>\n<p>Die POP-Verlag-Universitasreihe, Bd. 13. ISBN: 978-3-86356-250-2, 198 Seiten, \u20ac[D]16,50<\/p>\n<p>&nbsp;<\/p>\n<p>Es war Liebe auf den ersten Besuch zu diesem geographisch sch\u00f6nen und politisch reizenden Land in Osteuropa. Damals, im August 1983, war Ru- m\u00e4nien noch schwer gezeichnet von der Diktatur des kommunistischen Im- perators Nicolae Ceau\u015fescu, gest\u00fctzt auf eine allm\u00e4chtige Parteiclique und den ber\u00fcchtigten Geheimdienst \u00abSe- curitate\u00bb. Der Historiker aus Grau- b\u00fcnden, dem einzigen dreisprachigen Kanton der Schweiz, Andreas Saurer, Journalist und Dichter, viele Jahre hauptberuflich als Auslandsredaktor der \u00abBerner Zeitung\u00bb t\u00e4tig, sollte nach seinen ersten Kontakten als Student im Jahre 1983 von diesem Landstrich nicht mehr loskommen. \u00dcber fast vier Jahrzehnte hinweg behielt er die gesellschaftspolitischen, kulturellen Verh\u00e4ltnisse und Entwicklungen, Handlungen und Wandlungen im Auge, arbeitete sich neugierig und akribisch tief in eine zuweilen schwierige Materie ein, besuchte in regelm\u00e4\u00dfigen Abst\u00e4nden Land und Leute. Seine n\u00fcchterne analytische Gabe und der unbestechlich genaue Blick machen Andreas Saurer zu einem ausgewiesenen Kenner und Freund Rum\u00e4niens. Seine versierten, kritischen Berichte, die Interviews und Reportagen, in knapper, klarer Sprache verfasst, entstanden ungetr\u00fcbt von parteiischen Vernetzungen, sondern durch das scharfe Auge des beobachtenden Fremden betrachtet und sind auf pr\u00e4gnante Weise bedeutsame journalistische Zeugnisse der Zeitgeschichte.<br \/>\nHorst Samson<\/p>\n<p><span class=\"readonlyText multiple\">Lieferbare Titel von<\/span>\u00a0<a href=\"https:\/\/wp.pop-verlag.com\/?page_id=4039\"><strong>Andreas Saurer:<\/strong><\/a><\/p>\n<p><a href=\"https:\/\/wp.pop-verlag.com\/?p=4035\"><strong>&#8211;\u00a0 Rum\u00e4nische Helden. Vom Realsozialismus zum EU-Vorsitz. Reportagen, Portr\u00e4ts, Interviews, Essays und Analysen aus 33 Jahren.\u00a0<\/strong><\/a>Die POP-Verlag-Universitasreihe, Bd. 13. ISBN: 978-3-86356-250-2, 198 Seiten, \u20ac[D]16,50<\/p>\n","protected":false},"excerpt":{"rendered":"<p>Andreas Saurer: Rum\u00e4nische Helden. Vom Realsozialismus zum EU-Vorsitz. Reportagen, Portr\u00e4ts, Interviews, Essays und Analysen aus 33 Jahren Die POP-Verlag-Universitasreihe, Bd. 13. ISBN: 978-3-86356-250-2, 198 Seiten, \u20ac[D]16,50 &nbsp; Es war Liebe auf den ersten Besuch zu diesem geographisch sch\u00f6nen und politisch &hellip; <a class=\"more-link\" href=\"https:\/\/wp.pop-verlag.com\/?p=4035\">Weiterlesen <span class=\"meta-nav\">&rarr;<\/span><\/a><\/p>\n","protected":false},"author":2,"featured_media":0,"comment_status":"closed","ping_status":"closed","sticky":false,"template":"","format":"standard","meta":{"_jetpack_memberships_contains_paid_content":false,"footnotes":""},"categories":[217,30],"tags":[],"class_list":["post-4035","post","type-post","status-publish","format-standard","hentry","category-e-erscheinungsjahr-2019","category-pop-universitas"],"jetpack_sharing_enabled":true,"jetpack_featured_media_url":"","_links":{"self":[{"href":"https:\/\/wp.pop-verlag.com\/index.php?rest_route=\/wp\/v2\/posts\/4035","targetHints":{"allow":["GET"]}}],"collection":[{"href":"https:\/\/wp.pop-verlag.com\/index.php?rest_route=\/wp\/v2\/posts"}],"about":[{"href":"https:\/\/wp.pop-verlag.com\/index.php?rest_route=\/wp\/v2\/types\/post"}],"author":[{"embeddable":true,"href":"https:\/\/wp.pop-verlag.com\/index.php?rest_route=\/wp\/v2\/users\/2"}],"replies":[{"embeddable":true,"href":"https:\/\/wp.pop-verlag.com\/index.php?rest_route=%2Fwp%2Fv2%2Fcomments&post=4035"}],"version-history":[{"count":3,"href":"https:\/\/wp.pop-verlag.com\/index.php?rest_route=\/wp\/v2\/posts\/4035\/revisions"}],"predecessor-version":[{"id":4045,"href":"https:\/\/wp.pop-verlag.com\/index.php?rest_route=\/wp\/v2\/posts\/4035\/revisions\/4045"}],"wp:attachment":[{"href":"https:\/\/wp.pop-verlag.com\/index.php?rest_route=%2Fwp%2Fv2%2Fmedia&parent=4035"}],"wp:term":[{"taxonomy":"category","embeddable":true,"href":"https:\/\/wp.pop-verlag.com\/index.php?rest_route=%2Fwp%2Fv2%2Fcategories&post=4035"},{"taxonomy":"post_tag","embeddable":true,"href":"https:\/\/wp.pop-verlag.com\/index.php?rest_route=%2Fwp%2Fv2%2Ftags&post=4035"}],"curies":[{"name":"wp","href":"https:\/\/api.w.org\/{rel}","templated":true}]}}