{"id":4009,"date":"2019-03-16T05:21:46","date_gmt":"2019-03-16T05:21:46","guid":{"rendered":"https:\/\/wp.pop-verlag.com\/?p=4009"},"modified":"2022-03-21T08:23:53","modified_gmt":"2022-03-21T08:23:53","slug":"anton-strebling-ueber-deutsche-dichter-schriftsteller-und-intellektuelle-aus-rumaenien","status":"publish","type":"post","link":"https:\/\/wp.pop-verlag.com\/?p=4009","title":{"rendered":"Anton Sterbling: \u00dcber deutsche Dichter, Schriftsteller und Intellektuelle aus Rum\u00e4nien"},"content":{"rendered":"<p><strong><img loading=\"lazy\" decoding=\"async\" class=\"alignleft wp-image-4010 size-medium\" src=\"https:\/\/wp.pop-verlag.com\/wp-content\/uploads\/2019\/03\/978-3-86356-251-9_A-210x300.jpg\" alt=\"\" width=\"210\" height=\"300\" srcset=\"https:\/\/wp.pop-verlag.com\/wp-content\/uploads\/2019\/03\/978-3-86356-251-9_A-210x300.jpg 210w, https:\/\/wp.pop-verlag.com\/wp-content\/uploads\/2019\/03\/978-3-86356-251-9_A-768x1097.jpg 768w, https:\/\/wp.pop-verlag.com\/wp-content\/uploads\/2019\/03\/978-3-86356-251-9_A-717x1024.jpg 717w, https:\/\/wp.pop-verlag.com\/wp-content\/uploads\/2019\/03\/978-3-86356-251-9_A.jpg 1654w\" sizes=\"auto, (max-width: 210px) 100vw, 210px\" \/><\/strong><strong><img loading=\"lazy\" decoding=\"async\" class=\"alignleft wp-image-4011 size-medium\" src=\"https:\/\/wp.pop-verlag.com\/wp-content\/uploads\/2019\/03\/978-3-86356-251-9_B-210x300.jpg\" alt=\"\" width=\"210\" height=\"300\" srcset=\"https:\/\/wp.pop-verlag.com\/wp-content\/uploads\/2019\/03\/978-3-86356-251-9_B-210x300.jpg 210w, https:\/\/wp.pop-verlag.com\/wp-content\/uploads\/2019\/03\/978-3-86356-251-9_B-768x1097.jpg 768w, https:\/\/wp.pop-verlag.com\/wp-content\/uploads\/2019\/03\/978-3-86356-251-9_B-717x1024.jpg 717w, https:\/\/wp.pop-verlag.com\/wp-content\/uploads\/2019\/03\/978-3-86356-251-9_B.jpg 1654w\" sizes=\"auto, (max-width: 210px) 100vw, 210px\" \/><\/strong><a href=\"https:\/\/wp.pop-verlag.com\/?page_id=2593\"><strong> Anton Sterbling<\/strong><\/a>: <a href=\"https:\/\/wp.pop-verlag.com\/?p=4009\"><strong>\u00dcber deutsche Dichter, Schriftsteller und Intellektuelle aus Rum\u00e4nien<\/strong><\/a><\/p>\n<p>Autorenportraits, Essays und Rezensionen: <a href=\"https:\/\/wp.pop-verlag.com\/?p=2670\">Richard Wagner<\/a>, Herta M\u00fcller, Paul Schuster, <a href=\"https:\/\/wp.pop-verlag.com\/?page_id=742\">Johann Lippet<\/a>, <a href=\"https:\/\/wp.pop-verlag.com\/?page_id=964\">Hellmut Seiler<\/a>, <a href=\"https:\/\/wp.pop-verlag.com\/?page_id=734\">Horst Samson<\/a>, Ilse Hehn,\u00a0Werner Kremm<\/p>\n<p>Pop Universitas, Bd. 14, ISBN 978-3-86356-251-9, 216 Seiten, \u20ac[D]16,50<\/p>\n<p><strong>Richard Wagner<\/strong> entwickelt eine merkw\u00fcrdige Doppelperspektive auf Europa, auf S\u00fcdosteuropa einerseits und auf die Bundesrepublik Deutschland und den Westen andererseits. Die intellektuelle Wahrnehmung und Beurteilung der Dinge unter diesem doppelten Blickwin- kel erm\u00f6glicht eine konsequente Unab- h\u00e4ngigkeit, wie sie seine B\u00fccher so unverwechselbar auszeichnet.<\/p>\n<p><strong>Herta M\u00fcllers<\/strong> Literatur, namentlich ihre Romane und Erz\u00e4hlungen, unter denen ich mich auf den 1994 erschienenen Roman \u201eHerztier\u201c besonders einlasse, k\u00f6nnen etwas \u00fcber das Wesen und die Schw\u00e4chen der Diktatur erschlie\u00dfen und nachvollziehbar machen, das \u00fcber allgemeine oder herk\u00f6mmliche soziologische Erkenntnisse weit hinausgeht.<\/p>\n<p>Mit <strong>Paul Schuster<\/strong> verbinden mich per- s\u00f6nlich tats\u00e4chlich \u201eschicksalhafte\u201c Er- eignisse und Beziehungen, zumindest aus meiner biographisch-subjektiven Perspektive.<\/p>\n<p><strong>Johann Lippet<\/strong> ging immer seinen Weg, seinen eigenen Weg, und er ging diesen, nicht immer einfachen Weg mitunter sehr eigenwillig, aber stets konsequent, intellektuell redlich und sehr offen und ehrlich seinen Freunden gegen\u00fcber.<\/p>\n<p>Seit den Anf\u00e4ngen seines Schreibens bis heute stehen <strong>Hellmut Seilers<\/strong> Texte im Zeichen jener experimentell innovativen Literatur, die Anschluss an die zeitgen\u00f6ssische literarische Avantgarde suchte und bei ihm in sehr origineller Weise fand.<\/p>\n<p>Wie bei anderen \u201egeborenen\u201c K\u00fcnstlern hat man bei <strong>Horst Samson<\/strong> nicht selten das Gef\u00fchl, dass seine Instrumente wie von selber spielen. Dies erzeugt dann den bet\u00f6renden Eindruck der \u00fcppigen Gleichzeitigkeit der Assoziationen und Motive, des kreativen \u00dcberschusses, der k\u00fcnstlerischen Eindringlichkeit, Vehe- menz und Leidenschaft.<\/p>\n<p><strong>Ilse Hehn<\/strong> fiel in der rum\u00e4niendeutschen Literatur durch ihren erfrischend lebendigen Ton und insbesondere auch durch ihre eigenwilligen Sprachbilder auf, wobei die Bildhaftigkeit ihrer Lyrik wohl auch daher kommt, dass sie auch als Malerin t\u00e4tig ist. Ihre Arbeiten ver-<br \/>\nbreiten \u00fcberzeugend die Zuversicht, dass die Wahrheit am Ende auch Dank der Kunst siegt.<\/p>\n<p><strong>Werner Kremm<\/strong> hat in den zur\u00fcckliegenden Jahrzehnten in Rum\u00e4nien im besten Sinne des Wortes informative und auf- kl\u00e4rende journalistische Arbeit geleistet, die zugleich als treffliche Erg\u00e4nzung zu den literarischen Arbeiten seiner An- f\u00e4nge als Schreibender und als Ausdruck seines konsequent kritischen intellektuellen Profils zu lesen ist.<\/p>\n<p><strong>\u00a0<\/strong><\/p>\n<p>Lieferbare Titel von<a href=\"http:\/\/wp.pop-verlag.com\/?page_id=2593\"><strong>\u00a0Anton Sterbling<\/strong><\/a>:<\/p>\n<ul>\n<li><strong><a href=\"http:\/\/wp.pop-verlag.com\/?p=470\">\u201eGrenzg\u00e4nge, Heimat, Wanderungen<\/a><\/strong>\u201c . Narrative \u00fcber das zerbrochene. Sinnmuster der Vergangenheit. ISBN 978-3-86356-054-6, 170 Seiten, \u20ac[D]14,80<\/li>\n<li><strong>Horst Samson<\/strong> <strong>&amp; <a href=\"http:\/\/wp.pop-verlag.com\/?page_id=2593\">Anton Sterbling<\/a><\/strong> (Hrsg.):<a href=\"http:\/\/wp.pop-verlag.com\/?p=2670\"><strong> \u201eDie Sprache, die auf das Nichts folgt, die kennen wir nicht. S\u00e4tze und Texte f\u00fcr Richard Wagner.\u201c<\/strong> <\/a>Mit Grafiken und Malereien von Walter Andreas Kirchner. Fragmentarium Reihe. 320 Seiten,\u00a0ISBN: 978-3-86356-174-1,\u00a0 \u20ac[D] 23,00<\/li>\n<li><strong>\u00dcber deutsche Dichter, Schriftsteller und Intellektuelle aus Rum\u00e4nien. <\/strong>Autorenportraits, Essays und Rezensionen.<a href=\"https:\/\/wp.pop-verlag.com\/?p=2670\">Richard Wagner<\/a>, Herta M\u00fcller, Paul Schuster, <a href=\"https:\/\/wp.pop-verlag.com\/?page_id=742\">Johann Lippet<\/a>, <a href=\"https:\/\/wp.pop-verlag.com\/?page_id=964\">Hellmut Seiler<\/a>, <a href=\"https:\/\/wp.pop-verlag.com\/?page_id=734\">Horst Samson<\/a>, Ilse Hehn,\u00a0Werner Kremm.Pop Universitas, Bd. 14, ISBN 978-3-86356-251-9, 216 Seiten, \u20ac[D]16,50<\/li>\n<li><strong><a href=\"https:\/\/wp.pop-verlag.com\/?p=4566\">Entr\u00fcckung in den Kopfstand<\/a><\/strong>. Gedichte und Texte 1968 bis 2019. Lyrikreihe Bd. 141; ISBN 978-3-86356-283-0; 141 Seiten, \u20ac[D]15,00<\/li>\n<li><strong><a href=\"https:\/\/wp.pop-verlag.com\/?p=5187\">Klimadelirium und andere furchtbare Erz\u00e4hlungen<\/a><\/strong>. Reihe Epik Bd. 113; ISBN: 978-3-86356-303-5; 244 Seiten, \u20ac[D]16,90<\/li>\n<li><strong><a href=\"https:\/\/wp.pop-verlag.com\/?p=5611\">Die versunkene Republik.\u00a0<\/a><\/strong>Erz\u00e4hlungen. Reihe: EPIK, Bd. 119. ISBN 978-3-86356-321-9, Pop Verlag, Ludwigsburg 2021, 280 Seiten. \u20ac[D]18,50.<\/li>\n<li><a href=\"https:\/\/wp.pop-verlag.com\/?p=6152\"><strong>Ende einer Pandemie und weitere Erz\u00e4hlungen<\/strong><\/a>. Kartoniert mit Schutzumschlag (bedruckt).\u00a0 Reihe Epik Bd. 131; ISBN: 978-3-86356-357-8; 183 Seiten, \u20ac[D]16,50<\/li>\n<\/ul>\n<p>&nbsp;<\/p>\n<p>&nbsp;<\/p>\n","protected":false},"excerpt":{"rendered":"<p>Anton Sterbling: \u00dcber deutsche Dichter, Schriftsteller und Intellektuelle aus Rum\u00e4nien Autorenportraits, Essays und Rezensionen: Richard Wagner, Herta M\u00fcller, Paul Schuster, Johann Lippet, Hellmut Seiler, Horst Samson, Ilse Hehn,\u00a0Werner Kremm Pop Universitas, Bd. 14, ISBN 978-3-86356-251-9, 216 Seiten, \u20ac[D]16,50 Richard Wagner &hellip; <a class=\"more-link\" href=\"https:\/\/wp.pop-verlag.com\/?p=4009\">Weiterlesen <span class=\"meta-nav\">&rarr;<\/span><\/a><\/p>\n","protected":false},"author":2,"featured_media":0,"comment_status":"closed","ping_status":"closed","sticky":false,"template":"","format":"standard","meta":{"_jetpack_memberships_contains_paid_content":false,"footnotes":""},"categories":[217,21,20,176,30],"tags":[349,409,567,352,350,354,348,239,353,564,360,568,361,570,565,346,569,355,347,566,271,244,351,245,358,345,303,359,357,356],"class_list":["post-4009","post","type-post","status-publish","format-standard","hentry","category-e-erscheinungsjahr-2019","category-deutsch-rumaenische-literatur","category-deutsche-literatur","category-l-italienische-literatur","category-pop-universitas","tag-aktionsgruppe-banat","tag-anton-sterbling","tag-aussiedlerfamilie","tag-banater-republik","tag-banater-schwaben","tag-baraganverschleppung","tag-berner-zeitung","tag-ceausescu","tag-deportation","tag-erfahrungen","tag-exil","tag-freiheit","tag-gefaengnis","tag-grenzfahrt","tag-heimsuchungen","tag-herta-mueller","tag-liebesgluecks","tag-militaerdienst","tag-osteuropa","tag-politischen-aktivisten","tag-pop-verlag","tag-rumaenien","tag-rumaeniendeutsche-literatur","tag-securitate","tag-suedosteuropa","tag-timisoara","tag-traian-pop","tag-vergangenheit","tag-zweiten-weltkrieg","tag-zwischenkriegszeit"],"jetpack_sharing_enabled":true,"jetpack_featured_media_url":"","_links":{"self":[{"href":"https:\/\/wp.pop-verlag.com\/index.php?rest_route=\/wp\/v2\/posts\/4009","targetHints":{"allow":["GET"]}}],"collection":[{"href":"https:\/\/wp.pop-verlag.com\/index.php?rest_route=\/wp\/v2\/posts"}],"about":[{"href":"https:\/\/wp.pop-verlag.com\/index.php?rest_route=\/wp\/v2\/types\/post"}],"author":[{"embeddable":true,"href":"https:\/\/wp.pop-verlag.com\/index.php?rest_route=\/wp\/v2\/users\/2"}],"replies":[{"embeddable":true,"href":"https:\/\/wp.pop-verlag.com\/index.php?rest_route=%2Fwp%2Fv2%2Fcomments&post=4009"}],"version-history":[{"count":12,"href":"https:\/\/wp.pop-verlag.com\/index.php?rest_route=\/wp\/v2\/posts\/4009\/revisions"}],"predecessor-version":[{"id":6175,"href":"https:\/\/wp.pop-verlag.com\/index.php?rest_route=\/wp\/v2\/posts\/4009\/revisions\/6175"}],"wp:attachment":[{"href":"https:\/\/wp.pop-verlag.com\/index.php?rest_route=%2Fwp%2Fv2%2Fmedia&parent=4009"}],"wp:term":[{"taxonomy":"category","embeddable":true,"href":"https:\/\/wp.pop-verlag.com\/index.php?rest_route=%2Fwp%2Fv2%2Fcategories&post=4009"},{"taxonomy":"post_tag","embeddable":true,"href":"https:\/\/wp.pop-verlag.com\/index.php?rest_route=%2Fwp%2Fv2%2Ftags&post=4009"}],"curies":[{"name":"wp","href":"https:\/\/api.w.org\/{rel}","templated":true}]}}