{"id":3986,"date":"2019-02-03T15:07:29","date_gmt":"2019-02-03T15:07:29","guid":{"rendered":"https:\/\/wp.pop-verlag.com\/?p=3986"},"modified":"2019-02-03T15:07:29","modified_gmt":"2019-02-03T15:07:29","slug":"imre-toeroek-die-koenigin-von-aegypten-in-berlin-sonderausgabe","status":"publish","type":"post","link":"https:\/\/wp.pop-verlag.com\/?p=3986","title":{"rendered":"Imre T\u00f6r\u00f6k: &#8222;Die K\u00f6nigin von \u00c4gypten in Berlin&#8220;. Sonderausgabe"},"content":{"rendered":"<p><strong><img loading=\"lazy\" decoding=\"async\" class=\"alignleft wp-image-3987 size-medium\" src=\"https:\/\/wp.pop-verlag.com\/wp-content\/uploads\/2019\/02\/978-3-86356-252-6_A-210x300.jpg\" alt=\"\" width=\"210\" height=\"300\" srcset=\"https:\/\/wp.pop-verlag.com\/wp-content\/uploads\/2019\/02\/978-3-86356-252-6_A-210x300.jpg 210w, https:\/\/wp.pop-verlag.com\/wp-content\/uploads\/2019\/02\/978-3-86356-252-6_A-768x1097.jpg 768w, https:\/\/wp.pop-verlag.com\/wp-content\/uploads\/2019\/02\/978-3-86356-252-6_A-717x1024.jpg 717w, https:\/\/wp.pop-verlag.com\/wp-content\/uploads\/2019\/02\/978-3-86356-252-6_A.jpg 1654w\" sizes=\"auto, (max-width: 210px) 100vw, 210px\" \/> <img loading=\"lazy\" decoding=\"async\" class=\"alignleft wp-image-3988 size-medium\" src=\"https:\/\/wp.pop-verlag.com\/wp-content\/uploads\/2019\/02\/978-3-86356-252-6_B-210x300.jpg\" alt=\"\" width=\"210\" height=\"300\" srcset=\"https:\/\/wp.pop-verlag.com\/wp-content\/uploads\/2019\/02\/978-3-86356-252-6_B-210x300.jpg 210w, https:\/\/wp.pop-verlag.com\/wp-content\/uploads\/2019\/02\/978-3-86356-252-6_B-768x1097.jpg 768w, https:\/\/wp.pop-verlag.com\/wp-content\/uploads\/2019\/02\/978-3-86356-252-6_B-717x1024.jpg 717w, https:\/\/wp.pop-verlag.com\/wp-content\/uploads\/2019\/02\/978-3-86356-252-6_B.jpg 1654w\" sizes=\"auto, (max-width: 210px) 100vw, 210px\" \/><a href=\"http:\/\/wp.pop-verlag.com\/?page_id=654\">Imre T\u00f6r\u00f6k:<\/a> &#8222;<a href=\"http:\/\/wp.pop-verlag.com\/?p=1963\">Die K\u00f6nigin von \u00c4gypten in Berlin<\/a>&#8222;. <\/strong>Sonderausgabe<\/p>\n<p>Die Exemplare, von 1 bis 70 nummeriert, sind auf Caribic sandbraun 120g\/qm 1,3-faches Volumen Papier gedruckt (Umschlag: 250g\/qm SoporSet, Schutzumschlag: 250g\/qm SoporSet), und vom Autor einzeln signiert.<strong><br \/>\n<\/strong><\/p>\n<p>* Die Sonderausgabe des Romans erschien anl\u00e4sslich des 70. Geburtstags des Schriftstellers. Er wohnt in einem Weiler namens Ewigkeit.<\/p>\n<p>Illustrationen: Emir Roda Al\u0131r. Prosa. PopEpik. <span class=\"readonlyText\">Flexibler Einband<\/span> mit Schutzumschlag, 304 Seiten, <span class=\"readonlyText multiple\"><span class=\"priceValue\">49,50<\/span><\/span> \u20ac.<\/p>\n<p>ISBN 978-3-86356-252-6<\/p>\n<p><em>Die Romanheldin Djavidan Hanum, geborene Gr\u00e4fin May T\u00f6r\u00f6k von Szendr\u0151 (1877 \u2013 1968), hat zeitweilig in Berlin gelebt und dort u.a. ihr Buch &#8222;Harem&#8220; ver\u00f6ffentlicht. \u00dcber ihr Leben voller Abenteuer in Amerika, Europa und in \u00c4gypten als ferne &#8222;Nachfolgerin von Nofretete&#8220; erz\u00e4hlt der Roman von Imre T\u00f6r\u00f6k. Er ist verwandt mit Djavidan Hanum.\u00a0 Ihr Begleiter, der ungarische Diplomat in Berlin (ebenfalls aus der Familie T\u00f6r\u00f6k von Szendr\u0151), und die Ballettt\u00e4nzerin und S\u00e4ngerin am Staatstheater Weimar, die im Buch unter dem K\u00fcnstlernamen Sophie la Bendola auftritt, sind die Eltern des Schriftstellers. Auch ihre Erz\u00e4hlungen und Berichte sind in den Roman zwischen Wirklichkeit und Traum eingeflossen. Die ergreifende, spannungsvolle Geschichte spielt 1942 \/ 43 in Berlin, sie ist zugleich eine Spiegelung der Gegenwart. Weitere Schaupl\u00e4tze sind \u00c4gypten, Istanbul, das KZ Buchenwald und Weimar.<br \/>\n<\/em><\/p>\n<h5 class=\"post-title entry-title\"><a href=\"http:\/\/interviews-mit-autoren.blogspot.de\/2017\/07\/helga-konig-im-gesprach-mit-dem.html\">Helga K\u00f6nig im Gespr\u00e4ch mit dem Schriftsteller Imre T\u00f6r\u00f6k \u00fcber seinen Roman &#8222;Die K\u00f6nigin von \u00c4gypten in Berlin&#8220;<\/a><\/h5>\n<p>Lieferbare Titel von <a href=\"http:\/\/wp.pop-verlag.com\/?page_id=654\"><strong>Imre T\u00f6r\u00f6k<\/strong>:<\/a><\/p>\n<p><strong><em><a href=\"http:\/\/wp.pop-verlag.com\/?p=151\">Akazienskizze<\/a>. Neue und alte Geschichten. Phantasiefl\u00fcge.<\/em> <\/strong> Prosa, 230\u00a0S., 14,0\u00a0\u00d7\u00a020,0\u00a0cm; ISBN: \u00a0978-3-937139-69-2; 14,80\u20ac<\/p>\n<p><strong><em><a href=\"http:\/\/wp.pop-verlag.com\/?p=248\">Insel der Elefanten.<\/a> <\/em><\/strong>Roman. (EPIK- Sammlung); 402 Seiten, 14,0\u00a0\u00d7\u00a020,0\u00a0cm; ISBN: \u00a0978-3-937139-91-3; 19,90\u20ac<\/p>\n<p><strong><a href=\"http:\/\/wp.pop-verlag.com\/?page_id=1053\">Arzu Al\u0131r<\/a>: <\/strong><a href=\"http:\/\/wp.pop-verlag.com\/?p=260\"><em><strong>Wenn Satan sich zum Rosenzweig beugt.<\/strong><\/em><\/a> Gedichte. Mit einem Nachwort von <a href=\"http:\/\/wp.pop-verlag.com\/?page_id=654\"><strong>Imre T\u00f6r\u00f6k<\/strong>:<\/a>. Aus dem T\u00fcrkischen \u00fcbersetzt von\u00a0<strong><a href=\"http:\/\/traian.pop-verlag.com\/achim_martin_wensien.htm\">Achim Martin Wensien<\/a><\/strong> und \u00fcberarbeitet von <a href=\"http:\/\/wp.pop-verlag.com\/?page_id=654\"><strong>Imre T\u00f6r\u00f6k<\/strong>:<\/a>.(LYRIK) 120 S. ISBN: 978-3-937139-84-5; 14,00\u20ac.<\/p>\n<p><strong><a href=\"http:\/\/wp.pop-verlag.com\/?page_id=654\">Imre T\u00f6r\u00f6k:<\/a> <a href=\"http:\/\/wp.pop-verlag.com\/?p=1971\">Das Buch Luzius. M\u00e4rchen und andere Wahrheiten.<\/a>\u00a0<\/strong> Erz\u00e4hlungen. (EPIK Sammlung). 190 S. ISBN: 978-3-86356-026-3; 14,00\u20ac<\/p>\n<p><strong><em><a href=\"http:\/\/traian.pop-verlag.com\/das_buch_luzius.htm\">Das Buch Luzius<\/a>. <a href=\"http:\/\/traian.pop-verlag.com\/978-3-86356-059-1.htm\"> M\u00e4rchen und andere Wahrheiten.\u00a0 Erz\u00e4hlungen. <\/a><\/em><\/strong> <strong><a href=\"http:\/\/traian.pop-verlag.com\/978-3-86356-059-1.htm\"><em>Illustrierte Ausgabe.<\/em><\/a><\/strong> Illustriert von <strong><a href=\"http:\/\/traian.pop-verlag.com\/libuse_schmidt.htm\">Libu\u0161e Schmidt <\/a><\/strong>(EPIK Sammlung). 204 S. ISBN: 978-3-86356-059-1; 16,50\u20ac<\/p>\n<p><strong><a href=\"http:\/\/wp.pop-verlag.com\/?p=637\"><span class=\"readonlyText\">Wanderer. Zwischenwelten.<\/span><\/a> <span class=\"readonlyText\">Mit 19 Zeichnungen von Libu\u0161e Schmidt. <\/span><\/strong>Prosa. <span class=\"readonlyText\">Flexibler Einband<\/span> mit Schutzumschlag, 334 Seiten;\u00a0ISBN 978-3-86356-<span class=\"readonlyText\">122-2<\/span>; <span class=\"readonlyText multiple\"><span class=\"priceValue\">21,90<\/span><\/span> \u20ac<\/p>\n<p><a href=\"http:\/\/wp.pop-verlag.com\/?p=1963\"><strong>Die K\u00f6nigin von \u00c4gypten in Berlin. <\/strong><\/a>Illustrationen: Emir Roda Al\u0131r. Prosa. <span class=\"readonlyText\">Flexibler Einband<\/span> mit Schutzumschlag, 298 Seiten;\u00a0ISBN 978-3-86356-<span class=\"readonlyText\">150-5<\/span>; <span class=\"readonlyText multiple\"><span class=\"priceValue\">20,00<\/span><\/span> \u20ac<\/p>\n<p><a href=\"http:\/\/wp.pop-verlag.com\/?p=1963\"><strong>Die K\u00f6nigin von \u00c4gypten in Berlin. <\/strong><\/a>Sonderausgabe. ISBN 978-3-86356-252-6;\u00a0304 Seiten, <span class=\"readonlyText multiple\"><span class=\"priceValue\">49,50<\/span><\/span> \u20ac.<\/p>\n","protected":false},"excerpt":{"rendered":"<p>Imre T\u00f6r\u00f6k: &#8222;Die K\u00f6nigin von \u00c4gypten in Berlin&#8222;. Sonderausgabe Die Exemplare, von 1 bis 70 nummeriert, sind auf Caribic sandbraun 120g\/qm 1,3-faches Volumen Papier gedruckt (Umschlag: 250g\/qm SoporSet, Schutzumschlag: 250g\/qm SoporSet), und vom Autor einzeln signiert. * Die Sonderausgabe des &hellip; <a class=\"more-link\" href=\"https:\/\/wp.pop-verlag.com\/?p=3986\">Weiterlesen <span class=\"meta-nav\">&rarr;<\/span><\/a><\/p>\n","protected":false},"author":2,"featured_media":0,"comment_status":"closed","ping_status":"closed","sticky":false,"template":"","format":"standard","meta":{"_jetpack_memberships_contains_paid_content":false,"footnotes":""},"categories":[217,20,9],"tags":[],"class_list":["post-3986","post","type-post","status-publish","format-standard","hentry","category-e-erscheinungsjahr-2019","category-deutsche-literatur","category-pop-epik"],"jetpack_sharing_enabled":true,"jetpack_featured_media_url":"","_links":{"self":[{"href":"https:\/\/wp.pop-verlag.com\/index.php?rest_route=\/wp\/v2\/posts\/3986","targetHints":{"allow":["GET"]}}],"collection":[{"href":"https:\/\/wp.pop-verlag.com\/index.php?rest_route=\/wp\/v2\/posts"}],"about":[{"href":"https:\/\/wp.pop-verlag.com\/index.php?rest_route=\/wp\/v2\/types\/post"}],"author":[{"embeddable":true,"href":"https:\/\/wp.pop-verlag.com\/index.php?rest_route=\/wp\/v2\/users\/2"}],"replies":[{"embeddable":true,"href":"https:\/\/wp.pop-verlag.com\/index.php?rest_route=%2Fwp%2Fv2%2Fcomments&post=3986"}],"version-history":[{"count":1,"href":"https:\/\/wp.pop-verlag.com\/index.php?rest_route=\/wp\/v2\/posts\/3986\/revisions"}],"predecessor-version":[{"id":3989,"href":"https:\/\/wp.pop-verlag.com\/index.php?rest_route=\/wp\/v2\/posts\/3986\/revisions\/3989"}],"wp:attachment":[{"href":"https:\/\/wp.pop-verlag.com\/index.php?rest_route=%2Fwp%2Fv2%2Fmedia&parent=3986"}],"wp:term":[{"taxonomy":"category","embeddable":true,"href":"https:\/\/wp.pop-verlag.com\/index.php?rest_route=%2Fwp%2Fv2%2Fcategories&post=3986"},{"taxonomy":"post_tag","embeddable":true,"href":"https:\/\/wp.pop-verlag.com\/index.php?rest_route=%2Fwp%2Fv2%2Ftags&post=3986"}],"curies":[{"name":"wp","href":"https:\/\/api.w.org\/{rel}","templated":true}]}}