{"id":3960,"date":"2019-01-05T05:23:32","date_gmt":"2019-01-05T05:23:32","guid":{"rendered":"https:\/\/wp.pop-verlag.com\/?p=3960"},"modified":"2019-01-05T08:42:25","modified_gmt":"2019-01-05T08:42:25","slug":"orhan-kemal-die-72-zelle-2","status":"publish","type":"post","link":"https:\/\/wp.pop-verlag.com\/?p=3960","title":{"rendered":"Orhan Kemal: Die 72. Zelle"},"content":{"rendered":"<p><a href=\"https:\/\/wp.pop-verlag.com\/?page_id=3956\"><strong><img loading=\"lazy\" decoding=\"async\" class=\"alignleft wp-image-3963 size-medium\" src=\"https:\/\/wp.pop-verlag.com\/wp-content\/uploads\/2019\/01\/Kemal_1_1-206x300.gif\" alt=\"\" width=\"206\" height=\"300\" \/> <img loading=\"lazy\" decoding=\"async\" class=\"alignleft wp-image-3964 size-medium\" src=\"https:\/\/wp.pop-verlag.com\/wp-content\/uploads\/2019\/01\/Kemal_2_1-204x300.gif\" alt=\"\" width=\"204\" height=\"300\" \/>Orhan Kemal<\/strong><\/a>:<strong> <a href=\"https:\/\/wp.pop-verlag.com\/?p=3960\">Die 72. Zelle.<\/a> <\/strong>Aus dem T\u00fcrkischen \u00fcbersetzt von <a href=\"https:\/\/wp.pop-verlag.com\/?page_id=1946\">Achim Martin Wensien<\/a> und \u00fcberarbeitet von <a href=\"https:\/\/wp.pop-verlag.com\/?page_id=1216\">Uli Rothfuss.<\/a> Die POP-Verlag-Epikreihe, Bd. 12; 154\u00a0Seiten, ISBN: 978-3-937139-54-8, \u20ac(D]15,50<\/p>\n<p>&nbsp;<\/p>\n<p>&nbsp;<\/p>\n<p>&nbsp;<\/p>\n<p>Lieferbare B\u00fccher von <a href=\"https:\/\/wp.pop-verlag.com\/?page_id=3956\"><strong>Orhan Kemal<\/strong><\/a>:<\/p>\n<p><strong> <a href=\"https:\/\/wp.pop-verlag.com\/?p=3960\">Die 72. Zelle.<\/a> <\/strong>Aus dem T\u00fcrkischen \u00fcbersetzt von <a href=\"https:\/\/wp.pop-verlag.com\/?page_id=1946\">Achim Martin Wensien<\/a> und \u00fcberarbeitet von <a href=\"https:\/\/wp.pop-verlag.com\/?page_id=1216\">Uli Rothfuss.<\/a> Die POP-Verlag-Epikreihe, Bd. 12; 154\u00a0Seiten, ISBN: 978-3-937139-54-8, \u20ac(D]15,50<\/p>\n","protected":false},"excerpt":{"rendered":"<p>Orhan Kemal: Die 72. Zelle. Aus dem T\u00fcrkischen \u00fcbersetzt von Achim Martin Wensien und \u00fcberarbeitet von Uli Rothfuss. Die POP-Verlag-Epikreihe, Bd. 12; 154\u00a0Seiten, ISBN: 978-3-937139-54-8, \u20ac(D]15,50 &nbsp; &nbsp; &nbsp; Lieferbare B\u00fccher von Orhan Kemal: Die 72. Zelle. Aus dem T\u00fcrkischen &hellip; <a class=\"more-link\" href=\"https:\/\/wp.pop-verlag.com\/?p=3960\">Weiterlesen <span class=\"meta-nav\">&rarr;<\/span><\/a><\/p>\n","protected":false},"author":2,"featured_media":0,"comment_status":"closed","ping_status":"closed","sticky":false,"template":"","format":"standard","meta":{"_jetpack_memberships_contains_paid_content":false,"footnotes":""},"categories":[14,106,9,1],"tags":[],"class_list":["post-3960","post","type-post","status-publish","format-standard","hentry","category-erscheinungsjahr-2010","category-l-tuerkische-literatur","category-pop-epik","category-uncategorized"],"jetpack_sharing_enabled":true,"jetpack_featured_media_url":"","_links":{"self":[{"href":"https:\/\/wp.pop-verlag.com\/index.php?rest_route=\/wp\/v2\/posts\/3960","targetHints":{"allow":["GET"]}}],"collection":[{"href":"https:\/\/wp.pop-verlag.com\/index.php?rest_route=\/wp\/v2\/posts"}],"about":[{"href":"https:\/\/wp.pop-verlag.com\/index.php?rest_route=\/wp\/v2\/types\/post"}],"author":[{"embeddable":true,"href":"https:\/\/wp.pop-verlag.com\/index.php?rest_route=\/wp\/v2\/users\/2"}],"replies":[{"embeddable":true,"href":"https:\/\/wp.pop-verlag.com\/index.php?rest_route=%2Fwp%2Fv2%2Fcomments&post=3960"}],"version-history":[{"count":4,"href":"https:\/\/wp.pop-verlag.com\/index.php?rest_route=\/wp\/v2\/posts\/3960\/revisions"}],"predecessor-version":[{"id":3966,"href":"https:\/\/wp.pop-verlag.com\/index.php?rest_route=\/wp\/v2\/posts\/3960\/revisions\/3966"}],"wp:attachment":[{"href":"https:\/\/wp.pop-verlag.com\/index.php?rest_route=%2Fwp%2Fv2%2Fmedia&parent=3960"}],"wp:term":[{"taxonomy":"category","embeddable":true,"href":"https:\/\/wp.pop-verlag.com\/index.php?rest_route=%2Fwp%2Fv2%2Fcategories&post=3960"},{"taxonomy":"post_tag","embeddable":true,"href":"https:\/\/wp.pop-verlag.com\/index.php?rest_route=%2Fwp%2Fv2%2Ftags&post=3960"}],"curies":[{"name":"wp","href":"https:\/\/api.w.org\/{rel}","templated":true}]}}