{"id":371,"date":"2015-05-04T14:17:01","date_gmt":"2015-05-04T14:17:01","guid":{"rendered":"http:\/\/wp.pop-verlag.com\/?p=371"},"modified":"2017-07-25T04:21:59","modified_gmt":"2017-07-25T04:21:59","slug":"steliana-huhulescu-flucht-aus-der-hoelle","status":"publish","type":"post","link":"https:\/\/wp.pop-verlag.com\/?p=371","title":{"rendered":"Steliana Huhulescu: \u201cFlucht aus der H\u00f6lle\u201d"},"content":{"rendered":"<p><a href=\"http:\/\/wp.pop-verlag.com\/wp-content\/uploads\/2015\/05\/stelianehuhulescu_flucht.jpg\"><img loading=\"lazy\" decoding=\"async\" class=\"alignleft wp-image-350 size-medium\" src=\"http:\/\/wp.pop-verlag.com\/wp-content\/uploads\/2015\/05\/stelianehuhulescu_flucht-209x300.jpg\" alt=\"stelianehuhulescu_flucht\" width=\"209\" height=\"300\" \/><\/a><strong><a href=\"http:\/\/wp.pop-verlag.com\/?page_id=1466\">Steliana Huhulescu<\/a>: \u201c<a href=\"http:\/\/wp.pop-verlag.com\/?p=371\">Flucht aus der H\u00f6lle<\/a>\u201d<\/strong><br \/>\nRoman<\/p>\n<p>Prima Verba Epik<br \/>\nAusgezeichnet mit dem Epik Deb\u00fctpreis 2014<\/p>\n<p>573 Seiten, 21,99 \u20ac<br \/>\nISBN 978-3-86356-085-0<\/p>\n<p>Das Jahr 1989 erinnert mich nicht nur an Rum\u00e4nien, sondern auch an Fl\u00fcchtlinge aus der damaligen DDR und anderen L\u00e4ndern, deren Fluchten das Ende nicht nur der wahnhaften Ceau\u1d8aescu-Diktatur einl\u00e4uteten. Auch der satte Bundesb\u00fcrger ist und war nie wirklich sicher, eine vergessene Herdplatte und ein defekter Feuermelder, oder ein Bagger findet einen Blindg\u00e4nger aus dem letzten Weltkrieg und schon wird auch er zu einem Menschen, der ein anderes Dach \u00fcber dem Kopf braucht. Da der Mensch in der Regel weder Wurzeln noch Fl\u00fcgel hat, kann er also ebenfalls zum Wanderer werden. Fl\u00fcchtlinge gibt es heute wieder sehr viele, denken wir nur an Syrien. Umso wichtiger ist der Versuch, Erlebnisse wie diese festzuhalten und nachwachsenden Generationen mitzuteilen, wie es damals war. Das hat Steliana Huhulescu mit ihrem \u00fcber 500 Seiten starken Roman exemplarisch vorgef\u00fchrt, der uns dar\u00fcber hinaus daran erinnern kann, dass wir alle Wanderer sind, und daf\u00fcr bekam sie zu Recht den Deb\u00fctpreis des Jahres 2014.<br \/>\nMark Behrens, Laudatio zu Steliana Huhulescus Roman \u201cFlucht aus der H\u00f6lle\u201d<\/p>\n<p>Lieferbare Titel von<strong> <a href=\"http:\/\/wp.pop-verlag.com\/?page_id=1466\">Steliana Huhulescu<\/a>:<\/strong><\/p>\n<p><strong>\u201c<a href=\"http:\/\/wp.pop-verlag.com\/?p=371\">Flucht aus der H\u00f6lle<\/a>\u201d<\/strong>. Roman. Prima Verba Epik.<br \/>\nAusgezeichnet mit dem Epik Deb\u00fctpreis 2014. 573 Seiten, ISBN 978-3-86356-085-0, 21,99 \u20ac<\/p>\n<p><a href=\"http:\/\/wp.pop-verlag.com\/?p=2123\"><strong>\u201cParallelwelten. Opfer der Freiheit\u201d <\/strong><\/a>500 Seiten, ISBN 978-3-86356-158-1, 23,00 \u20ac<strong><br \/>\n<\/strong><\/p>\n","protected":false},"excerpt":{"rendered":"<p>Steliana Huhulescu: \u201cFlucht aus der H\u00f6lle\u201d Roman Prima Verba Epik Ausgezeichnet mit dem Epik Deb\u00fctpreis 2014 573 Seiten, 21,99 \u20ac ISBN 978-3-86356-085-0 Das Jahr 1989 erinnert mich nicht nur an Rum\u00e4nien, sondern auch an Fl\u00fcchtlinge aus der damaligen DDR und &hellip; <a class=\"more-link\" href=\"https:\/\/wp.pop-verlag.com\/?p=371\">Weiterlesen <span class=\"meta-nav\">&rarr;<\/span><\/a><\/p>\n","protected":false},"author":1,"featured_media":0,"comment_status":"closed","ping_status":"closed","sticky":false,"template":"","format":"standard","meta":{"_jetpack_memberships_contains_paid_content":false,"footnotes":""},"categories":[18,22,9,10],"tags":[140,139],"class_list":["post-371","post","type-post","status-publish","format-standard","hentry","category-erscheinungsjahr-2014","category-rumaenische-literatur","category-pop-epik","category-prima-verba","tag-flucht-aus-der-hoelle","tag-steliana-huhulescu"],"jetpack_sharing_enabled":true,"jetpack_featured_media_url":"","_links":{"self":[{"href":"https:\/\/wp.pop-verlag.com\/index.php?rest_route=\/wp\/v2\/posts\/371","targetHints":{"allow":["GET"]}}],"collection":[{"href":"https:\/\/wp.pop-verlag.com\/index.php?rest_route=\/wp\/v2\/posts"}],"about":[{"href":"https:\/\/wp.pop-verlag.com\/index.php?rest_route=\/wp\/v2\/types\/post"}],"author":[{"embeddable":true,"href":"https:\/\/wp.pop-verlag.com\/index.php?rest_route=\/wp\/v2\/users\/1"}],"replies":[{"embeddable":true,"href":"https:\/\/wp.pop-verlag.com\/index.php?rest_route=%2Fwp%2Fv2%2Fcomments&post=371"}],"version-history":[{"count":4,"href":"https:\/\/wp.pop-verlag.com\/index.php?rest_route=\/wp\/v2\/posts\/371\/revisions"}],"predecessor-version":[{"id":2128,"href":"https:\/\/wp.pop-verlag.com\/index.php?rest_route=\/wp\/v2\/posts\/371\/revisions\/2128"}],"wp:attachment":[{"href":"https:\/\/wp.pop-verlag.com\/index.php?rest_route=%2Fwp%2Fv2%2Fmedia&parent=371"}],"wp:term":[{"taxonomy":"category","embeddable":true,"href":"https:\/\/wp.pop-verlag.com\/index.php?rest_route=%2Fwp%2Fv2%2Fcategories&post=371"},{"taxonomy":"post_tag","embeddable":true,"href":"https:\/\/wp.pop-verlag.com\/index.php?rest_route=%2Fwp%2Fv2%2Ftags&post=371"}],"curies":[{"name":"wp","href":"https:\/\/api.w.org\/{rel}","templated":true}]}}