{"id":3654,"date":"2018-10-17T04:02:51","date_gmt":"2018-10-17T04:02:51","guid":{"rendered":"https:\/\/wp.pop-verlag.com\/?p=3654"},"modified":"2022-01-02T13:32:55","modified_gmt":"2022-01-02T13:32:55","slug":"archive-news","status":"publish","type":"post","link":"https:\/\/wp.pop-verlag.com\/?p=3654","title":{"rendered":"Archive News"},"content":{"rendered":"<p><strong>31.08.2018 <\/strong>&#8211; Marco Sagurna: <a href=\"https:\/\/wp.pop-verlag.com\/?p=3147\">\u201eWarmia\u201c\u00a0<\/a>ISBN: 978-3-86356-228-1, 382 Seiten, \u20ac[D]23,50<\/p>\n<p>02.01.2022 &#8211;&gt; <strong>Dieser Titel ist nicht mehr lieferbar<\/strong><strong><br \/>\n<\/strong><\/p>\n<p><strong><img loading=\"lazy\" decoding=\"async\" class=\"alignleft wp-image-3454 size-medium\" src=\"https:\/\/wp.pop-verlag.com\/wp-content\/uploads\/2018\/05\/978-3-86356-228-1A-210x300.gif\" alt=\"\" width=\"210\" height=\"300\" srcset=\"https:\/\/wp.pop-verlag.com\/wp-content\/uploads\/2018\/05\/978-3-86356-228-1A-210x300.gif 210w, https:\/\/wp.pop-verlag.com\/wp-content\/uploads\/2018\/05\/978-3-86356-228-1A-768x1097.gif 768w, https:\/\/wp.pop-verlag.com\/wp-content\/uploads\/2018\/05\/978-3-86356-228-1A-717x1024.gif 717w\" sizes=\"auto, (max-width: 210px) 100vw, 210px\" \/><\/strong>\u201eManchmal verlieben sich Menschen in Landschaften. Bei Marco Sagurna muss das so gewesen sein; der fr\u00fchere Journalist (in Hannover) und Pressesprecher (in Oldenburg) hat jetzt seinen ersten Roman vorgelegt. \u201aWarmia\u2019, so der Titel, ist eine Liebeserkl\u00e4rung an Masuren und das Ermland. Dorthin f\u00fchrt die Geschichte, die fast eine Liebesgeschichte ist.\u201c (<em><b>Hannoversche Allgemeine Zeitung<\/b><\/em>, 31.8.2018,\u00a0\u201eAus\u00a0dem Ermland gesch\u00fcttelt \u2013 Marco Sagurnas erster Roman\u201c\u00a0<b>,\u00a0<\/b>von Ronald Meyer-Arlt)<\/p>\n<p>Es ist eine Geschichte um Schmerz und Gewalt, Missbrauch und Macht, aber auch \u00fcber Krieg und Vertreibung, Flucht und Terror. Es geht um Polen und Ostpreu\u00dfen, um Religion und Geschichte, aber auch um Engel, starke Frauen und eine Trag\u00f6die.<\/p>\n<p>Der bewegende, mitrei\u00dfende Roman \u201eWarmia\u201c von Marco Sagurna erscheint im Herbst 2018 im POP-Verlag, Ludwigsburg. Die Jury des Verlags unter dem Vorsitz des Schriftstellers Horst Samson hat Marco Sagurna f\u00fcr seinen Erstlingsroman mit dem Deb\u00fctpreis des Pop Verlages ausgezeichnet.<\/p>\n<p>Worum geht es in dem Roman? K\u00fcnstlerin Tina hat gerade in ausgekochter Aktion ihren Lebenspartner Dietmar verlassen, an dessen Seite sie sich nur mehr als das \u201eTrophy Wife\u201c f\u00fchlte. Es ist der richtige Moment, endlich ihren Halbbruder Adam kennenzulernen. Als sie ihn per E-Mail kontaktiert, ist sie mit ihrer Freundin, der polnischen Fotografin Paulina, gerade auf dem Weg nach Warmia, im ehemaligen Ostpreu\u00dfen.<\/p>\n<p><em>\u00bb<\/em>Kann es sein, dass Du mein Bruder bist?<em>\u00ab\u00a0<\/em>Journalist\u00a0Adam sitzt in der zum Hotel umgebauten Burg Heilsberg vor seinem Klapprechner, als diese Frage auf dem Bildschirm aufpoppt. Er ist elektrisiert, ohnehin schon in innerer Aufruhr, denn nach schwerer Krankheit ist er entschlossen, neu durchzustarten. W\u00e4re da nicht diese omin\u00f6se Frage in seinem Kopf gespeichert. Die l\u00e4sst ihn nicht los. Kurzerhand beschlie\u00dft er, sich auf die Spur seiner ostpreu\u00dfischen Ahnen zu begeben, nach Warmia.<\/p>\n<p>In \u201eWarmia\u201c sehen sich Tina und Adam zum ersten Mal. Sie treffen aber auch \u00a0\u00a0\u00a0Generationskollegen, die Kriege, Besatzung und Knechtschaft satt haben. Mit einem spektakul\u00e4ren Kunst-Projekt von ihrem Hauptquartier auf Burg R\u00f6\u00dfel aus ziehen Paulina und ihre Freunde\u00a0in den Kampf.<\/p>\n<p><em>\u201eWarmia\u201c<\/em>\u00a0erz\u00e4hlt einpr\u00e4gsam die Geschichte um eine pl\u00f6tzliche und aufreibende Liebe zwischen Schwester und Bruder.<\/p>\n<p>&nbsp;<\/p>\n","protected":false},"excerpt":{"rendered":"<p>31.08.2018 &#8211; Marco Sagurna: \u201eWarmia\u201c\u00a0ISBN: 978-3-86356-228-1, 382 Seiten, \u20ac[D]23,50 02.01.2022 &#8211;&gt; Dieser Titel ist nicht mehr lieferbar \u201eManchmal verlieben sich Menschen in Landschaften. Bei Marco Sagurna muss das so gewesen sein; der fr\u00fchere Journalist (in Hannover) und Pressesprecher (in Oldenburg) &hellip; <a class=\"more-link\" href=\"https:\/\/wp.pop-verlag.com\/?p=3654\">Weiterlesen <span class=\"meta-nav\">&rarr;<\/span><\/a><\/p>\n","protected":false},"author":2,"featured_media":0,"comment_status":"closed","ping_status":"closed","sticky":false,"template":"","format":"standard","meta":{"_jetpack_memberships_contains_paid_content":false,"footnotes":""},"categories":[1],"tags":[],"class_list":["post-3654","post","type-post","status-publish","format-standard","hentry","category-uncategorized"],"jetpack_sharing_enabled":true,"jetpack_featured_media_url":"","_links":{"self":[{"href":"https:\/\/wp.pop-verlag.com\/index.php?rest_route=\/wp\/v2\/posts\/3654","targetHints":{"allow":["GET"]}}],"collection":[{"href":"https:\/\/wp.pop-verlag.com\/index.php?rest_route=\/wp\/v2\/posts"}],"about":[{"href":"https:\/\/wp.pop-verlag.com\/index.php?rest_route=\/wp\/v2\/types\/post"}],"author":[{"embeddable":true,"href":"https:\/\/wp.pop-verlag.com\/index.php?rest_route=\/wp\/v2\/users\/2"}],"replies":[{"embeddable":true,"href":"https:\/\/wp.pop-verlag.com\/index.php?rest_route=%2Fwp%2Fv2%2Fcomments&post=3654"}],"version-history":[{"count":2,"href":"https:\/\/wp.pop-verlag.com\/index.php?rest_route=\/wp\/v2\/posts\/3654\/revisions"}],"predecessor-version":[{"id":6106,"href":"https:\/\/wp.pop-verlag.com\/index.php?rest_route=\/wp\/v2\/posts\/3654\/revisions\/6106"}],"wp:attachment":[{"href":"https:\/\/wp.pop-verlag.com\/index.php?rest_route=%2Fwp%2Fv2%2Fmedia&parent=3654"}],"wp:term":[{"taxonomy":"category","embeddable":true,"href":"https:\/\/wp.pop-verlag.com\/index.php?rest_route=%2Fwp%2Fv2%2Fcategories&post=3654"},{"taxonomy":"post_tag","embeddable":true,"href":"https:\/\/wp.pop-verlag.com\/index.php?rest_route=%2Fwp%2Fv2%2Ftags&post=3654"}],"curies":[{"name":"wp","href":"https:\/\/api.w.org\/{rel}","templated":true}]}}