{"id":3618,"date":"2018-10-06T04:49:20","date_gmt":"2018-10-06T04:49:20","guid":{"rendered":"https:\/\/wp.pop-verlag.com\/?p=3618"},"modified":"2018-10-06T04:55:14","modified_gmt":"2018-10-06T04:55:14","slug":"daniel-banulescu-ich-kuesse-dir-den-hintern-geliebter-fuehrer","status":"publish","type":"post","link":"https:\/\/wp.pop-verlag.com\/?p=3618","title":{"rendered":"Daniel B\u0103nulescu: Ich k\u00fcsse Dir den Hintern, geliebter F\u00fchrer"},"content":{"rendered":"<p><img loading=\"lazy\" decoding=\"async\" class=\"alignleft wp-image-3619 size-medium\" src=\"https:\/\/wp.pop-verlag.com\/wp-content\/uploads\/2018\/10\/978-3-86356-231-1_A-210x300.jpg\" alt=\"\" width=\"210\" height=\"300\" srcset=\"https:\/\/wp.pop-verlag.com\/wp-content\/uploads\/2018\/10\/978-3-86356-231-1_A-210x300.jpg 210w, https:\/\/wp.pop-verlag.com\/wp-content\/uploads\/2018\/10\/978-3-86356-231-1_A-768x1097.jpg 768w, https:\/\/wp.pop-verlag.com\/wp-content\/uploads\/2018\/10\/978-3-86356-231-1_A-717x1024.jpg 717w, https:\/\/wp.pop-verlag.com\/wp-content\/uploads\/2018\/10\/978-3-86356-231-1_A.jpg 1654w\" sizes=\"auto, (max-width: 210px) 100vw, 210px\" \/> <img loading=\"lazy\" decoding=\"async\" class=\"alignleft wp-image-3620 size-medium\" src=\"https:\/\/wp.pop-verlag.com\/wp-content\/uploads\/2018\/10\/978-3-86356-231-1_B-210x300.jpg\" alt=\"\" width=\"210\" height=\"300\" srcset=\"https:\/\/wp.pop-verlag.com\/wp-content\/uploads\/2018\/10\/978-3-86356-231-1_B-210x300.jpg 210w, https:\/\/wp.pop-verlag.com\/wp-content\/uploads\/2018\/10\/978-3-86356-231-1_B-768x1097.jpg 768w, https:\/\/wp.pop-verlag.com\/wp-content\/uploads\/2018\/10\/978-3-86356-231-1_B-717x1024.jpg 717w, https:\/\/wp.pop-verlag.com\/wp-content\/uploads\/2018\/10\/978-3-86356-231-1_B.jpg 1654w\" sizes=\"auto, (max-width: 210px) 100vw, 210px\" \/><a href=\"https:\/\/wp.pop-verlag.com\/?page_id=1874\">Daniel B\u0103nulescu<\/a>:\u00a0<a href=\"https:\/\/wp.pop-verlag.com\/?p=3618\">Ich k\u00fcsse Dir den Hintern, geliebter F\u00fchrer<\/a>. Roman. Aus dem Rum\u00e4nischen von Ernest Wichner. Pop Epik, ISBN: 978-3-86356-231-1, 274 Seiten, \u20ac[D]19,50<\/p>\n<p>Daniel B\u01cenulescus Roman \u201eIch k\u00fcsse Dir den Hintern, geliebter F\u00fchrer\u201c erz\u00e4hlt von drei Milieus in der ausklingenden Ceau\u015fescu-\u00c4ra in Bukarest. Das ist eine Gruppe von Einbrechern und Dieben, die so geschickt vorgehen, dass sie einem selbst das Blut aus dem Leib oder den Putz von den W\u00e4nden stehlen k\u00f6nnen. Deshalb tragen sie auch die Kosenamen \u201eEngel der Apartments\u201c und \u201eBezauberer der Schl\u00f6sser\u201c. Weil sie die Einzigen sind, die sich vor ihm nicht f\u00fcrchten, geraten sie in einen Krieg mit dem Staatspr\u00e4sidenten.<br \/>\nDas zweite Milieu ist jenes von Nicolae Ceau\u015fescu. Er versammelt mehr Widerspr\u00fcche in sich, als ein Igel Stachel hat. Berstend vor Intelligenz und Vorz\u00fcgen, nimmt er sich einen Lehrer f\u00fcr Sprechdefekte, um vor seinem Volk auf \u00fcberzeugende Weise den Stotterer und Einfaltspinsel geben zu k\u00f6nnen.<br \/>\nDas dritte Milieu, jenes der jungen Schriftsteller, stellt das Liebespaar Daniel und Clipsy exemplarisch vor. Schriftsteller und Diebe wagen es, einem d\u00e4monischen Diktator die Stirn zu bieten.<\/p>\n<p><span class=\"readonlyText multiple\">Lieferbare Titel von <\/span><strong><a href=\"http:\/\/wp.pop-verlag.com\/?page_id=1874\">Daniel B\u0103nulescu<\/a>: <\/strong><\/p>\n<ul>\n<li><strong><a href=\"https:\/\/wp.pop-verlag.com\/?page_id=3419\">Romani\u0163a Constantinescu<\/a><a href=\"https:\/\/wp.pop-verlag.com\/?page_id=3419\">,<\/a> (Hrsg.), <i> <a href=\"https:\/\/wp.pop-verlag.com\/?p=3413\">Im kalten Schatten der Erinnerung<\/a><a href=\"https:\/\/traian.pop-verlag.com\/978-3-937139-76-0.htm\">.<\/a><\/i><\/strong> Eine Anthologie zeitgen\u00f6ssischer Prosa aus Rum\u00e4nien.\u00a0 (EPIK- Sammlung); 332\u00a0Seiten, ISBN: 978-3-937139-76-0, \u20ac[D] 20,00<\/li>\n<\/ul>\n<ul>\n<li><strong><a href=\"http:\/\/wp.pop-verlag.com\/?p=1881\">\u201eDer Teufel jagt nach deinem Herzen\u201c<\/a>.<\/strong> Roman. Aus dem Rum\u00e4nischen von <a href=\"http:\/\/wp.pop-verlag.com\/?page_id=1884\">Ernest Wichner<\/a>. Pop Epik. 214 Seiten, SBN 978-3-86356-178-9, \u20ac(D)18,50<\/li>\n<li><span class=\"readonlyText multiple\"><strong><a href=\"http:\/\/wp.pop-verlag.com\/?page_id=1874\">Daniel B\u0103nulescu<\/a>: Die Republik Daniel B\u0103nulescu. <\/strong><\/span>Gedichte. Aus dem Rum\u00e4nischen \u00fcbersetzt von Ernest Wichner. Pop Lyrik. 184 Seiten, ISBN: 978-3-86356-194-9, \u20ac(D)19,90<\/li>\n<li><strong><a href=\"https:\/\/wp.pop-verlag.com\/?p=3618\">Ich k\u00fcsse Dir den Hintern, geliebter F\u00fchrer<\/a><\/strong>. Roman. Aus dem Rum\u00e4nischen von Ernest Wichner. Pop Epik, ISBN: 978-3-86356-231-1, 274 Seiten, \u20ac[D]19,50<\/li>\n<\/ul>\n","protected":false},"excerpt":{"rendered":"<p>Daniel B\u0103nulescu:\u00a0Ich k\u00fcsse Dir den Hintern, geliebter F\u00fchrer. Roman. Aus dem Rum\u00e4nischen von Ernest Wichner. Pop Epik, ISBN: 978-3-86356-231-1, 274 Seiten, \u20ac[D]19,50 Daniel B\u01cenulescus Roman \u201eIch k\u00fcsse Dir den Hintern, geliebter F\u00fchrer\u201c erz\u00e4hlt von drei Milieus in der ausklingenden Ceau\u015fescu-\u00c4ra &hellip; <a class=\"more-link\" href=\"https:\/\/wp.pop-verlag.com\/?p=3618\">Weiterlesen <span class=\"meta-nav\">&rarr;<\/span><\/a><\/p>\n","protected":false},"author":2,"featured_media":0,"comment_status":"closed","ping_status":"closed","sticky":false,"template":"","format":"standard","meta":{"_jetpack_memberships_contains_paid_content":false,"footnotes":""},"categories":[212,22,9],"tags":[],"class_list":["post-3618","post","type-post","status-publish","format-standard","hentry","category-e-erscheinungsjahr-2018","category-rumaenische-literatur","category-pop-epik"],"jetpack_sharing_enabled":true,"jetpack_featured_media_url":"","_links":{"self":[{"href":"https:\/\/wp.pop-verlag.com\/index.php?rest_route=\/wp\/v2\/posts\/3618","targetHints":{"allow":["GET"]}}],"collection":[{"href":"https:\/\/wp.pop-verlag.com\/index.php?rest_route=\/wp\/v2\/posts"}],"about":[{"href":"https:\/\/wp.pop-verlag.com\/index.php?rest_route=\/wp\/v2\/types\/post"}],"author":[{"embeddable":true,"href":"https:\/\/wp.pop-verlag.com\/index.php?rest_route=\/wp\/v2\/users\/2"}],"replies":[{"embeddable":true,"href":"https:\/\/wp.pop-verlag.com\/index.php?rest_route=%2Fwp%2Fv2%2Fcomments&post=3618"}],"version-history":[{"count":4,"href":"https:\/\/wp.pop-verlag.com\/index.php?rest_route=\/wp\/v2\/posts\/3618\/revisions"}],"predecessor-version":[{"id":3625,"href":"https:\/\/wp.pop-verlag.com\/index.php?rest_route=\/wp\/v2\/posts\/3618\/revisions\/3625"}],"wp:attachment":[{"href":"https:\/\/wp.pop-verlag.com\/index.php?rest_route=%2Fwp%2Fv2%2Fmedia&parent=3618"}],"wp:term":[{"taxonomy":"category","embeddable":true,"href":"https:\/\/wp.pop-verlag.com\/index.php?rest_route=%2Fwp%2Fv2%2Fcategories&post=3618"},{"taxonomy":"post_tag","embeddable":true,"href":"https:\/\/wp.pop-verlag.com\/index.php?rest_route=%2Fwp%2Fv2%2Ftags&post=3618"}],"curies":[{"name":"wp","href":"https:\/\/api.w.org\/{rel}","templated":true}]}}