{"id":339,"date":"2015-05-04T13:53:35","date_gmt":"2015-05-04T13:53:35","guid":{"rendered":"http:\/\/wp.pop-verlag.com\/?p=339"},"modified":"2019-06-26T06:26:23","modified_gmt":"2019-06-26T06:26:23","slug":"dieter-schlesak-ein-buchstabe-bleibt-auf-gruenem-zweig","status":"publish","type":"post","link":"https:\/\/wp.pop-verlag.com\/?p=339","title":{"rendered":"Dieter Schlesak: &#8222;EIN BUCHSTABE BLEIBT Auf gr\u00fcnem Zweig"},"content":{"rendered":"<p><a href=\"http:\/\/wp.pop-verlag.com\/wp-content\/uploads\/2015\/05\/dieterschlesak_einbuchstab.jpg\"><img loading=\"lazy\" decoding=\"async\" class=\"alignleft wp-image-342 size-medium\" src=\"https:\/\/wp.pop-verlag.com\/wp-content\/uploads\/2015\/05\/dieterschlesak_einbuchstab-209x300.jpg\" alt=\"dieterschlesak_einbuchstab\" width=\"209\" height=\"300\" \/><\/a><a href=\"https:\/\/wp.pop-verlag.com\/?page_id=884\"><strong>Dieter Schlesak<\/strong><\/a>:<strong><a href=\"https:\/\/wp.pop-verlag.com\/?p=339\"> \u201cEIN BUCHSTAB BLEIBT Auf gr\u00fcnem Zweig\u201d. Tagebuchgedichte und ein Essay.<\/a> <\/strong>Die POP-Verlag-Lyrikreihe; Bd. 73; ISBN 978-3-86356-101-7; 154 Seiten; \u20ac[D]17,80<\/p>\n<p>Hier ist, um mit Musil zu sprechen, nicht nur eine neue Seele da, sondern auch der dazugeh\u00f6rige Stil. Das vitale Sprach- und Erfahrungsmaterial ist in gro\u00dfr\u00e4umige Rhythmen \u00fcbersetzt, die in der Ferne die Zentnerschwere einer lyrischen Tradition von Gryphius bis G\u00fcnther und Klopstock ahnen lassen, bei denen die Form gerade noch die alles sprengende Erfahrung fasst. Man m\u00f6chte auf die formale und sprachliche Kunstleistung hinweisen, auf die Vielfalt der Themen \u2013 und k\u00f6nnte doch nur sagen: Ecce Poeta. Viele dieser Gedichte lassen den Leser nicht los, sie greifen seine Erfahrung, sein Bewusstsein an. (Walter Hinderer, Frankfurter Allgemeine Zeitung)<\/p>\n<p>Noch ein Wort zu Dieter Schlesak: Er hat Einmaliges geleistet, jenseits aller Kli- scheevorstellungen und Ste- reoypien unserer Landsleute im Umgang mit der eigenen Vergangenheit im Spannungs- feld von Schuld und Schicksal, Handeln und Verstrickung: Als Autor aus Siebenb\u00fcrgen kommend, ist es ihm gelungen, durch Talent, Flei\u00df und REDLICHKEIT nicht nur in der binnendeutschen Literatur sich einen Namen zu machen, vielmehr \u00fcber die Kontinente hinaus, bis in die USA, geh\u00f6rt und gelesen zu werden. Hut ab! (Aus einem Brief Eginald Schlattners an den Regisseur Stanislaw Mucha \/ Arte)<\/p>\n<p>Lieferbare Titel von <a href=\"https:\/\/wp.pop-verlag.com\/?page_id=884\"><strong>Dieter Schlesak<\/strong><\/a>:<\/p>\n<ul>\n<li><strong>Poesie\/po\u00e9sie<\/strong> <em><strong>Zeitgen\u00f6ssische Dichtung aus Frankreich und Deutschland <\/strong> <\/em>ISBN: 3-937139-00-1. 168\u00a0Seiten:14,5\u00a0\u00d7\u00a020,5\u00a0cm. 14,00Eur[D] \/ 15,00\u00a0Eur[A] \/ 24,40\u00a0sFr.<\/li>\n<li><strong><a href=\"http:\/\/traian.pop-verlag.com\/Rodica%20Draghincescu.htm\">Rodica Draghincescu<\/a>: Schreibenleben.<\/strong> (FRAGMENTARIUM Sammlung) Literaturkommentar in ungew\u00f6hnlicher Form: Interviews mit Kulturpers\u00f6nlichkeiten.\u00a0 Format 14,0 x 20 cm, ca. 320 Seiten, ISBN: 3-937139-03-6. Preis: 23,60 Euro.<\/li>\n<\/ul>\n<ul>\n<li><strong><a href=\"https:\/\/wp.pop-verlag.com\/?page_id=3419\">Romani\u0163a Constantinescu<\/a><a href=\"https:\/\/wp.pop-verlag.com\/?page_id=3419\">,<\/a> (Hrsg.), <i> <a href=\"https:\/\/wp.pop-verlag.com\/?p=3413\">Im kalten Schatten der Erinnerung<\/a><a href=\"https:\/\/traian.pop-verlag.com\/978-3-937139-76-0.htm\">.<\/a><\/i><\/strong> Eine Anthologie zeitgen\u00f6ssischer Prosa aus Rum\u00e4nien.\u00a0 (EPIK- Sammlung); 332\u00a0Seiten, ISBN: 978-3-937139-76-0, \u20ac[D] 20,00<\/li>\n<li><strong><a href=\"http:\/\/wp.pop-verlag.com\/?page_id=927\">Nichita St\u0103nescu<\/a>: <a href=\"http:\/\/wp.pop-verlag.com\/?p=930\">Elf Elegien<\/a>. <\/strong>Gedichte, (LYRIK Sammlung)\u00a075\u00a0Seiten, 20,0\u00a0\u00d7\u00a014,0\u00a0cm; ISBN: 3-937139-06-0; Preis: 12,70 Euro.<\/li>\n<li><strong>Namen Los<\/strong>, Liebes- und Todesgedichte. (LYRIK- Sammlung); 119\u00a0Seiten, 20,0\u00a0\u00d7\u00a014,0\u00a0cm; ISBN: 978-3-937139-30-3, \u20ac[D]14,20<\/li>\n<li><strong>Vlad. Dracula \u2013 Korrektur. <\/strong>Roman. (EPIK- Sammlung); 200 Seiten, 20,0\u00a0\u00d7\u00a014,0\u00a0cm; ISBN: 978-3-937139-36-2, \u20ac[D]16,20<\/li>\n<li><strong>VLAD, DER TODESF\u00dcRST.<\/strong> Die Dracula-Korrektur. 2., neu bearbeitete und erg\u00e4nzte Auflage. Roman. (EPIK- Sammlung); 206\u00a0Seiten, 14,0\u00a0\u00d7\u00a020,0\u00a0cm; ISBN: \u00a0978-3-937139-57-9. \u20ac[D]16,20.<\/li>\n<li><strong>DER TOD UND DER TEUFEL<\/strong>. Materialien zu \u201eVLAD, DER TODESF\u00dcRST. Die Dracula-Korrektur\u201c (FRAGMENTARIUM- Sammlung); 232\u00a0Seiten, 14,0\u00a0\u00d7\u00a020,0\u00a0cm;\u00a0 ISBN: 3-937139-75-3;\u00a0 \u20ac[D]16,00<\/li>\n<li><strong><a href=\"http:\/\/traian.pop-verlag.com\/978-3-937139-77-7.htm\">Heimleuchten,<\/a> <\/strong>(LYRIK- Sammlung); 120\u00a0Seiten, 14,0\u00a0\u00d7\u00a020,0\u00a0cm; ISBN: \u00a0978-3-937139-77-7. \u20ac[D]14,40.*Eine <a href=\"http:\/\/traian.pop-verlag.com\/978-3-937139-78-4.htm\">Vorzugsausgabe<\/a> ist erschienen. (Ludwigsburg: Pop, 2009 ISBN: 978-3-937139-78-4). Die Exemplare, von 1 bis 60 nummeriert, wurden auf Munken Print Cream 115g\/qm 1,8-faches Volumen Papier gedruckt (Umschlag: 250g\/qm SoporSet, Schutzumschlag: 160g\/qm SoporSet), und vom Autor einzeln signiert.<\/li>\n<li><em><strong><a href=\"http:\/\/traian.pop-verlag.com\/978-3-937139-78-4.htm\">Heimleuchten,<\/a> <\/strong><\/em>(LYRIK- Sammlung); 120\u00a0Seiten, Vorzugsausgabe. Die Exemplare, von 1 bis 60 nummeriert, sind auf Munken Print Cream 115g\/qm 1,8-faches Volumen Papier gedruckt (Umschlag: 250g\/qm SoporSet, Schutzumschlag: 160g\/qm SoporSet), und vom Autor einzeln signiert.; ISBN: \u00a0978-3-937139-78-4. \u20ac [D] 30,00<\/li>\n<li><strong><a href=\"http:\/\/traian.pop-verlag.com\/juergen_egyptien.htm\">\u00a0J\u00fcrgen Egyptien<\/a>, <a href=\"http:\/\/traian.pop-verlag.com\/george_gutu.htm\"> George Gu\u0163u<\/a>, <a href=\"http:\/\/traian.pop-verlag.com\/wolfgang_schlott.htm\"> Wolfgang Schlott,<\/a> <\/strong><strong><a href=\"http:\/\/traian.pop-verlag.com\/maria_irod.htm\">Maria Irod<\/a><\/strong> (Hrsg.) <em><strong><a href=\"http:\/\/traian.pop-verlag.com\/sprachheimat.htm\">SPRACHHEIMAT.<\/a> Zum Werk von <\/strong><\/em><strong><a href=\"http:\/\/traian.pop-verlag.com\/dieter_schlesak.htm\">Dieter Schlesak<\/a><\/strong> <em><strong> in Zeiten von Diktatur und Exil. <\/strong><\/em>ISBN: 978-3-937139-85-2. 29,90 Euro.<\/li>\n<li><strong><em><a href=\"http:\/\/traian.pop-verlag.com\/licht_blicke.htm\">Licht Blicke.<\/a><\/em><\/strong> (Lyrik- Sammlung) 115 S. ISBN: ISBN: 978-3-86356-044-7, \u20ac [D] 14,80\u2013 \u20ac [AT] 15,\u2013 SFr [CH] 22,\u2013<\/li>\n<li><strong><a href=\"http:\/\/traian.pop-verlag.com\/horst_samson.htm\">Horst Samson<\/a> <\/strong>(Hrsg.):<strong>\u00a0<\/strong> <a href=\"http:\/\/traian.pop-verlag.com\/heimat_-_gerettete_zunge.htm\">Heimat \u2013 gerettete Zunge.<\/a> Visionen und Fiktionen deutschsprachiger Autoren aus Rum\u00e4nien.\u00a0Eine literarische Begegnung. Mit einem Vorwort von Prof. Dr. Wolfgang Schlott. (UNIVERSITAS Sammlung) 373 S. ISBN:\u00a0 978-3-86356-051-5, \u20ac [D] 25,\u2013 \u20ac [AT] 25,\u2013 SFr [CH] 35,\u2013<\/li>\n<li><a href=\"https:\/\/wp.pop-verlag.com\/?p=373\"><strong>TRANSSYLWAHNIEN<\/strong><\/a>. Roman. Die POP-Verlag-Epikreihe; Bd. 54. 348 Seiten,\u00a0ISBN 978-3-86356-090-4; \u20ac[D]18,20<\/li>\n<li><strong><a href=\"https:\/\/wp.pop-verlag.com\/?p=339\">\u201cEIN BUCHSTAB BLEIBT Auf gr\u00fcnem Zweig\u201d. Tagebuchgedichte und ein Essay.<\/a> <\/strong>Die POP-Verlag-Lyrikreihe; Bd. 73; ISBN 978-3-86356-101-7; 154 Seiten; \u20ac[D]17,80<\/li>\n<\/ul>\n<p>&nbsp;<\/p>\n","protected":false},"excerpt":{"rendered":"<p>Dieter Schlesak: \u201cEIN BUCHSTAB BLEIBT Auf gr\u00fcnem Zweig\u201d. Tagebuchgedichte und ein Essay. Die POP-Verlag-Lyrikreihe; Bd. 73; ISBN 978-3-86356-101-7; 154 Seiten; \u20ac[D]17,80 Hier ist, um mit Musil zu sprechen, nicht nur eine neue Seele da, sondern auch der dazugeh\u00f6rige Stil. Das &hellip; <a class=\"more-link\" href=\"https:\/\/wp.pop-verlag.com\/?p=339\">Weiterlesen <span class=\"meta-nav\">&rarr;<\/span><\/a><\/p>\n","protected":false},"author":1,"featured_media":0,"comment_status":"closed","ping_status":"closed","sticky":false,"template":"","format":"standard","meta":{"_jetpack_memberships_contains_paid_content":false,"footnotes":""},"categories":[18,21,8],"tags":[67,135],"class_list":["post-339","post","type-post","status-publish","format-standard","hentry","category-erscheinungsjahr-2014","category-deutsch-rumaenische-literatur","category-pop-lyrik","tag-dieter-schlesak","tag-ein-buchstabe-bleibt-auf-gruenem-zweig"],"jetpack_sharing_enabled":true,"jetpack_featured_media_url":"","_links":{"self":[{"href":"https:\/\/wp.pop-verlag.com\/index.php?rest_route=\/wp\/v2\/posts\/339","targetHints":{"allow":["GET"]}}],"collection":[{"href":"https:\/\/wp.pop-verlag.com\/index.php?rest_route=\/wp\/v2\/posts"}],"about":[{"href":"https:\/\/wp.pop-verlag.com\/index.php?rest_route=\/wp\/v2\/types\/post"}],"author":[{"embeddable":true,"href":"https:\/\/wp.pop-verlag.com\/index.php?rest_route=\/wp\/v2\/users\/1"}],"replies":[{"embeddable":true,"href":"https:\/\/wp.pop-verlag.com\/index.php?rest_route=%2Fwp%2Fv2%2Fcomments&post=339"}],"version-history":[{"count":10,"href":"https:\/\/wp.pop-verlag.com\/index.php?rest_route=\/wp\/v2\/posts\/339\/revisions"}],"predecessor-version":[{"id":4374,"href":"https:\/\/wp.pop-verlag.com\/index.php?rest_route=\/wp\/v2\/posts\/339\/revisions\/4374"}],"wp:attachment":[{"href":"https:\/\/wp.pop-verlag.com\/index.php?rest_route=%2Fwp%2Fv2%2Fmedia&parent=339"}],"wp:term":[{"taxonomy":"category","embeddable":true,"href":"https:\/\/wp.pop-verlag.com\/index.php?rest_route=%2Fwp%2Fv2%2Fcategories&post=339"},{"taxonomy":"post_tag","embeddable":true,"href":"https:\/\/wp.pop-verlag.com\/index.php?rest_route=%2Fwp%2Fv2%2Ftags&post=339"}],"curies":[{"name":"wp","href":"https:\/\/api.w.org\/{rel}","templated":true}]}}