{"id":3060,"date":"2018-03-11T07:48:22","date_gmt":"2018-03-11T07:48:22","guid":{"rendered":"http:\/\/wp.pop-verlag.com\/?p=3060"},"modified":"2018-03-11T08:15:57","modified_gmt":"2018-03-11T08:15:57","slug":"denisa-comanescu-rueckkehr-aus-dem-exil-intoarcerea-din-exil","status":"publish","type":"post","link":"https:\/\/wp.pop-verlag.com\/?p=3060","title":{"rendered":"Denisa Com\u0103nescu: R\u00fcckkehr aus dem Exil \/ \u00centoarcerea din exil"},"content":{"rendered":"<p><img loading=\"lazy\" decoding=\"async\" class=\"alignleft wp-image-3061 size-medium\" src=\"http:\/\/wp.pop-verlag.com\/wp-content\/uploads\/2018\/03\/978-3-86356-193-2-210x300.jpg\" alt=\"978-3-86356-193-2\" width=\"210\" height=\"300\" srcset=\"https:\/\/wp.pop-verlag.com\/wp-content\/uploads\/2018\/03\/978-3-86356-193-2-210x300.jpg 210w, https:\/\/wp.pop-verlag.com\/wp-content\/uploads\/2018\/03\/978-3-86356-193-2-768x1097.jpg 768w, https:\/\/wp.pop-verlag.com\/wp-content\/uploads\/2018\/03\/978-3-86356-193-2-717x1024.jpg 717w, https:\/\/wp.pop-verlag.com\/wp-content\/uploads\/2018\/03\/978-3-86356-193-2.jpg 1654w\" sizes=\"auto, (max-width: 210px) 100vw, 210px\" \/><strong><a href=\"http:\/\/wp.pop-verlag.com\/?page_id=2821\">Denisa Com\u0103nescu<\/a>: <a href=\"http:\/\/wp.pop-verlag.com\/?p=3060\">R\u00fcckkehr aus dem Exil \/ \u00centoarcerea din exil<\/a><\/strong><\/p>\n<p>Gedichte. Deutsch \/ Rum\u00e4nisch. Aus dem Rum\u00e4nischen \u00fcbersetzt von <a href=\"http:\/\/wp.pop-verlag.com\/?page_id=1379\">Jan Cornelius<\/a><br \/>\nund einem Nachwort von <a href=\"http:\/\/wp.pop-verlag.com\/?page_id=2637\">Peter Gehrisch<\/a>.<\/p>\n<p>Orpheus Reihe Band 5, ISBN 978-3-86356-193-2, 200 Seiten, \u20ac[D]19,90<\/p>\n<p>&nbsp;<\/p>\n<p>&nbsp;<\/p>\n<p>&nbsp;<\/p>\n<p>&nbsp;<\/p>\n<p><span class=\"readonlyText multiple\">Lieferbare Titel von<\/span> <strong><a href=\"http:\/\/wp.pop-verlag.com\/?page_id=2821\">Denisa Com\u0103nescu<\/a>: <\/strong><\/p>\n<ul>\n<li><strong><a href=\"http:\/\/wp.pop-verlag.com\/?p=2816\">R\u00fcckkehr aus dem Exil.\u00a0<\/a><\/strong><span class=\"readonlyText multiple\"><a class=\"readonlyText multiple\" href=\"http:\/\/wp.pop-verlag.com\/?page_id=1379\">Aus dem Rum\u00e4nischen \u00fcbersetzt von <\/a><a href=\"http:\/\/wp.pop-verlag.com\/?page_id=1379\">Jan Cornelius <\/a>und einem Nachwort von <a href=\"http:\/\/wp.pop-verlag.com\/?page_id=2637\">Peter Gehrisch<\/a>. ISBN 978-3-86356-191-8, <\/span>114 Seiten, \u20ac[D]16,50<\/li>\n<li><strong><a href=\"http:\/\/wp.pop-verlag.com\/?p=3060\">R\u00fcckkehr aus dem Exil \/ \u00centoarcerea din exil.<\/a><\/strong>Gedichte. Deutsch \/ Rum\u00e4nisch. Aus dem Rum\u00e4nischen \u00fcbersetzt von <a href=\"http:\/\/wp.pop-verlag.com\/?page_id=1379\">Jan Cornelius <\/a>und einem Nachwort von <a href=\"http:\/\/wp.pop-verlag.com\/?page_id=2637\">Peter Gehrisch<\/a>. Orpheus Reihe Band 5, ISBN 978-3-86356-193-2, 200 Seiten, \u20ac[D]19,90<\/li>\n<\/ul>\n","protected":false},"excerpt":{"rendered":"<p>Denisa Com\u0103nescu: R\u00fcckkehr aus dem Exil \/ \u00centoarcerea din exil Gedichte. Deutsch \/ Rum\u00e4nisch. Aus dem Rum\u00e4nischen \u00fcbersetzt von Jan Cornelius und einem Nachwort von Peter Gehrisch. Orpheus Reihe Band 5, ISBN 978-3-86356-193-2, 200 Seiten, \u20ac[D]19,90 &nbsp; &nbsp; &nbsp; &nbsp; &hellip; <a class=\"more-link\" href=\"https:\/\/wp.pop-verlag.com\/?p=3060\">Weiterlesen <span class=\"meta-nav\">&rarr;<\/span><\/a><\/p>\n","protected":false},"author":2,"featured_media":0,"comment_status":"closed","ping_status":"closed","sticky":false,"template":"","format":"standard","meta":{"_jetpack_memberships_contains_paid_content":false,"footnotes":""},"categories":[212,22,208],"tags":[],"class_list":["post-3060","post","type-post","status-publish","format-standard","hentry","category-e-erscheinungsjahr-2018","category-rumaenische-literatur","category-orpheus"],"jetpack_sharing_enabled":true,"jetpack_featured_media_url":"","_links":{"self":[{"href":"https:\/\/wp.pop-verlag.com\/index.php?rest_route=\/wp\/v2\/posts\/3060","targetHints":{"allow":["GET"]}}],"collection":[{"href":"https:\/\/wp.pop-verlag.com\/index.php?rest_route=\/wp\/v2\/posts"}],"about":[{"href":"https:\/\/wp.pop-verlag.com\/index.php?rest_route=\/wp\/v2\/types\/post"}],"author":[{"embeddable":true,"href":"https:\/\/wp.pop-verlag.com\/index.php?rest_route=\/wp\/v2\/users\/2"}],"replies":[{"embeddable":true,"href":"https:\/\/wp.pop-verlag.com\/index.php?rest_route=%2Fwp%2Fv2%2Fcomments&post=3060"}],"version-history":[{"count":5,"href":"https:\/\/wp.pop-verlag.com\/index.php?rest_route=\/wp\/v2\/posts\/3060\/revisions"}],"predecessor-version":[{"id":3069,"href":"https:\/\/wp.pop-verlag.com\/index.php?rest_route=\/wp\/v2\/posts\/3060\/revisions\/3069"}],"wp:attachment":[{"href":"https:\/\/wp.pop-verlag.com\/index.php?rest_route=%2Fwp%2Fv2%2Fmedia&parent=3060"}],"wp:term":[{"taxonomy":"category","embeddable":true,"href":"https:\/\/wp.pop-verlag.com\/index.php?rest_route=%2Fwp%2Fv2%2Fcategories&post=3060"},{"taxonomy":"post_tag","embeddable":true,"href":"https:\/\/wp.pop-verlag.com\/index.php?rest_route=%2Fwp%2Fv2%2Ftags&post=3060"}],"curies":[{"name":"wp","href":"https:\/\/api.w.org\/{rel}","templated":true}]}}