{"id":3042,"date":"2018-03-11T07:14:44","date_gmt":"2018-03-11T07:14:44","guid":{"rendered":"http:\/\/wp.pop-verlag.com\/?p=3042"},"modified":"2024-03-16T07:59:57","modified_gmt":"2024-03-16T07:59:57","slug":"harald-groehler-in-eile-im-mantel","status":"publish","type":"post","link":"https:\/\/wp.pop-verlag.com\/?p=3042","title":{"rendered":"Harald Gr\u00f6hler: In Eile, im Mantel"},"content":{"rendered":"<p><img loading=\"lazy\" decoding=\"async\" class=\"alignleft wp-image-3043 size-medium\" src=\"http:\/\/wp.pop-verlag.com\/wp-content\/uploads\/2018\/03\/978-3-86356-219-9-210x300.jpg\" alt=\"978-3-86356-219-9\" width=\"210\" height=\"300\" srcset=\"https:\/\/wp.pop-verlag.com\/wp-content\/uploads\/2018\/03\/978-3-86356-219-9-210x300.jpg 210w, https:\/\/wp.pop-verlag.com\/wp-content\/uploads\/2018\/03\/978-3-86356-219-9-768x1097.jpg 768w, https:\/\/wp.pop-verlag.com\/wp-content\/uploads\/2018\/03\/978-3-86356-219-9-717x1024.jpg 717w, https:\/\/wp.pop-verlag.com\/wp-content\/uploads\/2018\/03\/978-3-86356-219-9.jpg 1654w\" sizes=\"auto, (max-width: 210px) 100vw, 210px\" \/> <img loading=\"lazy\" decoding=\"async\" class=\"alignleft wp-image-3044 size-medium\" src=\"http:\/\/wp.pop-verlag.com\/wp-content\/uploads\/2018\/03\/978-3-86356-219-9_B-210x300.jpg\" alt=\"978-3-86356-219-9_B\" width=\"210\" height=\"300\" srcset=\"https:\/\/wp.pop-verlag.com\/wp-content\/uploads\/2018\/03\/978-3-86356-219-9_B-210x300.jpg 210w, https:\/\/wp.pop-verlag.com\/wp-content\/uploads\/2018\/03\/978-3-86356-219-9_B-768x1097.jpg 768w, https:\/\/wp.pop-verlag.com\/wp-content\/uploads\/2018\/03\/978-3-86356-219-9_B-717x1024.jpg 717w, https:\/\/wp.pop-verlag.com\/wp-content\/uploads\/2018\/03\/978-3-86356-219-9_B.jpg 1654w\" sizes=\"auto, (max-width: 210px) 100vw, 210px\" \/><strong><a href=\"http:\/\/wp.pop-verlag.com\/?page_id=3047\">Harald Gr\u00f6hler<\/a>: <a href=\"http:\/\/wp.pop-verlag.com\/?p=3042\">In Eile, im Mantel. Neue Stories<\/a><\/strong><\/p>\n<p>Pop Epik, 224 Seiten,\u00a0ISBN: 978-3-86356-219-9, \u20ac[D]16,50<\/p>\n<p style=\"text-align: justify;\">Geschichten lesen und sie gleich wieder vergessen? Von der Art sind Harald Gr\u00f6hlers neue Stories nicht. Eine der Geschichten: Die Fl\u00fcchtlinge \u2026 n\u00e4hern sich. Und was ist nun los? Hier zeigen sich die Einheimischen von einer verflucht neuen Seite. Keine Frage, das meiste f\u00e4llt da peinlich aus. Jede der acht Stories hat aber auch autobiografische Z\u00fcge.<br \/>\nAllen acht Geschichten liegen illegale Vorg\u00e4nge zugrunde. Oder mindestens ein skurriler Vorgang. Gr\u00f6hler sagt: Eine einfache Wahrheit ist heute nicht zu haben.<br \/>\nImmer wieder besch\u00e4ftigt sich der Autor Gr\u00f6hler mit Personen, die sich als ungez\u00e4hmt, unangepasst, als aufs\u00e4ssig zeigen; mit Personen, die sich von etwas freimachen wollen; mit Menschen, die versuchen, eine Decke \u00fcber sich zu durchsto\u00dfen. Und oft ist kein Mann, sondern eine Frau die treibende Kraft. Die Frauen haben nicht selten den aktiveren Part.<br \/>\nDer Autor Gr\u00f6hler rollt den Zusammenhang der Generationen auf; er besch\u00e4ftigt sich damit, wie sich die Generationen heute absto\u00dfen. Wahrheitsfindung, Ged\u00e4chtnis, Geschlechtlichkeit, Grenzerfahrung, das sind Gr\u00f6hlers Themen. Er sagt: \u201eIch habe die Literatur als etwas kennengelernt, das allen Systemen, die sie einfangen m\u00f6chten, Widerstand leistet.\u201c<br \/>\nManchmal spielen sich Gr\u00f6hlers Stories in historisch bedeutsamen \u00d6rtlichkeiten ab. In dem Dom zu Naumburg; in der Wiener Hofburg; dem Ilmtal Goethes vor Weimar (Weltkulturerbe). Zum Teil haben die Geschichten auch eine kindliche oder zumindest knapp jugendliche Perspektive. Was Gr\u00f6hler fasziniert, sind die \u00dcberg\u00e4nge von der Kindheit zur Jetztzeit. Es ist nicht zu viel gesagt, dass hier jemand die Visionen seiner Jugend zu verbinden sucht mit dem Realismus und der N\u00fcchternheit des Erwachsenendaseins.<\/p>\n<p><span class=\"readonlyText multiple\">Lieferbare Titel von<\/span> <a href=\"http:\/\/wp.pop-verlag.com\/?page_id=3047\"><strong>Harald Gr\u00f6hler<\/strong><\/a>:<\/p>\n<ul>\n<li>&#8222;<a href=\"http:\/\/wp.pop-verlag.com\/?p=109\"><strong>Der Sprung durch den Teich<\/strong><\/a>&#8222;. Die Metaphysik der Gedichte. Reihe Lyrik.ISBN 978-3-86356-105-5, 138 Seiten, \u20ac[D]15,50<\/li>\n<li><strong><a href=\"http:\/\/wp.pop-verlag.com\/?p=3042\">In Eile, im Mantel. Neue Stories. <\/a><\/strong>Pop Epik, 224 Seiten,\u00a0ISBN: 978-3-86356-219-9, \u20ac[D]16,50<\/li>\n<li><strong><a href=\"https:\/\/wp.pop-verlag.com\/?p=5367\">Astreines Alibi. Kriminalroman.\u00a0<\/a><\/strong>Reihe Epik Bd. 114, 264 Seiten,\u00a0ISBN: 978-3-86356-306-6, \u20ac[D]19,50<\/li>\n<\/ul>\n<p>&nbsp;<\/p>\n","protected":false},"excerpt":{"rendered":"<p>Harald Gr\u00f6hler: In Eile, im Mantel. Neue Stories Pop Epik, 224 Seiten,\u00a0ISBN: 978-3-86356-219-9, \u20ac[D]16,50 Geschichten lesen und sie gleich wieder vergessen? Von der Art sind Harald Gr\u00f6hlers neue Stories nicht. Eine der Geschichten: Die Fl\u00fcchtlinge \u2026 n\u00e4hern sich. Und was &hellip; <a class=\"more-link\" href=\"https:\/\/wp.pop-verlag.com\/?p=3042\">Weiterlesen <span class=\"meta-nav\">&rarr;<\/span><\/a><\/p>\n","protected":false},"author":2,"featured_media":0,"comment_status":"closed","ping_status":"closed","sticky":false,"template":"","format":"standard","meta":{"_jetpack_memberships_contains_paid_content":false,"footnotes":""},"categories":[212,20,9],"tags":[1091,1092,1093,1085,1094,362,643,1099,1095,1096,1097,1098,780,1100,1088,1101,1102,267,1103,1104,1090,1105,1106,1108,1107,1109,1110,1111,1112,1113,1114,783,782,648,363,774,1115,257,374,1117,1116,802,1059,1118,1119,271,1120,1121,1122,1123,366,1124,1125,1086,395,1126,1127,1087,1128,1129,1089,1130,1131,1132,1133,1134,1135,1136,1137],"class_list":["post-3042","post","type-post","status-publish","format-standard","hentry","category-e-erscheinungsjahr-2018","category-deutsche-literatur","category-pop-epik","tag-abenteuer","tag-aisha","tag-angela-merkel","tag-asylbewerber","tag-autofiktion","tag-autor","tag-berlin","tag-bus","tag-carola","tag-cliffhanger","tag-crime","tag-deutsche-bahn","tag-deutscher","tag-deutschland","tag-drama","tag-erotik","tag-eskapade","tag-essay","tag-fluechtlinge","tag-friseursalon","tag-geboren-1938","tag-gefluechtete","tag-groehler","tag-halim","tag-harald","tag-heimtuecke","tag-hinterhof","tag-ich-erzaehler","tag-immigrant","tag-junge","tag-komik","tag-leben","tag-liebe","tag-literatur","tag-literatur-20-jahrhundert","tag-literatur-deutsch","tag-lust","tag-lyrik","tag-mann","tag-migranten","tag-migration","tag-mitglied-im-pen-zentrum-deutschland","tag-mord","tag-nothammer","tag-osten","tag-pop-verlag","tag-prenzlauer-berg","tag-prosa","tag-qualitaet","tag-rankuene","tag-roman","tag-rosen","tag-safiye","tag-schlaege","tag-schlesien","tag-sex","tag-skype","tag-sprachkursteilnehmer","tag-story","tag-streit","tag-traeger-des-bundesverdienstkreuzes","tag-turnhalle","tag-unverhofftes","tag-vorderhof","tag-witz","tag-wut","tag-xenophobie","tag-ypsilon","tag-zeitgenoessischer-roman"],"jetpack_sharing_enabled":true,"jetpack_featured_media_url":"","_links":{"self":[{"href":"https:\/\/wp.pop-verlag.com\/index.php?rest_route=\/wp\/v2\/posts\/3042","targetHints":{"allow":["GET"]}}],"collection":[{"href":"https:\/\/wp.pop-verlag.com\/index.php?rest_route=\/wp\/v2\/posts"}],"about":[{"href":"https:\/\/wp.pop-verlag.com\/index.php?rest_route=\/wp\/v2\/types\/post"}],"author":[{"embeddable":true,"href":"https:\/\/wp.pop-verlag.com\/index.php?rest_route=\/wp\/v2\/users\/2"}],"replies":[{"embeddable":true,"href":"https:\/\/wp.pop-verlag.com\/index.php?rest_route=%2Fwp%2Fv2%2Fcomments&post=3042"}],"version-history":[{"count":6,"href":"https:\/\/wp.pop-verlag.com\/index.php?rest_route=\/wp\/v2\/posts\/3042\/revisions"}],"predecessor-version":[{"id":5597,"href":"https:\/\/wp.pop-verlag.com\/index.php?rest_route=\/wp\/v2\/posts\/3042\/revisions\/5597"}],"wp:attachment":[{"href":"https:\/\/wp.pop-verlag.com\/index.php?rest_route=%2Fwp%2Fv2%2Fmedia&parent=3042"}],"wp:term":[{"taxonomy":"category","embeddable":true,"href":"https:\/\/wp.pop-verlag.com\/index.php?rest_route=%2Fwp%2Fv2%2Fcategories&post=3042"},{"taxonomy":"post_tag","embeddable":true,"href":"https:\/\/wp.pop-verlag.com\/index.php?rest_route=%2Fwp%2Fv2%2Ftags&post=3042"}],"curies":[{"name":"wp","href":"https:\/\/api.w.org\/{rel}","templated":true}]}}