{"id":3014,"date":"2018-03-10T12:48:33","date_gmt":"2018-03-10T12:48:33","guid":{"rendered":"http:\/\/wp.pop-verlag.com\/?p=3014"},"modified":"2018-03-10T15:31:18","modified_gmt":"2018-03-10T15:31:18","slug":"slavomir-gvozdenovic-wir-kehrten-verwundet-zurueck-in-die-welt","status":"publish","type":"post","link":"https:\/\/wp.pop-verlag.com\/?p=3014","title":{"rendered":"Slavomir Gvozdenovi\u0107: Wir kehrten verwundet zur\u00fcck in die Welt"},"content":{"rendered":"<p><strong><img loading=\"lazy\" decoding=\"async\" class=\"alignleft wp-image-3015 size-medium\" src=\"http:\/\/wp.pop-verlag.com\/wp-content\/uploads\/2018\/03\/978-3-86356-177-2-210x300.jpg\" alt=\"978-3-86356-177-2\" width=\"210\" height=\"300\" srcset=\"https:\/\/wp.pop-verlag.com\/wp-content\/uploads\/2018\/03\/978-3-86356-177-2-210x300.jpg 210w, https:\/\/wp.pop-verlag.com\/wp-content\/uploads\/2018\/03\/978-3-86356-177-2-768x1097.jpg 768w, https:\/\/wp.pop-verlag.com\/wp-content\/uploads\/2018\/03\/978-3-86356-177-2-717x1024.jpg 717w, https:\/\/wp.pop-verlag.com\/wp-content\/uploads\/2018\/03\/978-3-86356-177-2.jpg 1654w\" sizes=\"auto, (max-width: 210px) 100vw, 210px\" \/>Slavomir Gvozdenovi\u0107<\/strong>: <a href=\"http:\/\/wp.pop-verlag.com\/?p=3014\"><strong>Wir kehrten verwundet zur\u00fcck in die Welt<\/strong>.<\/a> Gedichte.<br \/>\nMit achtzehn Grafiken von Piotr Patryk Lewkowicz<\/p>\n<p>\u00dcbersetzungen aus dem Rum\u00e4nischen von <a href=\"http:\/\/wp.pop-verlag.com\/?page_id=742\"><strong>Johann Lippet<\/strong><\/a>, und aus dem Serbischen von <a href=\"http:\/\/wp.pop-verlag.com\/?page_id=2637\"><strong>Peter Gehrisch<\/strong><\/a> &amp; Bettina W\u00f6hrmann.<\/p>\n<p>Orpheus Reihe Band 6<\/p>\n<p>238 Seiten, \u20ac[D]19,90<br \/>\nISBN 978-3-86356-227-4<\/p>\n","protected":false},"excerpt":{"rendered":"<p>Slavomir Gvozdenovi\u0107: Wir kehrten verwundet zur\u00fcck in die Welt. Gedichte. Mit achtzehn Grafiken von Piotr Patryk Lewkowicz \u00dcbersetzungen aus dem Rum\u00e4nischen von Johann Lippet, und aus dem Serbischen von Peter Gehrisch &amp; Bettina W\u00f6hrmann. Orpheus Reihe Band 6 238 Seiten, &hellip; <a class=\"more-link\" href=\"https:\/\/wp.pop-verlag.com\/?p=3014\">Weiterlesen <span class=\"meta-nav\">&rarr;<\/span><\/a><\/p>\n","protected":false},"author":2,"featured_media":0,"comment_status":"closed","ping_status":"closed","sticky":false,"template":"","format":"standard","meta":{"_jetpack_memberships_contains_paid_content":false,"footnotes":""},"categories":[212,22,208],"tags":[],"class_list":["post-3014","post","type-post","status-publish","format-standard","hentry","category-e-erscheinungsjahr-2018","category-rumaenische-literatur","category-orpheus"],"jetpack_sharing_enabled":true,"jetpack_featured_media_url":"","_links":{"self":[{"href":"https:\/\/wp.pop-verlag.com\/index.php?rest_route=\/wp\/v2\/posts\/3014","targetHints":{"allow":["GET"]}}],"collection":[{"href":"https:\/\/wp.pop-verlag.com\/index.php?rest_route=\/wp\/v2\/posts"}],"about":[{"href":"https:\/\/wp.pop-verlag.com\/index.php?rest_route=\/wp\/v2\/types\/post"}],"author":[{"embeddable":true,"href":"https:\/\/wp.pop-verlag.com\/index.php?rest_route=\/wp\/v2\/users\/2"}],"replies":[{"embeddable":true,"href":"https:\/\/wp.pop-verlag.com\/index.php?rest_route=%2Fwp%2Fv2%2Fcomments&post=3014"}],"version-history":[{"count":5,"href":"https:\/\/wp.pop-verlag.com\/index.php?rest_route=\/wp\/v2\/posts\/3014\/revisions"}],"predecessor-version":[{"id":3021,"href":"https:\/\/wp.pop-verlag.com\/index.php?rest_route=\/wp\/v2\/posts\/3014\/revisions\/3021"}],"wp:attachment":[{"href":"https:\/\/wp.pop-verlag.com\/index.php?rest_route=%2Fwp%2Fv2%2Fmedia&parent=3014"}],"wp:term":[{"taxonomy":"category","embeddable":true,"href":"https:\/\/wp.pop-verlag.com\/index.php?rest_route=%2Fwp%2Fv2%2Fcategories&post=3014"},{"taxonomy":"post_tag","embeddable":true,"href":"https:\/\/wp.pop-verlag.com\/index.php?rest_route=%2Fwp%2Fv2%2Ftags&post=3014"}],"curies":[{"name":"wp","href":"https:\/\/api.w.org\/{rel}","templated":true}]}}