{"id":2963,"date":"2018-03-10T07:09:38","date_gmt":"2018-03-10T07:09:38","guid":{"rendered":"http:\/\/wp.pop-verlag.com\/?p=2963"},"modified":"2020-04-04T17:53:17","modified_gmt":"2020-04-04T17:53:17","slug":"adriana-carcu-golden","status":"publish","type":"post","link":"https:\/\/wp.pop-verlag.com\/?p=2963","title":{"rendered":"Adriana Carcu: GOLDEN"},"content":{"rendered":"<p><img loading=\"lazy\" decoding=\"async\" class=\"alignleft wp-image-2965 size-medium\" src=\"http:\/\/wp.pop-verlag.com\/wp-content\/uploads\/2018\/03\/978-3-86356-206-9_B-210x300.jpg\" alt=\"978-3-86356-206-9_B\" width=\"210\" height=\"300\" srcset=\"https:\/\/wp.pop-verlag.com\/wp-content\/uploads\/2018\/03\/978-3-86356-206-9_B-210x300.jpg 210w, https:\/\/wp.pop-verlag.com\/wp-content\/uploads\/2018\/03\/978-3-86356-206-9_B-768x1097.jpg 768w, https:\/\/wp.pop-verlag.com\/wp-content\/uploads\/2018\/03\/978-3-86356-206-9_B-717x1024.jpg 717w, https:\/\/wp.pop-verlag.com\/wp-content\/uploads\/2018\/03\/978-3-86356-206-9_B.jpg 1654w\" sizes=\"auto, (max-width: 210px) 100vw, 210px\" \/><img loading=\"lazy\" decoding=\"async\" class=\"alignleft wp-image-2964 size-medium\" src=\"http:\/\/wp.pop-verlag.com\/wp-content\/uploads\/2018\/03\/978-3-86356-206-9_A-210x300.jpg\" alt=\"978-3-86356-206-9_A\" width=\"210\" height=\"300\" srcset=\"https:\/\/wp.pop-verlag.com\/wp-content\/uploads\/2018\/03\/978-3-86356-206-9_A-210x300.jpg 210w, https:\/\/wp.pop-verlag.com\/wp-content\/uploads\/2018\/03\/978-3-86356-206-9_A-768x1097.jpg 768w, https:\/\/wp.pop-verlag.com\/wp-content\/uploads\/2018\/03\/978-3-86356-206-9_A-717x1024.jpg 717w, https:\/\/wp.pop-verlag.com\/wp-content\/uploads\/2018\/03\/978-3-86356-206-9_A.jpg 1654w\" sizes=\"auto, (max-width: 210px) 100vw, 210px\" \/><strong><a href=\"http:\/\/wp.pop-verlag.com\/?page_id=2968\">Adriana Carcu<\/a><\/strong>: <strong><a href=\"http:\/\/wp.pop-verlag.com\/?p=2963\">GOLDEN<\/a><\/strong><\/p>\n<p>Aus dem Rum\u00e4nischen \u00fcbersetzt von <a href=\"http:\/\/wp.pop-verlag.com\/?page_id=2973\"><strong>Renate Sandu<\/strong><\/a><\/p>\n<p>Illustration: <a href=\"http:\/\/wp.pop-verlag.com\/?page_id=2976\"><strong>Doru P\u0103curar<\/strong><\/a><\/p>\n<p>Pop Epik, ISBN: 978-3-86356-206-9, 246 Seiten, \u20ac[D]18,50<\/p>\n<p>Der Band <em>Golden<\/em> vereint 56 Texte, die in den letzten f\u00fcnf Jahren in der von der Autorin in der Temeswarer Zeitschrift <em>Orizont<\/em> gezeichneten Kolumne \u201eSentimentale Chronik\u201c ver\u00f6ffentlicht wurden. Die Texte sind in f\u00fcnf Kapiteln thematisch gruppiert, wobei die Chronologie ihres Erscheinens in jedem Teil beibehalten wurde.<\/p>\n<p>Die Texte des ersten Kapitels \u201eDie verlorenen Paradiese\u201c geben in autobiografischen Sequenzen eine Welt wieder, \u00fcber die sich der feine Staub der Zeit gelegt hat. Auf die emblematischen Ferienorte der Kindheit folgen erz\u00e4hlte Episoden mit starker emotionaler Konnotation &#8211; wie etwa die Ausreise in <em>In Curtici, zwischen den Welten <\/em>&#8211; oder ein Brief, den die Autorin w\u00e4hrend der rum\u00e4nischen Revolution von 1989 in Deutschland geschrieben hat.<\/p>\n<p>Das Kapitel \u201eWesentliche Fiktionen\u201c vereint acht Prosaminiaturen und zehn lyrische Texte. Die Prosatexte sind mehrheitlich introspektive <em>stories<\/em> oder Reflexionen, die die Qualen des Schreibenden wiedergeben. Man kann sie als stilistische Experimente sehen, in denen die Autorin jeweils einer anderen Kunstgriff den Vorzug gibt: Diktat, Oneirismus, abyssales Versenken oder Schreiben in der zweiten Person, wie in dem Text, der dem Band den Titel gibt. Das Wort \u201egolden\u201c, das wie ein leuchtender Faden durch viele Texte zieht, ist f\u00fcr die Autorin das wiederkehrende Bestreben, jenen verg\u00e4nglichen Zustand der Perfektion festzuhalten, wenn \u201ealle Welt am richtigen Platz ist, in einer Ordnung, die einem ewig zu sein d\u00fcnkt, denn es ist die Unkenntnis von der Verg\u00e4nglichkeit, die dem Moment seine Sch\u00f6nheit verleiht\u201c.<\/p>\n<p>Das Kapitel \u201eZeitsplitter\u201c enth\u00e4lt vor allem beredte Portr\u00e4ts von Menschen unserer Zeit, aber es h\u00e4lt auch Momente seltenen Zaubers aus dem Alltag fest. Literarische Valenzen und universale oder historisch relevante Bedeutungen werden in die Texte gelegt, wie etwa in der Geschichte einer sudetendeutschen Familie oder der grenz\u00fcberschreitenden Abenteuer der Fl\u00fcchtlinge aus dem Irak und aus Afghanistan, Momo und Hakim. <em>Marion<\/em> und <em>Die wei\u00dfe Zauberin<\/em> runden das Bild der Frau ab, die den auf sich genommenen Weg geht und dabei der Norm trotzt.<\/p>\n<p>Das Kapitel \u201eAnsicht von der Br\u00fccke\u201c enth\u00e4lt essayistische Texte zu Ereignissen oder Anl\u00e4ssen, die Rum\u00e4nien und Deutschland unmittelbar betreffen, oder mit diffusen Themen wie die Virtualisierung der Realit\u00e4t oder durch Kommunikationsschwierigkeiten entstandene Probleme.<\/p>\n<p>Das letzte Kapitel des Buches, \u201eLeben und K\u00fcnste\u201c enth\u00e4lt sentimentale Chroniken, ohne dabei den Titel der Kolumne (und des fr\u00fcher im Waro-Verlag erschienenen Buches) wieder aufzunehmen. Dieser Teil ist der umfangreichste und zugleich heterogenste des Bandes. Neben aktuellen Berichten von Ereignissen aus dem Leben und der Welt der Kunst sind hier Rezensionen, Nachrufe, Auslegungen, Chroniken des musikalischen Lebens oder Begegnungen mit K\u00fcnstlern zusammengefasst. Auch hier werden die Themen literarisch, h\u00e4ufig mit essayistischen Einsch\u00fcben behandelt, daneben findet man ein kritisches Herangehen und Abschnitte mit informativem Charakter. Die Chronik einer Ton- und Lichtinstallation verwandelt sich in eine abenteuerliche poetische Reise durch einen Wald im Westen Deutschlands, die Rezession eines autobiografischen Buches wird zur Chronik einer ganzen kulturellen \u00c4ra, die Chronik eines Spielfilms verwandelt sich in ein Essay \u00fcber die bedingungslose Mutterliebe.<\/p>\n<p>Kennzeichnend f\u00fcr den Band ist eine stilistische Geschmeidigkeit, die \u00fcber die Grenzen der Gattungen geht und diese in Einklang bringt, eine Klarheit des Ausdrucks von subtiler poetischer Kraft.<\/p>\n<p>&nbsp;<\/p>\n<p>Lieferbare Titel von <strong><a href=\"http:\/\/wp.pop-verlag.com\/?page_id=2968\">Adriana Carcu:<\/a><\/strong><\/p>\n<ul>\n<li><strong><a href=\"http:\/\/wp.pop-verlag.com\/?p=2963\">GOLDEN.<\/a><\/strong> Aus dem Rum\u00e4nischen \u00fcbersetzt von <a href=\"http:\/\/wp.pop-verlag.com\/?page_id=2973\"><strong>Renate Sandu. <\/strong><\/a>Illustration: <a href=\"http:\/\/wp.pop-verlag.com\/?page_id=2976\"><strong>Doru P\u0103curar. <\/strong><\/a>Pop Epik, ISBN: 978-3-86356-206-9, 246 Seiten, \u20ac[D]18,50<\/li>\n<li><strong><a href=\"https:\/\/wp.pop-verlag.com\/?page_id=2968\">Adriana Carcu<\/a><\/strong>, <strong><a href=\"https:\/\/wp.pop-verlag.com\/?page_id=4577\">Richard Wayne<\/a><\/strong>: Das Lied aus dem Norden. Nordischer Jazz in Wort und Bild. \u00dcbersetzungen aus dem Rum\u00e4nischen von Sigrid Kuhn [Interviews, Festivalchroniken] und Renate Sandu [Jazzweise]. Die POP-Verlag-Fragmentariumreihe, Bd. 16; ISBN: 978-3-86356-289-2; 226 Seiten, \u20ac[D]19,90<\/li>\n<\/ul>\n<p>&nbsp;<\/p>\n","protected":false},"excerpt":{"rendered":"<p>Adriana Carcu: GOLDEN Aus dem Rum\u00e4nischen \u00fcbersetzt von Renate Sandu Illustration: Doru P\u0103curar Pop Epik, ISBN: 978-3-86356-206-9, 246 Seiten, \u20ac[D]18,50 Der Band Golden vereint 56 Texte, die in den letzten f\u00fcnf Jahren in der von der Autorin in der Temeswarer &hellip; <a class=\"more-link\" href=\"https:\/\/wp.pop-verlag.com\/?p=2963\">Weiterlesen <span class=\"meta-nav\">&rarr;<\/span><\/a><\/p>\n","protected":false},"author":2,"featured_media":0,"comment_status":"closed","ping_status":"closed","sticky":false,"template":"","format":"standard","meta":{"_jetpack_memberships_contains_paid_content":false,"footnotes":""},"categories":[212,22,9],"tags":[],"class_list":["post-2963","post","type-post","status-publish","format-standard","hentry","category-e-erscheinungsjahr-2018","category-rumaenische-literatur","category-pop-epik"],"jetpack_sharing_enabled":true,"jetpack_featured_media_url":"","_links":{"self":[{"href":"https:\/\/wp.pop-verlag.com\/index.php?rest_route=\/wp\/v2\/posts\/2963","targetHints":{"allow":["GET"]}}],"collection":[{"href":"https:\/\/wp.pop-verlag.com\/index.php?rest_route=\/wp\/v2\/posts"}],"about":[{"href":"https:\/\/wp.pop-verlag.com\/index.php?rest_route=\/wp\/v2\/types\/post"}],"author":[{"embeddable":true,"href":"https:\/\/wp.pop-verlag.com\/index.php?rest_route=\/wp\/v2\/users\/2"}],"replies":[{"embeddable":true,"href":"https:\/\/wp.pop-verlag.com\/index.php?rest_route=%2Fwp%2Fv2%2Fcomments&post=2963"}],"version-history":[{"count":7,"href":"https:\/\/wp.pop-verlag.com\/index.php?rest_route=\/wp\/v2\/posts\/2963\/revisions"}],"predecessor-version":[{"id":4973,"href":"https:\/\/wp.pop-verlag.com\/index.php?rest_route=\/wp\/v2\/posts\/2963\/revisions\/4973"}],"wp:attachment":[{"href":"https:\/\/wp.pop-verlag.com\/index.php?rest_route=%2Fwp%2Fv2%2Fmedia&parent=2963"}],"wp:term":[{"taxonomy":"category","embeddable":true,"href":"https:\/\/wp.pop-verlag.com\/index.php?rest_route=%2Fwp%2Fv2%2Fcategories&post=2963"},{"taxonomy":"post_tag","embeddable":true,"href":"https:\/\/wp.pop-verlag.com\/index.php?rest_route=%2Fwp%2Fv2%2Ftags&post=2963"}],"curies":[{"name":"wp","href":"https:\/\/api.w.org\/{rel}","templated":true}]}}