{"id":2884,"date":"2018-03-08T11:49:04","date_gmt":"2018-03-08T11:49:04","guid":{"rendered":"http:\/\/wp.pop-verlag.com\/?p=2884"},"modified":"2024-11-12T19:18:25","modified_gmt":"2024-11-12T19:18:25","slug":"ana-blandiana-geschlossene-kirchen","status":"publish","type":"post","link":"https:\/\/wp.pop-verlag.com\/?p=2884","title":{"rendered":"Ana Blandiana: Geschlossene Kirchen \/ Biserici \u00eenchise"},"content":{"rendered":"<p><img loading=\"lazy\" decoding=\"async\" class=\"alignleft wp-image-2885 size-medium\" src=\"http:\/\/wp.pop-verlag.com\/wp-content\/uploads\/2018\/03\/978-3-86356-185-7-210x300.jpg\" alt=\"978-3-86356-185-7\" width=\"210\" height=\"300\" srcset=\"https:\/\/wp.pop-verlag.com\/wp-content\/uploads\/2018\/03\/978-3-86356-185-7-210x300.jpg 210w, https:\/\/wp.pop-verlag.com\/wp-content\/uploads\/2018\/03\/978-3-86356-185-7-768x1097.jpg 768w, https:\/\/wp.pop-verlag.com\/wp-content\/uploads\/2018\/03\/978-3-86356-185-7-717x1024.jpg 717w, https:\/\/wp.pop-verlag.com\/wp-content\/uploads\/2018\/03\/978-3-86356-185-7.jpg 1654w\" sizes=\"auto, (max-width: 210px) 100vw, 210px\" \/><a href=\"http:\/\/wp.pop-verlag.com\/?page_id=2888\"><strong>Ana Blandiana<\/strong><\/a>: <a href=\"http:\/\/wp.pop-verlag.com\/?p=2884\"><strong>Geschlossene Kirchen &amp;\u00a0<span class=\"st\"><em>Biserici \u00eenchise<\/em><\/span><\/strong><\/a><br \/>\nGedichte<\/p>\n<p>Nach einer Auswahl und mit einem Nachwort von <a href=\"https:\/\/wp.pop-verlag.com\/?page_id=3182\"><strong>Katharina Kilzer<\/strong><\/a> (Hrsg.). \u00dcbersetzungen aus dem Rum\u00e4nischen von <strong><a href=\"https:\/\/wp.pop-verlag.com\/?page_id=3184\">Maria Herlo<\/a><\/strong>, <a href=\"https:\/\/wp.pop-verlag.com\/?page_id=3182\"><strong>Katharina Kilzer<\/strong><\/a> und <strong><a href=\"https:\/\/wp.pop-verlag.com\/?page_id=734\">Horst Samson<\/a><\/strong>. Deutsch-Rum\u00e4nisch<\/p>\n<p>Orpheus Reihe Band 9<\/p>\n<p>210 Seiten, \u20ac[D]19,90<br \/>\nISBN 978-3-86356-185-7<\/p>\n<p>&nbsp;<\/p>\n<p>Lieferbare Titel von <a href=\"http:\/\/wp.pop-verlag.com\/?page_id=2888\"><strong>Ana Blandiana:<\/strong><\/a><\/p>\n<p><a href=\"http:\/\/wp.pop-verlag.com\/?p=2884\"><strong>\u2013 <\/strong><\/a><strong><a href=\"http:\/\/wp.pop-verlag.com\/?p=2884\">Geschlossene Kirchen &amp;\u00a0<span class=\"st\"><em>Biserici \u00eenchise.\u00a0<\/em><\/span><\/a><\/strong>Gedichte. Nach einer Auswahl und mit einem Nachwort von <a href=\"https:\/\/wp.pop-verlag.com\/?page_id=3182\"><strong>Katharina Kilzer<\/strong><\/a> (Hrsg.). \u00dcbersetzungen aus dem Rum\u00e4nischen von <strong><a href=\"https:\/\/wp.pop-verlag.com\/?page_id=3184\">Maria Herlo<\/a><\/strong>, <a href=\"https:\/\/wp.pop-verlag.com\/?page_id=3182\"><strong>Katharina Kilzer<\/strong><\/a> und <strong><a href=\"https:\/\/wp.pop-verlag.com\/?page_id=734\">Horst Samson<\/a><\/strong>. Deutsch-Rum\u00e4nisch. Orpheus Reihe Band 9. ISBN 978-3-86356-185-7; 210 Seiten, \u20ac[D]18,50<\/p>\n<p>\u2013 <a href=\"https:\/\/www.bawuelon.com\/bawuelon-28\/\"><strong>BAW\u00dcLON 4\/2017 (28)<\/strong><\/a><\/p>\n<p>\u2013\u00a0 <a href=\"https:\/\/www.edition-matrix.com\/matrix-1-2020-59-%e2%80%a2-anna-blandiana-%e2%80%a2-sie-koennte-die-naechste-nobelpreistraegerin-sein\/\"><strong>MATRIX 1\/2020 (59) \u2022 Anna Blandiana \u2022 Sie k\u00f6nnte die n\u00e4chste Nobelpreistr\u00e4gerin sein<\/strong><\/a><\/p>\n<ul>\n<li><strong>\u00a0<a href=\"https:\/\/wp.pop-verlag.com\/?p=5470\">Mein Vaterland A4 \/ Patria mea A4<\/a><\/strong>. Gedichte. Deutsch \/ Rum\u00e4nisch. \u00dcbersetzungen aus dem Rum\u00e4nischen von <strong><a href=\"https:\/\/wp.pop-verlag.com\/?page_id=3184\">Maria Herlo<\/a><\/strong>, <a href=\"https:\/\/wp.pop-verlag.com\/?page_id=3182\"><strong>Katharina Kilzer<\/strong><\/a> und <strong><a href=\"https:\/\/wp.pop-verlag.com\/?page_id=734\">Horst Samson<\/a><\/strong>.\u00a0Reihe Lyrik Bd. 154. 155 S., Kartoniert, mit Schutzumschlag (bedruckt). <label class=\"control-label\">ISBN: <\/label><span class=\"readonlyText\">978-3-86356-300-4, \u20ac[D]<\/span> 19,90<\/li>\n<li><strong>Herr der M\u00fchle<\/strong>. \u00dcbersetzungen aus dem Rum\u00e4nischen von\u00a0Hans Bergel], Horst Fassel, <strong><a href=\"https:\/\/wp.pop-verlag.com\/?page_id=3184\">Maria Herlo<\/a><\/strong>, Franz Hodjak,<a href=\"https:\/\/wp.pop-verlag.com\/?page_id=3182\"><strong>Katharina Kilzer<\/strong><\/a>, Rolf-Frieder Marmont, Ruxandra Niculescu,<br \/>\nDieter Roth, <strong><a href=\"https:\/\/wp.pop-verlag.com\/?page_id=734\">Horst Samson<\/a><\/strong>, Dieter Schlesak, Bettina Schuller, und Joachim Wittstock.<\/li>\n<li>Reihe Lyrik Bd. 154 S., Kartoniert, mit Schutzumschlag (bedruckt). <label class=\"control-label\">ISBN: <\/label><span class=\"readonlyText\">978-3-86356-217-5, \u20ac[D]<\/span> 19,10<\/li>\n<li><a href=\"https:\/\/wp.pop-verlag.com\/?p=6203\" target=\"_blank\" rel=\"noopener\"><strong>Variationen \u00fcber ein gegebenes Thema \/ Varia\u021biuni pe o tem\u0103 dat\u0103<\/strong><\/a> Gedichte. Deutsch \/ Rum\u00e4nisch. Aus dem Rum\u00e4nischen und mit einem Nachwort von Ruxandra Niculescu.\u00a0Reihe Lyrik Bd. 170. 149 S., Kartoniert, mit Schutzumschlag (bedruckt). <label class=\"control-label\">ISBN: <\/label><span class=\"readonlyText\">978-3-86356-364-6, \u20ac[D]<\/span> 18,50<\/li>\n<\/ul>\n<p>&nbsp;<\/p>\n","protected":false},"excerpt":{"rendered":"<p>Ana Blandiana: Geschlossene Kirchen &amp;\u00a0Biserici \u00eenchise Gedichte Nach einer Auswahl und mit einem Nachwort von Katharina Kilzer (Hrsg.). \u00dcbersetzungen aus dem Rum\u00e4nischen von Maria Herlo, Katharina Kilzer und Horst Samson. Deutsch-Rum\u00e4nisch Orpheus Reihe Band 9 210 Seiten, \u20ac[D]19,90 ISBN 978-3-86356-185-7 &hellip; <a class=\"more-link\" href=\"https:\/\/wp.pop-verlag.com\/?p=2884\">Weiterlesen <span class=\"meta-nav\">&rarr;<\/span><\/a><\/p>\n","protected":false},"author":2,"featured_media":0,"comment_status":"closed","ping_status":"closed","sticky":false,"template":"","format":"standard","meta":{"_jetpack_memberships_contains_paid_content":false,"footnotes":""},"categories":[212,22,8,208],"tags":[362,651,654,659,658,1163,653,257,655,652,656,657],"class_list":["post-2884","post","type-post","status-publish","format-standard","hentry","category-e-erscheinungsjahr-2018","category-rumaenische-literatur","category-pop-lyrik","category-orpheus","tag-autor","tag-dissident","tag-ehrenbuerger-von-timisoara","tag-frau","tag-geboren-1942","tag-kategorien-buergerrechtler","tag-literatur-rumaenisch","tag-lyrik","tag-mitglied-der-ehrenlegion-ritter","tag-opfer-der-diktatur-der-sozialistischen-republik-rumaenien","tag-pseudonym","tag-rumaene"],"jetpack_sharing_enabled":true,"jetpack_featured_media_url":"","_links":{"self":[{"href":"https:\/\/wp.pop-verlag.com\/index.php?rest_route=\/wp\/v2\/posts\/2884","targetHints":{"allow":["GET"]}}],"collection":[{"href":"https:\/\/wp.pop-verlag.com\/index.php?rest_route=\/wp\/v2\/posts"}],"about":[{"href":"https:\/\/wp.pop-verlag.com\/index.php?rest_route=\/wp\/v2\/types\/post"}],"author":[{"embeddable":true,"href":"https:\/\/wp.pop-verlag.com\/index.php?rest_route=\/wp\/v2\/users\/2"}],"replies":[{"embeddable":true,"href":"https:\/\/wp.pop-verlag.com\/index.php?rest_route=%2Fwp%2Fv2%2Fcomments&post=2884"}],"version-history":[{"count":11,"href":"https:\/\/wp.pop-verlag.com\/index.php?rest_route=\/wp\/v2\/posts\/2884\/revisions"}],"predecessor-version":[{"id":6216,"href":"https:\/\/wp.pop-verlag.com\/index.php?rest_route=\/wp\/v2\/posts\/2884\/revisions\/6216"}],"wp:attachment":[{"href":"https:\/\/wp.pop-verlag.com\/index.php?rest_route=%2Fwp%2Fv2%2Fmedia&parent=2884"}],"wp:term":[{"taxonomy":"category","embeddable":true,"href":"https:\/\/wp.pop-verlag.com\/index.php?rest_route=%2Fwp%2Fv2%2Fcategories&post=2884"},{"taxonomy":"post_tag","embeddable":true,"href":"https:\/\/wp.pop-verlag.com\/index.php?rest_route=%2Fwp%2Fv2%2Ftags&post=2884"}],"curies":[{"name":"wp","href":"https:\/\/api.w.org\/{rel}","templated":true}]}}