{"id":2816,"date":"2018-02-16T06:16:08","date_gmt":"2018-02-16T06:16:08","guid":{"rendered":"http:\/\/wp.pop-verlag.com\/?p=2816"},"modified":"2020-03-23T18:10:41","modified_gmt":"2020-03-23T18:10:41","slug":"denisa-comanescu-rueckkehr-aus-dem-exil","status":"publish","type":"post","link":"https:\/\/wp.pop-verlag.com\/?p=2816","title":{"rendered":"Denisa Com\u0103nescu: R\u00fcckkehr aus dem Exil"},"content":{"rendered":"<p><img loading=\"lazy\" decoding=\"async\" class=\"alignleft wp-image-2817 size-medium\" src=\"http:\/\/wp.pop-verlag.com\/wp-content\/uploads\/2018\/02\/978-3-86356-191-8_A-210x300.jpg\" alt=\"978-3-86356-191-8_A\" width=\"210\" height=\"300\" srcset=\"https:\/\/wp.pop-verlag.com\/wp-content\/uploads\/2018\/02\/978-3-86356-191-8_A-210x300.jpg 210w, https:\/\/wp.pop-verlag.com\/wp-content\/uploads\/2018\/02\/978-3-86356-191-8_A-768x1097.jpg 768w, https:\/\/wp.pop-verlag.com\/wp-content\/uploads\/2018\/02\/978-3-86356-191-8_A-717x1024.jpg 717w, https:\/\/wp.pop-verlag.com\/wp-content\/uploads\/2018\/02\/978-3-86356-191-8_A.jpg 1654w\" sizes=\"auto, (max-width: 210px) 100vw, 210px\" \/> <img loading=\"lazy\" decoding=\"async\" class=\"alignleft wp-image-2818 size-medium\" src=\"http:\/\/wp.pop-verlag.com\/wp-content\/uploads\/2018\/02\/978-3-86356-191-8_B-210x300.jpg\" alt=\"978-3-86356-191-8_B\" width=\"210\" height=\"300\" srcset=\"https:\/\/wp.pop-verlag.com\/wp-content\/uploads\/2018\/02\/978-3-86356-191-8_B-210x300.jpg 210w, https:\/\/wp.pop-verlag.com\/wp-content\/uploads\/2018\/02\/978-3-86356-191-8_B-768x1097.jpg 768w, https:\/\/wp.pop-verlag.com\/wp-content\/uploads\/2018\/02\/978-3-86356-191-8_B-717x1024.jpg 717w, https:\/\/wp.pop-verlag.com\/wp-content\/uploads\/2018\/02\/978-3-86356-191-8_B.jpg 1654w\" sizes=\"auto, (max-width: 210px) 100vw, 210px\" \/><strong><a href=\"http:\/\/wp.pop-verlag.com\/?page_id=2821\">Denisa Com\u0103nescu<\/a>: <a href=\"http:\/\/wp.pop-verlag.com\/?p=2816\">R\u00fcckkehr aus dem Exil<\/a><\/strong><\/p>\n<p>Gedichte,\u00a0<span class=\"readonlyText multiple\">Aus dem Rum\u00e4nischen \u00fcbersetzt von <a href=\"http:\/\/wp.pop-verlag.com\/?page_id=1379\">Jan Cornelius <\/a>und einem Nachwort von Peter Gehrisch. <\/span><\/p>\n<p><span class=\"readonlyText multiple\">Reihe Lyrik, Bd. 107, ISBN 978-3-86356-191-8, 114 Seiten, Kartoniert mit Schutzumschlag bedruckt. \u20ac[D]16,50 <\/span><\/p>\n<p>&nbsp;<\/p>\n<p><span class=\"readonlyText multiple\">Lieferbare Titel von<\/span> <strong><a href=\"http:\/\/wp.pop-verlag.com\/?page_id=2821\">Denisa Com\u0103nescu<\/a>: <\/strong><\/p>\n<ul>\n<li><strong><a href=\"http:\/\/wp.pop-verlag.com\/?p=2816\">R\u00fcckkehr aus dem Exil.\u00a0<\/a><\/strong><span class=\"readonlyText multiple\">Aus dem Rum\u00e4nischen \u00fcbersetzt von <a href=\"http:\/\/wp.pop-verlag.com\/?page_id=1379\">Jan Cornelius <\/a>und einem Nachwort von Peter Gehrisch. ISBN 978-3-86356-191-8, <\/span>114 Seiten, \u20ac[D]16,50<\/li>\n<li><strong><a href=\"http:\/\/wp.pop-verlag.com\/?p=3060\">R\u00fcckkehr aus dem Exil \/ \u00centoarcerea din exil.<\/a><\/strong>Gedichte. Deutsch \/ Rum\u00e4nisch. Aus dem Rum\u00e4nischen \u00fcbersetzt von <a href=\"http:\/\/wp.pop-verlag.com\/?page_id=1379\">Jan Cornelius <\/a>und einem Nachwort von Peter Gehrisch. Orpheus Reihe Band 5, ISBN 978-3-86356-193-2, 200 Seiten, \u20ac[D]19,90<\/li>\n<\/ul>\n<p>&nbsp;<\/p>\n<p>&nbsp;<\/p>\n","protected":false},"excerpt":{"rendered":"<p>Denisa Com\u0103nescu: R\u00fcckkehr aus dem Exil Gedichte,\u00a0Aus dem Rum\u00e4nischen \u00fcbersetzt von Jan Cornelius und einem Nachwort von Peter Gehrisch. Reihe Lyrik, Bd. 107, ISBN 978-3-86356-191-8, 114 Seiten, Kartoniert mit Schutzumschlag bedruckt. \u20ac[D]16,50 &nbsp; Lieferbare Titel von Denisa Com\u0103nescu: R\u00fcckkehr aus &hellip; <a class=\"more-link\" href=\"https:\/\/wp.pop-verlag.com\/?p=2816\">Weiterlesen <span class=\"meta-nav\">&rarr;<\/span><\/a><\/p>\n","protected":false},"author":2,"featured_media":0,"comment_status":"closed","ping_status":"closed","sticky":false,"template":"","format":"standard","meta":{"_jetpack_memberships_contains_paid_content":false,"footnotes":""},"categories":[212,22,8],"tags":[],"class_list":["post-2816","post","type-post","status-publish","format-standard","hentry","category-e-erscheinungsjahr-2018","category-rumaenische-literatur","category-pop-lyrik"],"jetpack_sharing_enabled":true,"jetpack_featured_media_url":"","_links":{"self":[{"href":"https:\/\/wp.pop-verlag.com\/index.php?rest_route=\/wp\/v2\/posts\/2816","targetHints":{"allow":["GET"]}}],"collection":[{"href":"https:\/\/wp.pop-verlag.com\/index.php?rest_route=\/wp\/v2\/posts"}],"about":[{"href":"https:\/\/wp.pop-verlag.com\/index.php?rest_route=\/wp\/v2\/types\/post"}],"author":[{"embeddable":true,"href":"https:\/\/wp.pop-verlag.com\/index.php?rest_route=\/wp\/v2\/users\/2"}],"replies":[{"embeddable":true,"href":"https:\/\/wp.pop-verlag.com\/index.php?rest_route=%2Fwp%2Fv2%2Fcomments&post=2816"}],"version-history":[{"count":6,"href":"https:\/\/wp.pop-verlag.com\/index.php?rest_route=\/wp\/v2\/posts\/2816\/revisions"}],"predecessor-version":[{"id":4916,"href":"https:\/\/wp.pop-verlag.com\/index.php?rest_route=\/wp\/v2\/posts\/2816\/revisions\/4916"}],"wp:attachment":[{"href":"https:\/\/wp.pop-verlag.com\/index.php?rest_route=%2Fwp%2Fv2%2Fmedia&parent=2816"}],"wp:term":[{"taxonomy":"category","embeddable":true,"href":"https:\/\/wp.pop-verlag.com\/index.php?rest_route=%2Fwp%2Fv2%2Fcategories&post=2816"},{"taxonomy":"post_tag","embeddable":true,"href":"https:\/\/wp.pop-verlag.com\/index.php?rest_route=%2Fwp%2Fv2%2Ftags&post=2816"}],"curies":[{"name":"wp","href":"https:\/\/api.w.org\/{rel}","templated":true}]}}