{"id":2458,"date":"2017-12-01T06:27:22","date_gmt":"2017-12-01T06:27:22","guid":{"rendered":"http:\/\/wp.pop-verlag.com\/?p=2458"},"modified":"2017-12-01T06:51:51","modified_gmt":"2017-12-01T06:51:51","slug":"kira-iorgoveanu-mantsu-curnicea","status":"publish","type":"post","link":"https:\/\/wp.pop-verlag.com\/?p=2458","title":{"rendered":"Kira Iorgoveanu-Mantsu: Curnicea"},"content":{"rendered":"<p><a href=\"http:\/\/wp.pop-verlag.com\/?page_id=2462\"><strong>Kira Iorgoveanu-Mantsu<\/strong><\/a>: <strong><a href=\"http:\/\/wp.pop-verlag.com\/?p=2458\">Curnicea<\/a><\/strong>. Prosa f\u00fcr Kinder auf Aromunisch\/ Proz\u00e2 pi limba Arm\u00e2n\u00e2<\/p>\n<p><img loading=\"lazy\" decoding=\"async\" class=\"alignleft wp-image-2459 size-medium\" src=\"http:\/\/wp.pop-verlag.com\/wp-content\/uploads\/2017\/12\/978-3-86356-166-6_A-210x300.jpg\" alt=\"978-3-86356-166-6_A\" width=\"210\" height=\"300\" srcset=\"https:\/\/wp.pop-verlag.com\/wp-content\/uploads\/2017\/12\/978-3-86356-166-6_A-210x300.jpg 210w, https:\/\/wp.pop-verlag.com\/wp-content\/uploads\/2017\/12\/978-3-86356-166-6_A-768x1097.jpg 768w, https:\/\/wp.pop-verlag.com\/wp-content\/uploads\/2017\/12\/978-3-86356-166-6_A-717x1024.jpg 717w, https:\/\/wp.pop-verlag.com\/wp-content\/uploads\/2017\/12\/978-3-86356-166-6_A.jpg 1654w\" sizes=\"auto, (max-width: 210px) 100vw, 210px\" \/> <img loading=\"lazy\" decoding=\"async\" class=\"alignleft wp-image-2460 size-medium\" src=\"http:\/\/wp.pop-verlag.com\/wp-content\/uploads\/2017\/12\/978-3-86356-166-6_B-210x300.jpg\" alt=\"978-3-86356-166-6_B\" width=\"210\" height=\"300\" srcset=\"https:\/\/wp.pop-verlag.com\/wp-content\/uploads\/2017\/12\/978-3-86356-166-6_B-210x300.jpg 210w, https:\/\/wp.pop-verlag.com\/wp-content\/uploads\/2017\/12\/978-3-86356-166-6_B-768x1097.jpg 768w, https:\/\/wp.pop-verlag.com\/wp-content\/uploads\/2017\/12\/978-3-86356-166-6_B-717x1024.jpg 717w, https:\/\/wp.pop-verlag.com\/wp-content\/uploads\/2017\/12\/978-3-86356-166-6_B.jpg 1654w\" sizes=\"auto, (max-width: 210px) 100vw, 210px\" \/>Pirmithi ti ficiurits<br \/>\nMa m\u0103ri sh-ma njits\u2026<br \/>\nIllustrationen\/ Zuyr\u00e2pseri di <a href=\"http:\/\/wp.pop-verlag.com\/?page_id=2467\"><strong>Laura Armeanu<\/strong><\/a><\/p>\n<p>Kids Samlung Band 2, 206 Seiten, ISBN: 978-3-86356-166-6 \u20ac [D]19,90<\/p>\n<p style=\"text-align: justify;\">*Die Aromunen (Mazedo-Romanen) sind die Nachfahrer autochthoner, beginnend mit dem Jahr 148 vor Christus romanisierter Bev\u00f6lkerungsgruppen des Balkans (Makedonier, Thraker,\u00a0 Illyrer, Hellenen), als Rom die Provinz Macedonia einrichtete, die auch die Regionen Epirus und Thessalien umfasste. Die Aromunen machen zurzeit eine Gruppe von mindestens einer Million aus und leben in ihren Herkunftsgebieten (Griechenland, Albanien, Ehemalige Jugoslawische Republik Mazedonien, Bulgarien) und in der Diaspora, beginnend mit dem 18. Jahrhundert in Serbien, Mitteleuropa, Amerika, Australien und nach 1926 in Rum\u00e4nien. Nach dem Fall des Osmanischen Reichs wurde Mazedonien durch den Frieden von Bukarest 1913 unter den neuen Nationalstaaten aufgeteilt (Griechenland 50%, Serbien 40%, Bulgarien 10 %). Diese Teilung hatte f\u00fcr die Aromunen katastrophale Folgen, die sich nun mehr in mehrere Staaten mit vollkommen unterschiedlichen nationalen Rechtssystemen befanden.<br \/>\nDas Aromunische ist eine romanische Sprache mit starken griechischen Einfl\u00fcssen in der Lexik und bildet zusammen mit dem Rum\u00e4nischen, Meglenitischen und Istroromanischen die Gruppe des Balkan- oder Ostlateinischen. Die Aromunen sind als eigene Ethnie in keinem Staat, in dem sie leben, anerkannt und das Aromunische macht einen raschen Prozess des Sprachwunds durch. Lediglich in der Ehemaligen Jugoslawischen Republik Mazedonien sind die Aromunen in der Verfassung als \u201eTeil des aromunischen Volkes anerkannt\u201c. Die parlamentarische Versammlung des Europarates in Stra\u00dfburg hat mit der \u201eEmpfehlung 1333 f\u00fcr die aromunische Sprache und Kultur\u201c ein Dokument anerkannt, das auch von den Parlamenten in den Balkanstaaten unterzeichnet, aber das noch nicht in Praxis umgesetzt wurde.<\/p>\n<p>Lieferbare Titel von <a href=\"http:\/\/wp.pop-verlag.com\/?page_id=2462\"><strong>Kira Iorgoveanu-Mantsu<\/strong><\/a>:<\/p>\n<ul>\n<li><strong><a href=\"http:\/\/wp.pop-verlag.com\/?page_id=1683\">Heidrun Hamersky<\/a>, <a href=\"http:\/\/wp.pop-verlag.com\/?page_id=579\">Ilse Hehn,<\/a> <a href=\"http:\/\/wp.pop-verlag.com\/?page_id=1681\">Wolfgang Schlott<\/a> (Hrsg.): <a href=\"http:\/\/wp.pop-verlag.com\/?p=1678\">\u201eDie Sehnsucht, die ist mir so leicht\u201c Schreiben im Exil.<\/a><\/strong>\u00a0ISBN 978-3-86356-131-4,\u00a0 282 Seiten, 19,90 \u20ac<\/li>\n<li><strong><a href=\"http:\/\/wp.pop-verlag.com\/?p=2458\">Curnicea<\/a><\/strong>.\u00a0Prosa f\u00fcr Kinder auf Aromunisch\/ Proz\u00e2 pi limba Arm\u00e2n\u00e2. Illustrationen\/ Zuyr\u00e2pseri di <a href=\"http:\/\/wp.pop-verlag.com\/?page_id=2467\"><strong>Laura Armeanu<\/strong><\/a>. Kids Samlung Band 2, 206 Seiten, ISBN: 978-3-86356-166-6 \u20ac [D]19,90<\/li>\n<\/ul>\n","protected":false},"excerpt":{"rendered":"<p>Kira Iorgoveanu-Mantsu: Curnicea. Prosa f\u00fcr Kinder auf Aromunisch\/ Proz\u00e2 pi limba Arm\u00e2n\u00e2 Pirmithi ti ficiurits Ma m\u0103ri sh-ma njits\u2026 Illustrationen\/ Zuyr\u00e2pseri di Laura Armeanu Kids Samlung Band 2, 206 Seiten, ISBN: 978-3-86356-166-6 \u20ac [D]19,90 *Die Aromunen (Mazedo-Romanen) sind die Nachfahrer &hellip; <a class=\"more-link\" href=\"https:\/\/wp.pop-verlag.com\/?p=2458\">Weiterlesen <span class=\"meta-nav\">&rarr;<\/span><\/a><\/p>\n","protected":false},"author":2,"featured_media":0,"comment_status":"closed","ping_status":"closed","sticky":false,"template":"","format":"standard","meta":{"_jetpack_memberships_contains_paid_content":false,"footnotes":""},"categories":[209,210],"tags":[],"class_list":["post-2458","post","type-post","status-publish","format-standard","hentry","category-e-erscheinungsjahr-2017","category-p-kids"],"jetpack_sharing_enabled":true,"jetpack_featured_media_url":"","_links":{"self":[{"href":"https:\/\/wp.pop-verlag.com\/index.php?rest_route=\/wp\/v2\/posts\/2458","targetHints":{"allow":["GET"]}}],"collection":[{"href":"https:\/\/wp.pop-verlag.com\/index.php?rest_route=\/wp\/v2\/posts"}],"about":[{"href":"https:\/\/wp.pop-verlag.com\/index.php?rest_route=\/wp\/v2\/types\/post"}],"author":[{"embeddable":true,"href":"https:\/\/wp.pop-verlag.com\/index.php?rest_route=\/wp\/v2\/users\/2"}],"replies":[{"embeddable":true,"href":"https:\/\/wp.pop-verlag.com\/index.php?rest_route=%2Fwp%2Fv2%2Fcomments&post=2458"}],"version-history":[{"count":5,"href":"https:\/\/wp.pop-verlag.com\/index.php?rest_route=\/wp\/v2\/posts\/2458\/revisions"}],"predecessor-version":[{"id":2479,"href":"https:\/\/wp.pop-verlag.com\/index.php?rest_route=\/wp\/v2\/posts\/2458\/revisions\/2479"}],"wp:attachment":[{"href":"https:\/\/wp.pop-verlag.com\/index.php?rest_route=%2Fwp%2Fv2%2Fmedia&parent=2458"}],"wp:term":[{"taxonomy":"category","embeddable":true,"href":"https:\/\/wp.pop-verlag.com\/index.php?rest_route=%2Fwp%2Fv2%2Fcategories&post=2458"},{"taxonomy":"post_tag","embeddable":true,"href":"https:\/\/wp.pop-verlag.com\/index.php?rest_route=%2Fwp%2Fv2%2Ftags&post=2458"}],"curies":[{"name":"wp","href":"https:\/\/api.w.org\/{rel}","templated":true}]}}