{"id":2387,"date":"2017-11-11T06:19:54","date_gmt":"2017-11-11T06:19:54","guid":{"rendered":"http:\/\/wp.pop-verlag.com\/?p=2387"},"modified":"2017-11-11T06:26:37","modified_gmt":"2017-11-11T06:26:37","slug":"regine-kress-fricke-ticken-im-eigenen-rhythmus","status":"publish","type":"post","link":"https:\/\/wp.pop-verlag.com\/?p=2387","title":{"rendered":"Regine Kress-Fricke:  Ticken im eigenen Rhythmus"},"content":{"rendered":"<p><a href=\"http:\/\/wp.pop-verlag.com\/?page_id=2382\"> <strong>Regine Kress-Fricke<\/strong><\/a><a href=\"http:\/\/wp.pop-verlag.com\/?page_id=2382\"><img loading=\"lazy\" decoding=\"async\" class=\"alignleft wp-image-2390 size-medium\" src=\"http:\/\/wp.pop-verlag.com\/wp-content\/uploads\/2017\/11\/978-3-86356-046-1_A-197x300.gif\" alt=\"978-3-86356-046-1_A\" width=\"197\" height=\"300\" srcset=\"https:\/\/wp.pop-verlag.com\/wp-content\/uploads\/2017\/11\/978-3-86356-046-1_A-197x300.gif 197w, https:\/\/wp.pop-verlag.com\/wp-content\/uploads\/2017\/11\/978-3-86356-046-1_A-768x1172.gif 768w, https:\/\/wp.pop-verlag.com\/wp-content\/uploads\/2017\/11\/978-3-86356-046-1_A-671x1024.gif 671w\" sizes=\"auto, (max-width: 197px) 100vw, 197px\" \/><\/a>: <a href=\"http:\/\/wp.pop-verlag.com\/?p=2387\"><strong><em>Ticken im eigenen Rhythmus<\/em><\/strong><\/a>. Gedichte.\u00a0 Mit vier Tuschbildern von Guntram Prochaska. (Lyrik- Sammlung) 80 S. ISBN:\u00a0 978-3-86356-046-1, \u20ac [D] 12,80&#8211;<\/p>\n<p>Lieferbare Titel von\u00a0<strong><a href=\"http:\/\/wp.pop-verlag.com\/?page_id=2382\">Regine Kress-Fricke<\/a><\/strong><a href=\"http:\/\/wp.pop-verlag.com\/?page_id=1087\">:<br \/>\n<\/a><\/p>\n<ul>\n<li><a href=\"http:\/\/wp.pop-verlag.com\/?p=2387\"><strong><em>Ticken im eigenen Rhythmus<\/em><\/strong><\/a>. Gedichte.\u00a0 Mit vier Tuschbildern von Guntram Prochaska. (Lyrik- Sammlung) 80 S. ISBN:\u00a0 978-3-86356-046-1, \u20ac [D] 12,80\u2013<\/li>\n<li>\u201eCERCANA DISTANCIA &#8211; NAHE FERNE\u201c, 2015, 2. Auflage 2016, Monterrey, Mexiko<\/li>\n<li><strong><a href=\"http:\/\/wp.pop-verlag.com\/?p=2379\">Pfeile im Herzen und die Klinge am Hals. Germaine de Sta\u00ebl, die gro\u00dfe Liebende und K\u00e4mpferin.<\/a><\/strong>Reihe Lesezeichen Band 2. ISBN: 978-3-86356-154-3, 174 Seiten, \u20ac [D]16,90<\/li>\n<\/ul>\n<p>&nbsp;<\/p>\n","protected":false},"excerpt":{"rendered":"<p>Regine Kress-Fricke: Ticken im eigenen Rhythmus. Gedichte.\u00a0 Mit vier Tuschbildern von Guntram Prochaska. (Lyrik- Sammlung) 80 S. ISBN:\u00a0 978-3-86356-046-1, \u20ac [D] 12,80&#8211; Lieferbare Titel von\u00a0Regine Kress-Fricke: Ticken im eigenen Rhythmus. Gedichte.\u00a0 Mit vier Tuschbildern von Guntram Prochaska. (Lyrik- Sammlung) 80 &hellip; <a class=\"more-link\" href=\"https:\/\/wp.pop-verlag.com\/?p=2387\">Weiterlesen <span class=\"meta-nav\">&rarr;<\/span><\/a><\/p>\n","protected":false},"author":2,"featured_media":0,"comment_status":"closed","ping_status":"closed","sticky":false,"template":"","format":"standard","meta":{"_jetpack_memberships_contains_paid_content":false,"footnotes":""},"categories":[16,20,8],"tags":[],"class_list":["post-2387","post","type-post","status-publish","format-standard","hentry","category-erscheinungsjahr-2012","category-deutsche-literatur","category-pop-lyrik"],"jetpack_sharing_enabled":true,"jetpack_featured_media_url":"","_links":{"self":[{"href":"https:\/\/wp.pop-verlag.com\/index.php?rest_route=\/wp\/v2\/posts\/2387","targetHints":{"allow":["GET"]}}],"collection":[{"href":"https:\/\/wp.pop-verlag.com\/index.php?rest_route=\/wp\/v2\/posts"}],"about":[{"href":"https:\/\/wp.pop-verlag.com\/index.php?rest_route=\/wp\/v2\/types\/post"}],"author":[{"embeddable":true,"href":"https:\/\/wp.pop-verlag.com\/index.php?rest_route=\/wp\/v2\/users\/2"}],"replies":[{"embeddable":true,"href":"https:\/\/wp.pop-verlag.com\/index.php?rest_route=%2Fwp%2Fv2%2Fcomments&post=2387"}],"version-history":[{"count":4,"href":"https:\/\/wp.pop-verlag.com\/index.php?rest_route=\/wp\/v2\/posts\/2387\/revisions"}],"predecessor-version":[{"id":2396,"href":"https:\/\/wp.pop-verlag.com\/index.php?rest_route=\/wp\/v2\/posts\/2387\/revisions\/2396"}],"wp:attachment":[{"href":"https:\/\/wp.pop-verlag.com\/index.php?rest_route=%2Fwp%2Fv2%2Fmedia&parent=2387"}],"wp:term":[{"taxonomy":"category","embeddable":true,"href":"https:\/\/wp.pop-verlag.com\/index.php?rest_route=%2Fwp%2Fv2%2Fcategories&post=2387"},{"taxonomy":"post_tag","embeddable":true,"href":"https:\/\/wp.pop-verlag.com\/index.php?rest_route=%2Fwp%2Fv2%2Ftags&post=2387"}],"curies":[{"name":"wp","href":"https:\/\/api.w.org\/{rel}","templated":true}]}}