{"id":233,"date":"2015-04-29T10:30:15","date_gmt":"2015-04-29T10:30:15","guid":{"rendered":"http:\/\/wp.pop-verlag.com\/?p=233"},"modified":"2020-11-16T10:48:27","modified_gmt":"2020-11-16T10:48:27","slug":"theo-breuer-das-gewonnene-alphabet","status":"publish","type":"post","link":"https:\/\/wp.pop-verlag.com\/?p=233","title":{"rendered":"Theo Breuer: &#8222;Das gewonnene Alphabet&#8220;"},"content":{"rendered":"<p><a href=\"http:\/\/wp.pop-verlag.com\/wp-content\/uploads\/2015\/04\/theobreuer_dasgewonnenealphabet.jpg\"><img loading=\"lazy\" decoding=\"async\" class=\"alignleft wp-image-230 size-medium\" src=\"http:\/\/wp.pop-verlag.com\/wp-content\/uploads\/2015\/04\/theobreuer_dasgewonnenealphabet-197x300.jpg\" alt=\"theobreuer_dasgewonnenealphabet\" width=\"197\" height=\"300\" \/><\/a><\/p>\n<p><strong><a href=\"http:\/\/wp.pop-verlag.com\/?page_id=1087\">Theo Breuer<\/a>: &#8222;Das gewonnene Alphabet&#8220;<\/strong><br \/>\nGedichte. Pop Lyrik. ISBN 978-3-86356-039-3, 122 Seiten, \u20ac[D]12,00<\/p>\n<p>Das gewonnene Alphabet vereint Gedichte der Jahre 2002 bis 2012, die thematisch und formal so frei sind wie Amsel, Eichelh\u00e4her und Zeisig, die wiederkehrend durch luftige Verse fliegen. Ob Sonett oder freimetrisch verfa\u00dftes Gedicht, ob Akrostichon oder Cento, ob gereimte oder ungereimte Strophe, ob visuelle Poesie oder lakonisches Notat, die Gedichte fesseln, \u00fcberraschen, unterhalten den Leser mit \u00fcberm\u00fctigen Einf\u00e4llen, doppelb\u00f6dig schwingenden Passagen, melancholischen Kl\u00e4ngen, ironischen Wortspielen, nachdenklich machenden Meldungen, unerh\u00f6rten Erdichtungen. Das gewonnene Alphabet ist ein konzeptuell angelegtes Lyrikbuch, das in Gedicht, Glossar und Essay kleine und gro\u00dfe ABCs arrangiert, balanciert, chiffriert, integriert, montiert, parodiert, variiert, zitiert, nach dessen Lekt\u00fcre der Lyriker und Herausgeber Axel Kutsch meint: Es ist von A bis Z ein Vergn\u00fcgen, diese Gedichte zu lesen. Der alphabetische Flu\u00df mit seinen vielen Alliterationen, Sprachspielen, verbalen Eigenwilligkeiten, originellen, ja, k\u00fchnen Wortsch\u00f6pfungen, seinem immer wieder aufblitzenden Humor bietet ein erfrischendes Lekt\u00fcreerlebnis. Diese Lyrik atmet, perlt, sprudelt, ist von quirliger Lebendigkeit.<\/p>\n<p>Lieferbare Titel von <strong><a href=\"http:\/\/wp.pop-verlag.com\/?page_id=1087\">Theo Breuer<\/a><\/strong>:<\/p>\n<ul>\n<li><strong>\u201e<a href=\"http:\/\/wp.pop-verlag.com\/?p=233\">Das gewonnene Alphabet\u201c<\/a><\/strong>. Gedichte. Pop Lyrik. 122 Seiten, ISBN 978-3-86356-039-3, \u20ac[D]12,00<\/li>\n<li style=\"list-style-type: none;\">\n<ul>\n<li>Matrix 28<i>. <\/i><strong>Atmendes Alphabet f\u00fcr <a title=\"Friederike Mayr\u00f6cker\" href=\"https:\/\/www.edition-matrix.com\/matrix-22012-28-%e2%80%a2-atmendes-alphabet-fuer-friederike-mayroecker\/\">Friederike Mayr\u00f6cker<\/a><\/strong> (2012). ISSN: 1861-8006, 294 Seiten, \u20ac[D]10,00<\/li>\n<li><a href=\"https:\/\/www.edition-matrix.com\/matrix-42012-30-%e2%80%a2-jeder-auf-seine-art-fuer-hans-bender\/\">Matrix 29.<strong> Jeder auf seine Art f\u00fcr Hans Bender<\/strong><\/a> (2012). Herausgegeben von <a href=\"https:\/\/wp.pop-verlag.com\/?page_id=1087\"><strong>Theo Breuer<\/strong><\/a>.<\/li>\n<li>ISSN: 1861-8006, 200 Seiten, \u20ac[D]10,00<\/li>\n<li><strong><a href=\"http:\/\/wp.pop-verlag.com\/?p=2366\">\u201eZischender Zustand. Mayr\u00f6cker Time<\/a>.\u201c <\/strong>Lesezeichen Reihe. ISBN: 978-3-86356-152-9, 200 Seiten, \u20ac[D]16,90<\/li>\n<li><a href=\"https:\/\/www.edition-matrix.com\/matrix-februar-2014-axel-kutsch\/\">Matrix 36. <strong>Axel Kutsch spannt Versnetze \u00fcbers Wortland<\/strong><\/a> (2014). ISSN: 1861-8006, 242 Seiten, \u20ac[D]10,00<\/li>\n<li><a href=\"https:\/\/wp.pop-verlag.com\/?p=4064\"><strong>Hinter die dunkle T\u00fcr<\/strong><\/a>. Vierzeiler 2013 \u2013 2015.\u00a0 mit Vorwort und <em>Gespr\u00e4ch mit Hans Bender<\/em> herausgegeben von <a href=\"https:\/\/wp.pop-verlag.com\/?page_id=1087\"><strong>Theo Breuer<\/strong><\/a>. Lyrikreihe Bd. 125; ISBN 978-3-86356-257-1; 137 Seiten, \u20ac[D]14,90<\/li>\n<li><strong><a href=\"https:\/\/wp.pop-verlag.com\/?p=4048\">Scherben saufen.\u00a0<\/a><\/strong>Gedichte. Lyrikreihe Bd. 129; ISBN 978-3-86356-265-6; 171 Seiten, \u20ac[D]15,90<\/li>\n<li><strong><a href=\"https:\/\/wp.pop-verlag.com\/?p=4436\">Winterbienen im Urftland.<\/a><a href=\"https:\/\/wp.pop-verlag.com\/?p=4436\"> Empfundene \/ erfundene Welten in Norbert Scheuers Gedichten und Geschichten<\/a><\/strong>. Lesezeichen Reihe. Bd. 5. ISBN: 978-3-86356-277-9, 128 Seiten, \u20ac[D]12,80<\/li>\n<li><strong><a href=\"https:\/\/wp.pop-verlag.com\/?p=4410\">Admiel Kosman:\u00a0 Aus dem Zwischen des Hohelied<\/a>s<\/strong>. Ausgew\u00e4hlte Gedichte.\u00a0Aus dem Hebr\u00e4ischen \u00fcbertragen von <span class=\"readonlyText multiple\"><strong><a href=\"https:\/\/wp.pop-verlag.com\/?page_id=4292\">Edith Lutz<\/a><\/strong><\/span> in Zusammenarbeit mit <a href=\"https:\/\/wp.pop-verlag.com\/?page_id=1087\"><strong>Theo Breuer<\/strong><\/a><\/li>\n<li>und Udi Levy. Mit Vor- und Nachwort herausgegeben von Edith Lutz. Die POP-Verlag-LYRIKREIHE Bd. 132. ISBN978-3-86356-271-7, 116 Seiten, \u20ac[D]12,80<\/li>\n<li>Matrix 58<i>.<\/i><strong> Zwanzig Tage \u2013 zwanzig Romane\u00a0: Ein Buchspiel (2019)<\/strong>. ISSN: 1861-8006, 228 Seiten, \u20ac[D]15,00<\/li>\n<\/ul>\n<\/li>\n<\/ul>\n<p>&nbsp;<\/p>\n<p>&nbsp;<\/p>\n<p>&nbsp;<\/p>\n","protected":false},"excerpt":{"rendered":"<p>Theo Breuer: &#8222;Das gewonnene Alphabet&#8220; Gedichte. Pop Lyrik. ISBN 978-3-86356-039-3, 122 Seiten, \u20ac[D]12,00 Das gewonnene Alphabet vereint Gedichte der Jahre 2002 bis 2012, die thematisch und formal so frei sind wie Amsel, Eichelh\u00e4her und Zeisig, die wiederkehrend durch luftige Verse &hellip; <a class=\"more-link\" href=\"https:\/\/wp.pop-verlag.com\/?p=233\">Weiterlesen <span class=\"meta-nav\">&rarr;<\/span><\/a><\/p>\n","protected":false},"author":1,"featured_media":0,"comment_status":"closed","ping_status":"closed","sticky":false,"template":"","format":"standard","meta":{"_jetpack_memberships_contains_paid_content":false,"footnotes":""},"categories":[16,20,8],"tags":[266,309,330,319,294,265,279,282,321,255,324,308,273,318,76,157,320,293,297,315,269,317,250,259,329,256,267,311,298,291,251,268,287,331,307,264,34,27,276,275,327,301,283,270,314,254,253,316,257,277,306,300,310,290,299,252,288,304,285,249,284,280,296,295,271,292,322,286,272,281,260,313,305,323,263,326,289,75,303,302,278,262,274,312,328,258,261,325],"class_list":["post-233","post","type-post","status-publish","format-standard","hentry","category-erscheinungsjahr-2012","category-deutsche-literatur","category-pop-lyrik","tag-admiel-kosman","tag-andreas-noga","tag-anglistik","tag-anthologie","tag-artemis-winkler","tag-aus-dem-hinterland","tag-axel-kutsch","tag-bensch","tag-black-box","tag-buch","tag-buervenich","tag-christoph-leisten","tag-corvinus-presse","tag-das-froehliche-wohnzimmer","tag-das-gewonnene-alphabet","tag-dato-barbakadse","tag-der-blaue-schmetterling","tag-deutsche-verlags-anstalt","tag-die-horen","tag-edition-art-science","tag-edition-bauwagen","tag-edition-faust","tag-edition-ye","tag-eifel","tag-england","tag-ernst-jandl","tag-essay","tag-faltblatt","tag-freibord","tag-freudenalphabet","tag-friederike-mayroecker","tag-gedicht","tag-gemaeldegedicht","tag-germanistik","tag-guillermo-deisler","tag-hans-bender","tag-harald-groehler","tag-horst-samson","tag-kastanie","tag-kiesel","tag-koeln","tag-konzepte","tag-kraus","tag-kuenstlerbuch","tag-kunstschachtel","tag-lektuere","tag-lesen","tag-lilienfeld-verlag","tag-lyrik","tag-lyrikkalender","tag-mail-art","tag-manuskripte","tag-maximilian-zander","tag-mittendrin","tag-muschelhaufen","tag-norbert-scheuer","tag-ohne-punkt-und-komma","tag-ostragehege","tag-paragramm","tag-paul-celan","tag-peer-quer","tag-poesie-agenda","tag-poet","tag-poetenladen","tag-pop-verlag","tag-reclam","tag-redfoxpress","tag-reim","tag-richard-berengarten","tag-rolf-dieter-brinkmann","tag-scherben-saufen","tag-schreibwerkstatt","tag-signum","tag-silver-horse-edition","tag-sistig","tag-steinfeld","tag-stillstand-in-der-arena","tag-theo-breuer","tag-traian-pop","tag-triedere","tag-versnetze","tag-winterbienen-im-urftland","tag-wolkenstein-verlag","tag-wortrakete","tag-wuppertal","tag-zeitgenoessische-lyrik","tag-zischender-zustand","tag-zuelpich"],"jetpack_sharing_enabled":true,"jetpack_featured_media_url":"","_links":{"self":[{"href":"https:\/\/wp.pop-verlag.com\/index.php?rest_route=\/wp\/v2\/posts\/233","targetHints":{"allow":["GET"]}}],"collection":[{"href":"https:\/\/wp.pop-verlag.com\/index.php?rest_route=\/wp\/v2\/posts"}],"about":[{"href":"https:\/\/wp.pop-verlag.com\/index.php?rest_route=\/wp\/v2\/types\/post"}],"author":[{"embeddable":true,"href":"https:\/\/wp.pop-verlag.com\/index.php?rest_route=\/wp\/v2\/users\/1"}],"replies":[{"embeddable":true,"href":"https:\/\/wp.pop-verlag.com\/index.php?rest_route=%2Fwp%2Fv2%2Fcomments&post=233"}],"version-history":[{"count":10,"href":"https:\/\/wp.pop-verlag.com\/index.php?rest_route=\/wp\/v2\/posts\/233\/revisions"}],"predecessor-version":[{"id":4648,"href":"https:\/\/wp.pop-verlag.com\/index.php?rest_route=\/wp\/v2\/posts\/233\/revisions\/4648"}],"wp:attachment":[{"href":"https:\/\/wp.pop-verlag.com\/index.php?rest_route=%2Fwp%2Fv2%2Fmedia&parent=233"}],"wp:term":[{"taxonomy":"category","embeddable":true,"href":"https:\/\/wp.pop-verlag.com\/index.php?rest_route=%2Fwp%2Fv2%2Fcategories&post=233"},{"taxonomy":"post_tag","embeddable":true,"href":"https:\/\/wp.pop-verlag.com\/index.php?rest_route=%2Fwp%2Fv2%2Ftags&post=233"}],"curies":[{"name":"wp","href":"https:\/\/api.w.org\/{rel}","templated":true}]}}