{"id":231,"date":"2015-04-29T10:25:25","date_gmt":"2015-04-29T10:25:25","guid":{"rendered":"http:\/\/wp.pop-verlag.com\/?p=231"},"modified":"2019-05-11T04:45:25","modified_gmt":"2019-05-11T04:45:25","slug":"francisca-ricinski-als-kaeme-noch-jemand","status":"publish","type":"post","link":"https:\/\/wp.pop-verlag.com\/?p=231","title":{"rendered":"Francisca Ricinski: &#8222;Als k\u00e4me noch jemand&#8220;"},"content":{"rendered":"<p><a href=\"http:\/\/wp.pop-verlag.com\/wp-content\/uploads\/2015\/04\/franciskaricinski_alskaeme.jpg\"><img loading=\"lazy\" decoding=\"async\" class=\"alignleft wp-image-220 size-medium\" src=\"http:\/\/wp.pop-verlag.com\/wp-content\/uploads\/2015\/04\/franciskaricinski_alskaeme-211x300.jpg\" alt=\"franciskaricinski_alskaeme\" width=\"211\" height=\"300\" \/><\/a><\/p>\n<p>Francisca Ricinski: &#8222;<a href=\"http:\/\/wp.pop-verlag.com\/?p=231\">Als k\u00e4me noch jemand<\/a>&#8220;<br \/>\nLyrische Prosa mit Erz\u00e4hlcollagen<\/p>\n<p>Pop Epik<\/p>\n<p>168 S.<br \/>\nISBN: 978-3-86356-074-4; \u20ac[D] 15,50<\/p>\n<p>Rezension: Christoph Leisten: Das Randst\u00e4ndige poetisch ins Recht gesetzt<\/p>\n<p>Zu Francisca Ricinskis Band <i>Als k\u00e4me noch jemand<\/i> Poetenladen 13.08.2014<\/p>\n<p>&#8222;Dass ein \u00dcberma\u00df an Saturiertheit jed\u00adwedem k\u00fcnstle\u00adrischen Gelingen im Wege steht, ist nicht erst seit gestern bekannt. Vor diesem Hinter\u00adgrund erscheint es als gerade\u00adzu \u00fcber\u00adf\u00e4llig, wenn die Feuilletons unserer Tage ihr Augen\u00admerk vermehrt auf jene Auto\u00adrinnen und Autoren zu richten beginnen, denen solche Saturiert\u00adheit schon auf\u00adgrund der eigenen Lebens\u00adgeschichte oft\u00admals verwehrt ist, weil sie aus anderen Sprach- und Kultur\u00adr\u00e4umen stammen und erst im Laufe ihres \u2013 nicht selten auch gesell\u00adschaft\u00adlich sehr be\u00adwegten \u2013 Lebens im deutsch\u00adsprachigen Raum heimisch geworden sind. (<a class=\"pnews\" title=\"weiterlesen\" href=\"http:\/\/www.poetenladen.de\/christoph-leisten-francisca-ricinski.php\" target=\"_blank\" rel=\"noopener\">weiterlesen)<\/a><\/p>\n<p>Lieferbare Titel von <strong><a href=\"http:\/\/wp.pop-verlag.com\/?page_id=993\">Francisca Ricinski:<\/a><\/strong><\/p>\n<p><strong>Auf silikonweichen Pfoten.<\/strong>EPIK- Sammlung; 115 Seiten, ISBN: 3-937139-12-5; \u20ac[D] 13,80<\/p>\n<p><a href=\"http:\/\/wp.pop-verlag.com\/?p=231\"><em><strong>Als k\u00e4me noch jemand.<\/strong><\/em>\u00a0<\/a>EPIK Sammlung; 168 S. ISBN: 978-3-86356-074-4; \u20ac[D] 15,50<\/p>\n<p><a href=\"https:\/\/wp.pop-verlag.com\/?p=3860\"><strong>In deinen Schuhen voller Sand<\/strong><\/a>. Prosapoeme. Mit Bildern von Mounir Dehane. Lyrikreihe Bd. 124. 89 S. ISBN: 978-3-86356-074-4; \u20ac[D] 16,90<\/p>\n<p>&nbsp;<\/p>\n","protected":false},"excerpt":{"rendered":"<p>Francisca Ricinski: &#8222;Als k\u00e4me noch jemand&#8220; Lyrische Prosa mit Erz\u00e4hlcollagen Pop Epik 168 S. ISBN: 978-3-86356-074-4; \u20ac[D] 15,50 Rezension: Christoph Leisten: Das Randst\u00e4ndige poetisch ins Recht gesetzt Zu Francisca Ricinskis Band Als k\u00e4me noch jemand Poetenladen 13.08.2014 &#8222;Dass ein \u00dcberma\u00df &hellip; <a class=\"more-link\" href=\"https:\/\/wp.pop-verlag.com\/?p=231\">Weiterlesen <span class=\"meta-nav\">&rarr;<\/span><\/a><\/p>\n","protected":false},"author":1,"featured_media":0,"comment_status":"closed","ping_status":"closed","sticky":false,"template":"","format":"standard","meta":{"_jetpack_memberships_contains_paid_content":false,"footnotes":""},"categories":[17,22,9],"tags":[74,73],"class_list":["post-231","post","type-post","status-publish","format-standard","hentry","category-erscheinungsjahr-2013","category-rumaenische-literatur","category-pop-epik","tag-als-kaeme-noch-jemand","tag-francisca-ricinski"],"jetpack_sharing_enabled":true,"jetpack_featured_media_url":"","_links":{"self":[{"href":"https:\/\/wp.pop-verlag.com\/index.php?rest_route=\/wp\/v2\/posts\/231","targetHints":{"allow":["GET"]}}],"collection":[{"href":"https:\/\/wp.pop-verlag.com\/index.php?rest_route=\/wp\/v2\/posts"}],"about":[{"href":"https:\/\/wp.pop-verlag.com\/index.php?rest_route=\/wp\/v2\/types\/post"}],"author":[{"embeddable":true,"href":"https:\/\/wp.pop-verlag.com\/index.php?rest_route=\/wp\/v2\/users\/1"}],"replies":[{"embeddable":true,"href":"https:\/\/wp.pop-verlag.com\/index.php?rest_route=%2Fwp%2Fv2%2Fcomments&post=231"}],"version-history":[{"count":5,"href":"https:\/\/wp.pop-verlag.com\/index.php?rest_route=\/wp\/v2\/posts\/231\/revisions"}],"predecessor-version":[{"id":4253,"href":"https:\/\/wp.pop-verlag.com\/index.php?rest_route=\/wp\/v2\/posts\/231\/revisions\/4253"}],"wp:attachment":[{"href":"https:\/\/wp.pop-verlag.com\/index.php?rest_route=%2Fwp%2Fv2%2Fmedia&parent=231"}],"wp:term":[{"taxonomy":"category","embeddable":true,"href":"https:\/\/wp.pop-verlag.com\/index.php?rest_route=%2Fwp%2Fv2%2Fcategories&post=231"},{"taxonomy":"post_tag","embeddable":true,"href":"https:\/\/wp.pop-verlag.com\/index.php?rest_route=%2Fwp%2Fv2%2Ftags&post=231"}],"curies":[{"name":"wp","href":"https:\/\/api.w.org\/{rel}","templated":true}]}}