{"id":2239,"date":"2017-09-19T05:04:38","date_gmt":"2017-09-19T05:04:38","guid":{"rendered":"http:\/\/wp.pop-verlag.com\/?p=2239"},"modified":"2017-09-20T06:54:28","modified_gmt":"2017-09-20T06:54:28","slug":"arzu-demir-urbild-abbild-und-die-wesen-im-garten","status":"publish","type":"post","link":"https:\/\/wp.pop-verlag.com\/?p=2239","title":{"rendered":"Arzu Demir: Urbild, Abbild und die Wesen im Garten"},"content":{"rendered":"<p><strong><img loading=\"lazy\" decoding=\"async\" class=\"alignleft wp-image-2241 size-medium\" src=\"http:\/\/wp.pop-verlag.com\/wp-content\/uploads\/2017\/09\/978-3-86356-157-4_A-210x300.jpg\" alt=\"978-3-86356-157-4_A\" width=\"210\" height=\"300\" srcset=\"https:\/\/wp.pop-verlag.com\/wp-content\/uploads\/2017\/09\/978-3-86356-157-4_A-210x300.jpg 210w, https:\/\/wp.pop-verlag.com\/wp-content\/uploads\/2017\/09\/978-3-86356-157-4_A-768x1097.jpg 768w, https:\/\/wp.pop-verlag.com\/wp-content\/uploads\/2017\/09\/978-3-86356-157-4_A-717x1024.jpg 717w, https:\/\/wp.pop-verlag.com\/wp-content\/uploads\/2017\/09\/978-3-86356-157-4_A.jpg 1654w\" sizes=\"auto, (max-width: 210px) 100vw, 210px\" \/> <img loading=\"lazy\" decoding=\"async\" class=\"alignleft wp-image-2242 size-medium\" src=\"http:\/\/wp.pop-verlag.com\/wp-content\/uploads\/2017\/09\/978-3-86356-157-4_B-210x300.jpg\" alt=\"978-3-86356-157-4_B\" width=\"210\" height=\"300\" srcset=\"https:\/\/wp.pop-verlag.com\/wp-content\/uploads\/2017\/09\/978-3-86356-157-4_B-210x300.jpg 210w, https:\/\/wp.pop-verlag.com\/wp-content\/uploads\/2017\/09\/978-3-86356-157-4_B-768x1097.jpg 768w, https:\/\/wp.pop-verlag.com\/wp-content\/uploads\/2017\/09\/978-3-86356-157-4_B-717x1024.jpg 717w, https:\/\/wp.pop-verlag.com\/wp-content\/uploads\/2017\/09\/978-3-86356-157-4_B.jpg 1654w\" sizes=\"auto, (max-width: 210px) 100vw, 210px\" \/><a href=\"http:\/\/wp.pop-verlag.com\/?page_id=2245\">Arzu Demir<\/a>: <a href=\"http:\/\/wp.pop-verlag.com\/?p=2239\">Urbild, Abbild und die Wesen im Garten<\/a><\/strong><br \/>\nGedichte<br \/>\nAus dem T\u00fcrkischen \u00fcbersetzt von <a href=\"http:\/\/wp.pop-verlag.com\/?page_id=2251\"><strong>Monika Carbe<\/strong><\/a> und <a href=\"http:\/\/wp.pop-verlag.com\/?page_id=2255\"><strong>Wolfgang Riemann. <\/strong><\/a>Mit einem Nachwort von <a href=\"http:\/\/wp.pop-verlag.com\/?page_id=654\">Imre T\u00f6r\u00f6k<\/a>.\u00a0 Illustrationen: Emir Roda Al\u0131r<\/p>\n<p>Pop Lyrik<\/p>\n<p>86 Seiten, 15,50\u20ac<br \/>\nISBN: 978-3-86356-157-4<\/p>\n<p>&nbsp;<\/p>\n<p>Lieferbare Titel von <a href=\"http:\/\/wp.pop-verlag.com\/?page_id=2245\"><strong>Arzu Demir<\/strong><\/a><\/p>\n<p><a href=\"http:\/\/wp.pop-verlag.com\/?p=260\"><em><strong>Wenn Satan sich zum Rosenzweig beugt.<\/strong><\/em><\/a> Gedichte. Mit einem Nachwort von <a href=\"http:\/\/traian.pop-verlag.com\/imre_t.htm\">Imre T\u00f6r\u00f6k<\/a>. Aus dem T\u00fcrkischen \u00fcbersetzt von <a href=\"http:\/\/traian.pop-verlag.com\/achim_martin_wensien.htm\">Achim Martin Wensien<\/a> und \u00fcberarbeitet von <a href=\"http:\/\/traian.pop-verlag.com\/imre_t.htm\">Imre T\u00f6r\u00f6k<\/a>. (LYRIK) 120 S. ISBN: 978-3-937139-84-5 Preis: 14,00 \u20ac (Unter dem Namen <strong><a href=\"http:\/\/wp.pop-verlag.com\/?page_id=1053\">Arzu Al\u0131r<\/a><\/strong>)<\/p>\n<p><strong><a href=\"http:\/\/wp.pop-verlag.com\/?p=2239\">Urbild, Abbild und die Wesen im Garten. <\/a><\/strong>Gedichte. Aus dem T\u00fcrkischen \u00fcbersetzt von <a href=\"http:\/\/wp.pop-verlag.com\/?page_id=2251\"><strong>Monika Carbe<\/strong><\/a> und <a href=\"http:\/\/wp.pop-verlag.com\/?page_id=2255\"><strong>Wolfgang Riemann.<\/strong><\/a><\/p>\n<p>&nbsp;<\/p>\n<p>&nbsp;<\/p>\n<p>&nbsp;<\/p>\n<p>Lieferbare Titel von<strong><a href=\"http:\/\/wp.pop-verlag.com\/?page_id=2245\"> Arzu Demir<\/a><\/strong><\/p>\n","protected":false},"excerpt":{"rendered":"<p>Arzu Demir: Urbild, Abbild und die Wesen im Garten Gedichte Aus dem T\u00fcrkischen \u00fcbersetzt von Monika Carbe und Wolfgang Riemann. Mit einem Nachwort von Imre T\u00f6r\u00f6k.\u00a0 Illustrationen: Emir Roda Al\u0131r Pop Lyrik 86 Seiten, 15,50\u20ac ISBN: 978-3-86356-157-4 &nbsp; Lieferbare Titel &hellip; <a class=\"more-link\" href=\"https:\/\/wp.pop-verlag.com\/?p=2239\">Weiterlesen <span class=\"meta-nav\">&rarr;<\/span><\/a><\/p>\n","protected":false},"author":2,"featured_media":0,"comment_status":"closed","ping_status":"closed","sticky":false,"template":"","format":"standard","meta":{"_jetpack_memberships_contains_paid_content":false,"footnotes":""},"categories":[209,106,8],"tags":[],"class_list":["post-2239","post","type-post","status-publish","format-standard","hentry","category-e-erscheinungsjahr-2017","category-l-tuerkische-literatur","category-pop-lyrik"],"jetpack_sharing_enabled":true,"jetpack_featured_media_url":"","_links":{"self":[{"href":"https:\/\/wp.pop-verlag.com\/index.php?rest_route=\/wp\/v2\/posts\/2239","targetHints":{"allow":["GET"]}}],"collection":[{"href":"https:\/\/wp.pop-verlag.com\/index.php?rest_route=\/wp\/v2\/posts"}],"about":[{"href":"https:\/\/wp.pop-verlag.com\/index.php?rest_route=\/wp\/v2\/types\/post"}],"author":[{"embeddable":true,"href":"https:\/\/wp.pop-verlag.com\/index.php?rest_route=\/wp\/v2\/users\/2"}],"replies":[{"embeddable":true,"href":"https:\/\/wp.pop-verlag.com\/index.php?rest_route=%2Fwp%2Fv2%2Fcomments&post=2239"}],"version-history":[{"count":9,"href":"https:\/\/wp.pop-verlag.com\/index.php?rest_route=\/wp\/v2\/posts\/2239\/revisions"}],"predecessor-version":[{"id":2285,"href":"https:\/\/wp.pop-verlag.com\/index.php?rest_route=\/wp\/v2\/posts\/2239\/revisions\/2285"}],"wp:attachment":[{"href":"https:\/\/wp.pop-verlag.com\/index.php?rest_route=%2Fwp%2Fv2%2Fmedia&parent=2239"}],"wp:term":[{"taxonomy":"category","embeddable":true,"href":"https:\/\/wp.pop-verlag.com\/index.php?rest_route=%2Fwp%2Fv2%2Fcategories&post=2239"},{"taxonomy":"post_tag","embeddable":true,"href":"https:\/\/wp.pop-verlag.com\/index.php?rest_route=%2Fwp%2Fv2%2Ftags&post=2239"}],"curies":[{"name":"wp","href":"https:\/\/api.w.org\/{rel}","templated":true}]}}