{"id":2177,"date":"2017-08-03T11:35:40","date_gmt":"2017-08-03T11:35:40","guid":{"rendered":"http:\/\/wp.pop-verlag.com\/?p=2177"},"modified":"2017-08-03T13:19:05","modified_gmt":"2017-08-03T13:19:05","slug":"rainer-wedler-die-leihfrist","status":"publish","type":"post","link":"https:\/\/wp.pop-verlag.com\/?p=2177","title":{"rendered":"Rainer Wedler: Die Leihfrist"},"content":{"rendered":"<p><strong><a href=\"http:\/\/wp.pop-verlag.com\/?page_id=1640\">Rainer Wedler<\/a><a href=\"http:\/\/wp.pop-verlag.com\/?page_id=1640\"><img loading=\"lazy\" decoding=\"async\" class=\"alignleft wp-image-2179 size-medium\" src=\"http:\/\/wp.pop-verlag.com\/wp-content\/uploads\/2017\/08\/Wedler_Die_Leihfrist_1_1-210x300.gif\" alt=\"Wedler_Die_Leihfrist_1_1\" width=\"210\" height=\"300\" \/><\/a><a href=\"http:\/\/wp.pop-verlag.com\/?page_id=2109\">:<\/a><\/strong> <a href=\"http:\/\/wp.pop-verlag.com\/?p=2177\">Die Leihfrist<\/a>, Roman, <span style=\"font-size: medium;\">(EPIK- Sammlung); 128\u00a0Seiten,\u00a0 ISBN: 978-3-937139-81-4, 12,00\u20ac<\/span><\/p>\n<p>&nbsp;<\/p>\n<p>&nbsp;<\/p>\n<p>&nbsp;<\/p>\n<p>&nbsp;<\/p>\n<p>&nbsp;<\/p>\n<p>&nbsp;<\/p>\n<p>&nbsp;<\/p>\n<p>Lieferbare Titel von <strong><a href=\"http:\/\/wp.pop-verlag.com\/?page_id=1640\">Rainer Wedler<\/a><\/strong><\/p>\n<p><strong><a href=\"http:\/\/wp.pop-verlag.com\/?p=2014\">Poesie\/po\u00e9sie<\/a> <em>Zeitgen\u00f6ssische Dichtung aus Frankreich und Deutschland. <\/em><\/strong>ISBN: 3-937139-00-1. 168\u00a0Seiten; 14,00Eur[D]\u00a0\u00a0 CIP-Titelaufnahme der Deutschen Bibliothek:<br \/>\nBlua, G\u00e9rard und Stefanescu, Sergiu : Poesie\/ po\u00e9sie. Zeitgen\u00f6ssische<br \/>\nDichtung aus Frankreich und Deutschland. Mit einem Vorwort von Sergiu<br \/>\nStefanescu.<br \/>\nAutoren: Alfonsi, Josiane; Blua, G\u00e9rard; Broussard, Yves; Demuth, Volker;<br \/>\nDraghincescu, Rodica; D\u00fcrrson, Werner; Fels, Gilbert; Kaouah, Abdel-<br \/>\nmadjid; Kotarski, Carmen; Lovichi, Jacques; Migozzi, Marcel; Montmaneix,<br \/>\nFran\u00e7ois;\u00a0\u00a0 Oliver, Jos\u00e9 F. A. ; \u00d6zdemir, Hasan; Sayer, Walle; Schneider,<br \/>\nKlaus F.; Seiler, Hellmut; Sorrente, Dominique; Stephan, Susanne; Temple,<br \/>\nFr\u00e9d\u00e9ric\u00a0 Jacques;\u00a0 Tixier, Jean-Max; Ughetto, Andr\u00e9; Villain, Jean-Claude;<br \/>\n<strong><a href=\"http:\/\/wp.pop-verlag.com\/?page_id=1640\">Rainer Wedler<\/a><\/strong>.<\/p>\n<p>\u00dcbersetzer: David, Eric; Lawitschka, Val\u00e9rie; Fischer, R\u00fcdiger.<br \/>\nLudwigsburg: Pop, 2004<\/p>\n<p>\u00bbUngesagtes der Sinne unterschlagen verwischt \/ ohne Wohnrecht Offensichtliches verschl\u00fcsselt \/ meine Texte sind nicht gesichert\u00ab (J. Alfonsi); \u00bbenthaarte Tiere die Blicke leer \/ darin siehst du pl\u00f6tzlich dich fortgeschoben\u00ab (V. Demuth); \u00bbund denke \/ bin ich denn wirklich\u00ab (W. D\u00fcrrson); \u00bbdas Instrument demonstriert, exakt diesem Auge, da\u00df hier dubiose Grenzen bestehen \/ Problem, das es \/ es? ich! \/ bislang nicht sah\u00ab (G. Fels); \u00bbich hatte die Sprache ge\u00f6ffnet \/ nicht den Mund\u00ab (C. Kotarski); \u00bbnur w\u00e4hrend ich an dich \/ dachte liebte ich dich \/ das wort war nur zwischen \/ den lippen\u00ab (H. \u00d6zdemir); \u00bbgeschichten die ich \/ heimlich hinuntersteige aus den farben \/ und hellen fenstern in den stummfilm\u00ab (J. F. A. Oliver); \u00bbzeile um zeile \/ abgelagertes \/ ich\u00ab (K. F. Schneider); \u00bbHeute sing ich, morgen tanz ich, nie ohne euch, aber \/ Bin ich\u2019s nun oder ist es wirklich ein anderer?\u00ab<br \/>\n(H. Seiler); \u00bbDer allerchristlichste K\u00f6nig ist, wie ich, \/ bald traurig, bald fr\u00f6hlich\u00ab (S. Stephan); \u00bbzu wem \/ soll ich noch sprechen \/ die Nahen scheinen nah nur\u00ab (R. Wedler). Die zitierten Verse sollen einen Eindruck vermitteln von der Vielfalt der Stimmen und der Originalit\u00e4t der von uns verlegten Lyriker und zugleich Anreiz sein, der literarischen Qualit\u00e4t zum Durchbruch zu verhelfen.<\/p>\n<p><b><strong> <a href=\"http:\/\/wp.pop-verlag.com\/?p=2160\">Zwischenstation Algier<\/a><\/strong>.<\/b> Roman, EPIK- Sammlung, <span style=\"font-size: medium;\">86\u00a0Seiten, <\/span> ISBN: 3-937139-11-7<span style=\"font-size: medium;\">; <\/span>12,80\u20ac<\/p>\n<p><a href=\"http:\/\/wp.pop-verlag.com\/?p=2167\"><strong>deichgraf meiner selbst<\/strong><\/a>, Gedichte, mit Illustrationen von Ferdinand Wedler,ISBN: 978-3-937139-34-3, 12,50\u20ac<\/p>\n<p><strong><a href=\"http:\/\/wp.pop-verlag.com\/?p=2177\">Die Leihfrist<\/a><\/strong>, Roman, <span style=\"font-size: medium;\">(EPIK- Sammlung); 128\u00a0Seiten,\u00a0 ISBN: 978-3-937139-81-4, 12,00\u20ac<\/span><\/p>\n<p><a href=\"http:\/\/wp.pop-verlag.com\/?p=2184\"><strong>Unter der Hitze des Ziegeldachs<\/strong><\/a>, Gedichte mit Zeichnun- gen von Ferdinand Wedler, <span style=\"font-size: medium;\">(LYRIK- Sammlung);<i> <\/i>136 Seiten,\u00a0 ISBN: \u00a0978-3-86356-010-2, 12,00\u20ac.<\/span><\/p>\n<p><span lang=\"RO\">Seegang<a href=\"http:\/\/traian.pop-verlag.com\/seegang.htm\">. <\/a><\/span> Mit zw\u00f6lf Zeichnungen von\u00a0<strong>Ferdinand Wedler<\/strong>. (EPIK Sammlung). 116 S. ISBN: 978-3-86356-030-0, Preis: 12,00\u20ac<\/p>\n<p><a href=\"http:\/\/wp.pop-verlag.com\/?p=2198\"><strong>Es gibt keine Spur<\/strong><\/a>, Prosast\u00fccke, 2013. (EPIK Sammlung). 330 S. ISBN: 978-3-86356-052-2, 17,80\u20ac<\/p>\n<p><strong><a href=\"http:\/\/wp.pop-verlag.com\/?p=377\">Auch die Brombeeren haben keine Bedeutung mehr<\/a><\/strong>. Roman. Mit Illustrationen von Maximilian Wedler. Pop Epik. 131 Seiten, ISBN 978-3-86356-076-8, 12,99\u20ac<\/p>\n<p><strong><a href=\"http:\/\/wp.pop-verlag.com\/?p=859\">Nock<\/a><\/strong>, Roman,Pop Epik, 168 Seiten, ISBN 978-3-86356-119-2, 15,50\u20ac<\/p>\n<p><strong><a href=\"http:\/\/wp.pop-verlag.com\/?p=1673\">einen Fremden gr\u00fc\u00dft man nicht<\/a><\/strong>, Gedichte 2011 \u2013 2016, Pop Lyrik, 142 Seiten, ISBN:978-3-86356-176-5, m15,50\u20ac<\/p>\n<p><strong><a href=\"http:\/\/wp.pop-verlag.com\/?p=2152\">Stiftorgel, <\/a><\/strong>Kurze Texte, 2014-2017. Mit Fotos aus den \u201eobjets trouv\u00e9s et transform\u00e9s\u201c des Autors. Pop Epik. 208 Seiten, ISBN 978-3-86356-190-1, 23,00 \u20ac<\/p>\n","protected":false},"excerpt":{"rendered":"<p>Rainer Wedler: Die Leihfrist, Roman, (EPIK- Sammlung); 128\u00a0Seiten,\u00a0 ISBN: 978-3-937139-81-4, 12,00\u20ac &nbsp; &nbsp; &nbsp; &nbsp; &nbsp; &nbsp; &nbsp; Lieferbare Titel von Rainer Wedler Poesie\/po\u00e9sie Zeitgen\u00f6ssische Dichtung aus Frankreich und Deutschland. ISBN: 3-937139-00-1. 168\u00a0Seiten; 14,00Eur[D]\u00a0\u00a0 CIP-Titelaufnahme der Deutschen Bibliothek: Blua, G\u00e9rard &hellip; <a class=\"more-link\" href=\"https:\/\/wp.pop-verlag.com\/?p=2177\">Weiterlesen <span class=\"meta-nav\">&rarr;<\/span><\/a><\/p>\n","protected":false},"author":2,"featured_media":0,"comment_status":"closed","ping_status":"closed","sticky":false,"template":"","format":"standard","meta":{"_jetpack_memberships_contains_paid_content":false,"footnotes":""},"categories":[1],"tags":[],"class_list":["post-2177","post","type-post","status-publish","format-standard","hentry","category-uncategorized"],"jetpack_sharing_enabled":true,"jetpack_featured_media_url":"","_links":{"self":[{"href":"https:\/\/wp.pop-verlag.com\/index.php?rest_route=\/wp\/v2\/posts\/2177","targetHints":{"allow":["GET"]}}],"collection":[{"href":"https:\/\/wp.pop-verlag.com\/index.php?rest_route=\/wp\/v2\/posts"}],"about":[{"href":"https:\/\/wp.pop-verlag.com\/index.php?rest_route=\/wp\/v2\/types\/post"}],"author":[{"embeddable":true,"href":"https:\/\/wp.pop-verlag.com\/index.php?rest_route=\/wp\/v2\/users\/2"}],"replies":[{"embeddable":true,"href":"https:\/\/wp.pop-verlag.com\/index.php?rest_route=%2Fwp%2Fv2%2Fcomments&post=2177"}],"version-history":[{"count":5,"href":"https:\/\/wp.pop-verlag.com\/index.php?rest_route=\/wp\/v2\/posts\/2177\/revisions"}],"predecessor-version":[{"id":2205,"href":"https:\/\/wp.pop-verlag.com\/index.php?rest_route=\/wp\/v2\/posts\/2177\/revisions\/2205"}],"wp:attachment":[{"href":"https:\/\/wp.pop-verlag.com\/index.php?rest_route=%2Fwp%2Fv2%2Fmedia&parent=2177"}],"wp:term":[{"taxonomy":"category","embeddable":true,"href":"https:\/\/wp.pop-verlag.com\/index.php?rest_route=%2Fwp%2Fv2%2Fcategories&post=2177"},{"taxonomy":"post_tag","embeddable":true,"href":"https:\/\/wp.pop-verlag.com\/index.php?rest_route=%2Fwp%2Fv2%2Ftags&post=2177"}],"curies":[{"name":"wp","href":"https:\/\/api.w.org\/{rel}","templated":true}]}}