{"id":2123,"date":"2017-07-25T04:19:30","date_gmt":"2017-07-25T04:19:30","guid":{"rendered":"http:\/\/wp.pop-verlag.com\/?p=2123"},"modified":"2017-07-25T04:20:14","modified_gmt":"2017-07-25T04:20:14","slug":"steliana-huhulescu-parallelwelten","status":"publish","type":"post","link":"https:\/\/wp.pop-verlag.com\/?p=2123","title":{"rendered":"Steliana Huhulescu: \u201cParallelwelten\u201d"},"content":{"rendered":"<p><strong><a href=\"http:\/\/wp.pop-verlag.com\/?page_id=1466\">Steliana Huhulescu<\/a><a href=\"http:\/\/wp.pop-verlag.com\/?page_id=1466\"><img loading=\"lazy\" decoding=\"async\" class=\"alignleft wp-image-2121 size-medium\" src=\"http:\/\/wp.pop-verlag.com\/wp-content\/uploads\/2015\/04\/978-3-86356-158-1_A-210x300.jpg\" alt=\"978-3-86356-158-1_A\" width=\"210\" height=\"300\" srcset=\"https:\/\/wp.pop-verlag.com\/wp-content\/uploads\/2015\/04\/978-3-86356-158-1_A-210x300.jpg 210w, https:\/\/wp.pop-verlag.com\/wp-content\/uploads\/2015\/04\/978-3-86356-158-1_A-768x1097.jpg 768w, https:\/\/wp.pop-verlag.com\/wp-content\/uploads\/2015\/04\/978-3-86356-158-1_A-717x1024.jpg 717w, https:\/\/wp.pop-verlag.com\/wp-content\/uploads\/2015\/04\/978-3-86356-158-1_A.jpg 1654w\" sizes=\"auto, (max-width: 210px) 100vw, 210px\" \/><\/a><a href=\"http:\/\/wp.pop-verlag.com\/?page_id=1466\"><img loading=\"lazy\" decoding=\"async\" class=\"alignleft wp-image-2124 size-medium\" src=\"http:\/\/wp.pop-verlag.com\/wp-content\/uploads\/2017\/07\/978-3-86356-158-1_B-210x300.jpg\" alt=\"978-3-86356-158-1_B\" width=\"210\" height=\"300\" srcset=\"https:\/\/wp.pop-verlag.com\/wp-content\/uploads\/2017\/07\/978-3-86356-158-1_B-210x300.jpg 210w, https:\/\/wp.pop-verlag.com\/wp-content\/uploads\/2017\/07\/978-3-86356-158-1_B-768x1097.jpg 768w, https:\/\/wp.pop-verlag.com\/wp-content\/uploads\/2017\/07\/978-3-86356-158-1_B-717x1024.jpg 717w, https:\/\/wp.pop-verlag.com\/wp-content\/uploads\/2017\/07\/978-3-86356-158-1_B.jpg 1654w\" sizes=\"auto, (max-width: 210px) 100vw, 210px\" \/><\/a>: <a href=\"http:\/\/wp.pop-verlag.com\/?p=2123\">\u201cParallelwelten. Opfer der Freiheit\u201d <\/a><\/strong>500 Seiten, ISBN 978-3-86356-158-1, 23,00 \u20ac<strong><br \/>\n<\/strong><\/p>\n<p>Es war Sommer 1994. Sie befanden sich bei N\u0103dlag, auf der rum\u00e4nischen Seite der Grenze. Zum zweiten Mal in f\u00fcnf Jahren standen sie an derselben Stelle. Nichts schien sich ge\u00e4ndert zu haben. Die Natur war die gleiche, die sie im Sommer 1989 zur\u00fcckgelassen hatten, alles um sie herum wie damals: die vertraute Landschaft, die Geb\u00e4ude, sogar die Menschen &#8230;<\/p>\n<p>Nach der Flucht aus der kommunistischen H\u00f6lle Rum\u00e4niens setzt die wiedervereinigte Familie ihren Weg in die Fremde fort. Die Wende hat in Europa viele Grenzen ge\u00f6ffnet, jedoch noch mehr T\u00fcren geschlossen. Die zahlreichen Heimatlosen irren unentschlossen zwischen zwei Welten umher, auf der Suche nach dem ersehnten Paradies. Ringen um Integration in der neuen Welt, kurze Besuche in der alten Heimat. Dort wurde die altbekannte Hydra keinesfalls erlegt, sie herrscht gleicherma\u00dfen \u00fcber Erinnerungen und entt\u00e4uschte Hoffnungen, l\u00e4sst neue K\u00f6pfe auftauchen, grauenhafte Zukunftsvisionen wahr werden und die utopischen alten Tr\u00e4ume verblassen. Was m\u00fcssen Leute wie Stella und Stefan tun, anfangen oder beenden, um endlich in der Gegenwart zu leben?<\/p>\n<p>Lieferbare Titel von<strong> <a href=\"http:\/\/wp.pop-verlag.com\/?page_id=1466\">Steliana Huhulescu<\/a>:<\/strong><\/p>\n<p><strong>\u201c<a href=\"http:\/\/wp.pop-verlag.com\/?p=371\">Flucht aus der H\u00f6lle<\/a>\u201d<\/strong>. Roman. Prima Verba Epik.<br \/>\nAusgezeichnet mit dem Epik Deb\u00fctpreis 2014. 573 Seiten, ISBN 978-3-86356-085-0, 21,99 \u20ac<\/p>\n<p><a href=\"http:\/\/wp.pop-verlag.com\/?p=2123\"><strong>\u201cParallelwelten. Opfer der Freiheit\u201d <\/strong><\/a>500 Seiten, ISBN 978-3-86356-158-1, 23,00 \u20ac<strong><br \/>\n<\/strong><\/p>\n","protected":false},"excerpt":{"rendered":"<p>Steliana Huhulescu: \u201cParallelwelten. Opfer der Freiheit\u201d 500 Seiten, ISBN 978-3-86356-158-1, 23,00 \u20ac Es war Sommer 1994. Sie befanden sich bei N\u0103dlag, auf der rum\u00e4nischen Seite der Grenze. Zum zweiten Mal in f\u00fcnf Jahren standen sie an derselben Stelle. Nichts schien &hellip; <a class=\"more-link\" href=\"https:\/\/wp.pop-verlag.com\/?p=2123\">Weiterlesen <span class=\"meta-nav\">&rarr;<\/span><\/a><\/p>\n","protected":false},"author":2,"featured_media":0,"comment_status":"closed","ping_status":"closed","sticky":false,"template":"","format":"standard","meta":{"_jetpack_memberships_contains_paid_content":false,"footnotes":""},"categories":[209,20,22,9],"tags":[],"class_list":["post-2123","post","type-post","status-publish","format-standard","hentry","category-e-erscheinungsjahr-2017","category-deutsche-literatur","category-rumaenische-literatur","category-pop-epik"],"jetpack_sharing_enabled":true,"jetpack_featured_media_url":"","_links":{"self":[{"href":"https:\/\/wp.pop-verlag.com\/index.php?rest_route=\/wp\/v2\/posts\/2123","targetHints":{"allow":["GET"]}}],"collection":[{"href":"https:\/\/wp.pop-verlag.com\/index.php?rest_route=\/wp\/v2\/posts"}],"about":[{"href":"https:\/\/wp.pop-verlag.com\/index.php?rest_route=\/wp\/v2\/types\/post"}],"author":[{"embeddable":true,"href":"https:\/\/wp.pop-verlag.com\/index.php?rest_route=\/wp\/v2\/users\/2"}],"replies":[{"embeddable":true,"href":"https:\/\/wp.pop-verlag.com\/index.php?rest_route=%2Fwp%2Fv2%2Fcomments&post=2123"}],"version-history":[{"count":2,"href":"https:\/\/wp.pop-verlag.com\/index.php?rest_route=\/wp\/v2\/posts\/2123\/revisions"}],"predecessor-version":[{"id":2126,"href":"https:\/\/wp.pop-verlag.com\/index.php?rest_route=\/wp\/v2\/posts\/2123\/revisions\/2126"}],"wp:attachment":[{"href":"https:\/\/wp.pop-verlag.com\/index.php?rest_route=%2Fwp%2Fv2%2Fmedia&parent=2123"}],"wp:term":[{"taxonomy":"category","embeddable":true,"href":"https:\/\/wp.pop-verlag.com\/index.php?rest_route=%2Fwp%2Fv2%2Fcategories&post=2123"},{"taxonomy":"post_tag","embeddable":true,"href":"https:\/\/wp.pop-verlag.com\/index.php?rest_route=%2Fwp%2Fv2%2Ftags&post=2123"}],"curies":[{"name":"wp","href":"https:\/\/api.w.org\/{rel}","templated":true}]}}