{"id":2077,"date":"2017-05-28T05:32:47","date_gmt":"2017-05-28T05:32:47","guid":{"rendered":"http:\/\/wp.pop-verlag.com\/?p=2077"},"modified":"2017-11-14T03:15:49","modified_gmt":"2017-11-14T03:15:49","slug":"matthias-kehle-fundus-stoc","status":"publish","type":"post","link":"https:\/\/wp.pop-verlag.com\/?p=2077","title":{"rendered":"Matthias Kehle: &#8222;Fundus \/ Stoc&#8220;"},"content":{"rendered":"<p><a href=\"http:\/\/wp.pop-verlag.com\/?page_id=2073\"><strong><img loading=\"lazy\" decoding=\"async\" class=\"alignleft wp-image-2078 size-medium\" src=\"http:\/\/wp.pop-verlag.com\/wp-content\/uploads\/2017\/05\/978-3-86356-149-9_A-210x300.jpg\" alt=\"978-3-86356-149-9_A\" width=\"210\" height=\"300\" srcset=\"https:\/\/wp.pop-verlag.com\/wp-content\/uploads\/2017\/05\/978-3-86356-149-9_A-210x300.jpg 210w, https:\/\/wp.pop-verlag.com\/wp-content\/uploads\/2017\/05\/978-3-86356-149-9_A-768x1097.jpg 768w, https:\/\/wp.pop-verlag.com\/wp-content\/uploads\/2017\/05\/978-3-86356-149-9_A-717x1024.jpg 717w, https:\/\/wp.pop-verlag.com\/wp-content\/uploads\/2017\/05\/978-3-86356-149-9_A.jpg 1654w\" sizes=\"auto, (max-width: 210px) 100vw, 210px\" \/>\u00a0Matthias Kehle<\/strong><\/a>: <a href=\"http:\/\/wp.pop-verlag.com\/?p=2077\"><strong>&#8222;Fundus \/ Stoc&#8220;<\/strong><\/a><\/p>\n<p>Gedichte. Deutsch \/ Rum\u00e4nisch<br \/>\nMit einem Vorwort von <a href=\"http:\/\/wp.pop-verlag.com\/?page_id=2083\"><strong>C\u0103t\u0103lin Dorian Florescu<\/strong><\/a><br \/>\nIns Rum\u00e4nische \u00fcbersetzt von <strong><a href=\"http:\/\/wp.pop-verlag.com\/?page_id=2088\">Traian Pop Traian<\/a><\/strong><\/p>\n<p>Pop Lyrik<\/p>\n<p>86 Seiten, 14,00 \u20ac<br \/>\nISBN: 978-3-86356-149-9<\/p>\n<p>&nbsp;<\/p>\n<p>&nbsp;<\/p>\n<p>&nbsp;<\/p>\n<p><span class=\"readonlyText multiple\">Lieferbare Titel von\u00a0<a href=\"http:\/\/wp.pop-verlag.com\/?page_id=2073\"><strong>Matthias Kehle<\/strong><\/a>:<\/span><\/p>\n<p><a href=\"http:\/\/wp.pop-verlag.com\/?p=2077\"><strong>&#8222;Fundus \/ Stoc&#8220;<\/strong><\/a>. Gedichte. Deutsch \/ Rum\u00e4nisch. Mit einem Vorwort von <a href=\"http:\/\/wp.pop-verlag.com\/?page_id=2083\"><strong>C\u0103t\u0103lin Dorian Florescu. <\/strong><\/a>Ins Rum\u00e4nische \u00fcbersetzt von <strong><a href=\"http:\/\/wp.pop-verlag.com\/?page_id=2088\">Traian Pop Traian. <\/a><\/strong>86 Seiten; ISBN: 978-3-86356-149-9; 14,00 \u20ac<\/p>\n<p><span class=\"readonlyText multiple\">Lieferbare Titel von\u00a0<strong><a href=\"http:\/\/wp.pop-verlag.com\/?page_id=2088\">Traian Pop Traian<\/a><\/strong>:<br \/>\n<\/span><\/p>\n<p><a href=\"http:\/\/wp.pop-verlag.com\/?p=153\"><strong>\u201eDie 53. Woche\u201c. <\/strong><\/a>Gedichte, aus dem Rum\u00e4nischen \u00fcbertragen von Gerhardt Csejka, Horst Fassel, Edith Konradt, Johann Lippet und Dieter Schlesak. edition monrepos. 133 Seiten; ISBN 978-3-86356-062-1; 15,00 \u20ac<\/p>\n<p><a href=\"http:\/\/wp.pop-verlag.com\/?p=2077\"><strong>\u201eFundus \/ Stoc\u201c<\/strong><\/a>. Gedichte. Deutsch \/ Rum\u00e4nisch. Mit einem Vorwort von <a href=\"http:\/\/wp.pop-verlag.com\/?page_id=2083\"><strong>C\u0103t\u0103lin Dorian Florescu. <\/strong><\/a>Ins Rum\u00e4nische \u00fcbersetzt von <strong><a href=\"http:\/\/wp.pop-verlag.com\/?page_id=2088\">Traian Pop Traian. <\/a><\/strong>86 Seiten; ISBN: 978-3-86356-149-9; 14,00 \u20ac<\/p>\n<p><a href=\"http:\/\/wp.pop-verlag.com\/?page_id=2088\"><strong>Traian Pop Traian<\/strong><\/a> &amp; <a href=\"http:\/\/wp.pop-verlag.com\/?page_id=2411\"><strong>Liviu Tulbure<\/strong><\/a>: Bleierne Fl\u00fcgel. Gedichte und Bilder. edition monrepos Band 15. 86 Seiten, ISBN 978-3-86356-168-0; \u20ac [D] 16,90<\/p>\n","protected":false},"excerpt":{"rendered":"<p>\u00a0Matthias Kehle: &#8222;Fundus \/ Stoc&#8220; Gedichte. Deutsch \/ Rum\u00e4nisch Mit einem Vorwort von C\u0103t\u0103lin Dorian Florescu Ins Rum\u00e4nische \u00fcbersetzt von Traian Pop Traian Pop Lyrik 86 Seiten, 14,00 \u20ac ISBN: 978-3-86356-149-9 &nbsp; &nbsp; &nbsp; Lieferbare Titel von\u00a0Matthias Kehle: &#8222;Fundus \/ &hellip; <a class=\"more-link\" href=\"https:\/\/wp.pop-verlag.com\/?p=2077\">Weiterlesen <span class=\"meta-nav\">&rarr;<\/span><\/a><\/p>\n","protected":false},"author":2,"featured_media":0,"comment_status":"closed","ping_status":"closed","sticky":false,"template":"","format":"standard","meta":{"_jetpack_memberships_contains_paid_content":false,"footnotes":""},"categories":[209,20,8],"tags":[],"class_list":["post-2077","post","type-post","status-publish","format-standard","hentry","category-e-erscheinungsjahr-2017","category-deutsche-literatur","category-pop-lyrik"],"jetpack_sharing_enabled":true,"jetpack_featured_media_url":"","_links":{"self":[{"href":"https:\/\/wp.pop-verlag.com\/index.php?rest_route=\/wp\/v2\/posts\/2077","targetHints":{"allow":["GET"]}}],"collection":[{"href":"https:\/\/wp.pop-verlag.com\/index.php?rest_route=\/wp\/v2\/posts"}],"about":[{"href":"https:\/\/wp.pop-verlag.com\/index.php?rest_route=\/wp\/v2\/types\/post"}],"author":[{"embeddable":true,"href":"https:\/\/wp.pop-verlag.com\/index.php?rest_route=\/wp\/v2\/users\/2"}],"replies":[{"embeddable":true,"href":"https:\/\/wp.pop-verlag.com\/index.php?rest_route=%2Fwp%2Fv2%2Fcomments&post=2077"}],"version-history":[{"count":10,"href":"https:\/\/wp.pop-verlag.com\/index.php?rest_route=\/wp\/v2\/posts\/2077\/revisions"}],"predecessor-version":[{"id":2422,"href":"https:\/\/wp.pop-verlag.com\/index.php?rest_route=\/wp\/v2\/posts\/2077\/revisions\/2422"}],"wp:attachment":[{"href":"https:\/\/wp.pop-verlag.com\/index.php?rest_route=%2Fwp%2Fv2%2Fmedia&parent=2077"}],"wp:term":[{"taxonomy":"category","embeddable":true,"href":"https:\/\/wp.pop-verlag.com\/index.php?rest_route=%2Fwp%2Fv2%2Fcategories&post=2077"},{"taxonomy":"post_tag","embeddable":true,"href":"https:\/\/wp.pop-verlag.com\/index.php?rest_route=%2Fwp%2Fv2%2Ftags&post=2077"}],"curies":[{"name":"wp","href":"https:\/\/api.w.org\/{rel}","templated":true}]}}