{"id":1750,"date":"2016-11-04T06:24:19","date_gmt":"2016-11-04T06:24:19","guid":{"rendered":"http:\/\/wp.pop-verlag.com\/?p=1750"},"modified":"2016-11-04T06:24:37","modified_gmt":"2016-11-04T06:24:37","slug":"das-knirschen-des-schnees-unter-den-stiefeln","status":"publish","type":"post","link":"https:\/\/wp.pop-verlag.com\/?p=1750","title":{"rendered":"&#8222;Das Knirschen des Schnees unter den Stiefeln&#8220;"},"content":{"rendered":"<div id=\"title\" class=\"control-group \">\n<div class=\"control-group \"><span class=\"readonlyText\" title=\"Das Knirschen des Schnees unter den Stiefeln.\"><img loading=\"lazy\" decoding=\"async\" class=\"alignleft wp-image-1751 size-medium\" src=\"http:\/\/wp.pop-verlag.com\/wp-content\/uploads\/2016\/11\/Umschlag_Karl-Wolff-_Das-Knirschen-des-Schnees-copy-300x126.jpg\" alt=\"Umschlag_Karl Wolff _Das Knirschen des Schnees copy\" width=\"300\" height=\"126\" srcset=\"https:\/\/wp.pop-verlag.com\/wp-content\/uploads\/2016\/11\/Umschlag_Karl-Wolff-_Das-Knirschen-des-Schnees-copy-300x126.jpg 300w, https:\/\/wp.pop-verlag.com\/wp-content\/uploads\/2016\/11\/Umschlag_Karl-Wolff-_Das-Knirschen-des-Schnees-copy-768x324.jpg 768w, https:\/\/wp.pop-verlag.com\/wp-content\/uploads\/2016\/11\/Umschlag_Karl-Wolff-_Das-Knirschen-des-Schnees-copy-1024x431.jpg 1024w, https:\/\/wp.pop-verlag.com\/wp-content\/uploads\/2016\/11\/Umschlag_Karl-Wolff-_Das-Knirschen-des-Schnees-copy-500x211.jpg 500w\" sizes=\"auto, (max-width: 300px) 100vw, 300px\" \/><strong><span class=\"readonlyText\"><a href=\"http:\/\/wp.pop-verlag.com\/?page_id=1554\">Wolff, Karl<\/a> \/ Janssen, Georg\u00a0<span class=\"readonlyText\" title=\"Malerei Georg Jan\u00dfen zu Gedichten und Prosa von Karl Wolff.\">Jan\u00dfen<\/span>:<\/span> <a href=\"http:\/\/wp.pop-verlag.com\/?p=1750\">&#8222;Das Knirschen des Schnees unter den Stiefeln&#8220;<\/a><\/strong> <\/span><span class=\"readonlyText\" title=\"Malerei Georg Jan\u00dfen zu Gedichten und Prosa von Karl Wolff.\">Malerei Georg Jan\u00dfen zu Gedichten und Prosa von Karl Wolff. ISBN:<\/span><span class=\"readonlyText\">978-3-86356-061-4, 18,00\u20ac<br \/>\n<\/span><\/div>\n<\/div>\n<div class=\"controls\"><\/div>\n<p>Die Kunst des Abschiednehmens und die Meditation des Todes als Freiheit bilden das Thema des\u00a0 Dialogs, den der Lyriker Karl Wolff und der Maler Georg Jan\u00dfen gef\u00fchrt haben. Die beiden Freunde aus M\u00fcnster laden im gemeinsamen Buch der Sprach- und Bildmagie zum offenen Gespr\u00e4ch \u00fcber Liebe und Tod, Motor des Lebens f\u00fcr unsere Gef\u00fchle, ein. In oft best\u00fcrzender Klarheit und Gef\u00fchlstiefe nehmen sie den imaginativen Gespr\u00e4chspartner mit auf den Weg zum eigenen Leben und zum vertraulichen Tod. Ihr orphisches Vorgehen stellt Eros und Thanatos in die Mitte der Verwandlung, ringt dem Uns\u00e4glichen Form, Gestalt, Kontur, Erkenntnis ab und R\u00fchmung. Das Buch \u201eDas Knirschen des Schnees unter den Stiefeln\u201c fasziniert als facettenreicher Entwurf einer Ars bene moriendi et vivendi in nachchristlicher Zeit.<\/p>\n","protected":false},"excerpt":{"rendered":"<p>Wolff, Karl \/ Janssen, Georg\u00a0Jan\u00dfen: &#8222;Das Knirschen des Schnees unter den Stiefeln&#8220; Malerei Georg Jan\u00dfen zu Gedichten und Prosa von Karl Wolff. ISBN:978-3-86356-061-4, 18,00\u20ac Die Kunst des Abschiednehmens und die Meditation des Todes als Freiheit bilden das Thema des\u00a0 Dialogs, &hellip; <a class=\"more-link\" href=\"https:\/\/wp.pop-verlag.com\/?p=1750\">Weiterlesen <span class=\"meta-nav\">&rarr;<\/span><\/a><\/p>\n","protected":false},"author":2,"featured_media":0,"comment_status":"closed","ping_status":"closed","sticky":false,"template":"","format":"standard","meta":{"_jetpack_memberships_contains_paid_content":false,"footnotes":""},"categories":[17,20,8],"tags":[],"class_list":["post-1750","post","type-post","status-publish","format-standard","hentry","category-erscheinungsjahr-2013","category-deutsche-literatur","category-pop-lyrik"],"jetpack_sharing_enabled":true,"jetpack_featured_media_url":"","_links":{"self":[{"href":"https:\/\/wp.pop-verlag.com\/index.php?rest_route=\/wp\/v2\/posts\/1750","targetHints":{"allow":["GET"]}}],"collection":[{"href":"https:\/\/wp.pop-verlag.com\/index.php?rest_route=\/wp\/v2\/posts"}],"about":[{"href":"https:\/\/wp.pop-verlag.com\/index.php?rest_route=\/wp\/v2\/types\/post"}],"author":[{"embeddable":true,"href":"https:\/\/wp.pop-verlag.com\/index.php?rest_route=\/wp\/v2\/users\/2"}],"replies":[{"embeddable":true,"href":"https:\/\/wp.pop-verlag.com\/index.php?rest_route=%2Fwp%2Fv2%2Fcomments&post=1750"}],"version-history":[{"count":2,"href":"https:\/\/wp.pop-verlag.com\/index.php?rest_route=\/wp\/v2\/posts\/1750\/revisions"}],"predecessor-version":[{"id":1753,"href":"https:\/\/wp.pop-verlag.com\/index.php?rest_route=\/wp\/v2\/posts\/1750\/revisions\/1753"}],"wp:attachment":[{"href":"https:\/\/wp.pop-verlag.com\/index.php?rest_route=%2Fwp%2Fv2%2Fmedia&parent=1750"}],"wp:term":[{"taxonomy":"category","embeddable":true,"href":"https:\/\/wp.pop-verlag.com\/index.php?rest_route=%2Fwp%2Fv2%2Fcategories&post=1750"},{"taxonomy":"post_tag","embeddable":true,"href":"https:\/\/wp.pop-verlag.com\/index.php?rest_route=%2Fwp%2Fv2%2Ftags&post=1750"}],"curies":[{"name":"wp","href":"https:\/\/api.w.org\/{rel}","templated":true}]}}