{"id":1734,"date":"2016-11-04T05:02:52","date_gmt":"2016-11-04T05:02:52","guid":{"rendered":"http:\/\/wp.pop-verlag.com\/?p=1734"},"modified":"2016-11-04T06:16:08","modified_gmt":"2016-11-04T06:16:08","slug":"alles-nebel-oder-was-gedichte-aus-absurdistan","status":"publish","type":"post","link":"https:\/\/wp.pop-verlag.com\/?p=1734","title":{"rendered":"\u201eAlles Nebel oder was. Gedichte aus Absurdistan\u201c"},"content":{"rendered":"<p style=\"text-align: justify;\"><span style=\"font-size: medium;\"><b><img loading=\"lazy\" decoding=\"async\" class=\"alignleft wp-image-1736 size-medium\" src=\"http:\/\/wp.pop-verlag.com\/wp-content\/uploads\/2016\/11\/K_W_Alles-2_1-207x300.gif\" alt=\"K_W_Alles-2_1\" width=\"207\" height=\"300\" \/><strong><a href=\"http:\/\/wp.pop-verlag.com\/?page_id=1554\">Karl Wolff<\/a><\/strong>:<img loading=\"lazy\" decoding=\"async\" class=\"alignleft wp-image-1735 size-medium\" src=\"http:\/\/wp.pop-verlag.com\/wp-content\/uploads\/2016\/11\/K_W_Alles-1_1-207x300.gif\" alt=\"K_W_Alles-1_1\" width=\"207\" height=\"300\" \/><a href=\"http:\/\/wp.pop-verlag.com\/?p=1734\"> \u201eAlles Nebel oder was. Gedichte aus Absurdistan\u201c<\/a><i> <\/i><\/b>(LYRIK- Sammlung);<b><i> <\/i><\/b>126 Seiten,\u00a0 ISBN: 978-3-937139-90-6. Preis: 14,50\u20ac<\/span><\/p>\n<div id=\"article_boxes_position_1\" style=\"text-align: justify;\"><\/div>\n<div class=\"ads\" style=\"text-align: justify;\"><\/div>\n<div class=\"attribute-long\" style=\"text-align: justify;\">\n<p style=\"text-align: justify;\">M\u00fcnster &#8211; Karl Wolff hatte die Pferde gut gez\u00e4umt f\u00fcr den irrwitzigen Parforce-Ritt, den er durch Themen wie Tod und Alltag, Liebe und Schicksal, Religion und Literatur unternahm. Er schlug die wildesten humoristischen Haken, gab die Sporen und zog immer wieder das Tempo an. Wachheit war bei seiner Lesung in der Stadtb\u00fccherei gefragt, um wirklich alle Anspielungen mitzubekommen, die sich in seinem j\u00fcngsten Buch \u201eAlles Nebel oder was. Gedichte aus Absurdistan\u201c verbergen.<a href=\"http:\/\/www.wn.de\/Muenster\/2010\/03\/Kultur-Muenster-Mortadella-zankt-sich-mit-Jagdwurst\">(&#8211;&gt; mehr)<\/a>\u00a0(Von Maria Berentzen)<\/p>\n<\/div>\n","protected":false},"excerpt":{"rendered":"<p>Karl Wolff: \u201eAlles Nebel oder was. Gedichte aus Absurdistan\u201c (LYRIK- Sammlung); 126 Seiten,\u00a0 ISBN: 978-3-937139-90-6. Preis: 14,50\u20ac M\u00fcnster &#8211; Karl Wolff hatte die Pferde gut gez\u00e4umt f\u00fcr den irrwitzigen Parforce-Ritt, den er durch Themen wie Tod und Alltag, Liebe und &hellip; <a class=\"more-link\" href=\"https:\/\/wp.pop-verlag.com\/?p=1734\">Weiterlesen <span class=\"meta-nav\">&rarr;<\/span><\/a><\/p>\n","protected":false},"author":2,"featured_media":0,"comment_status":"closed","ping_status":"closed","sticky":false,"template":"","format":"standard","meta":{"_jetpack_memberships_contains_paid_content":false,"footnotes":""},"categories":[14],"tags":[],"class_list":["post-1734","post","type-post","status-publish","format-standard","hentry","category-erscheinungsjahr-2010"],"jetpack_sharing_enabled":true,"jetpack_featured_media_url":"","_links":{"self":[{"href":"https:\/\/wp.pop-verlag.com\/index.php?rest_route=\/wp\/v2\/posts\/1734","targetHints":{"allow":["GET"]}}],"collection":[{"href":"https:\/\/wp.pop-verlag.com\/index.php?rest_route=\/wp\/v2\/posts"}],"about":[{"href":"https:\/\/wp.pop-verlag.com\/index.php?rest_route=\/wp\/v2\/types\/post"}],"author":[{"embeddable":true,"href":"https:\/\/wp.pop-verlag.com\/index.php?rest_route=\/wp\/v2\/users\/2"}],"replies":[{"embeddable":true,"href":"https:\/\/wp.pop-verlag.com\/index.php?rest_route=%2Fwp%2Fv2%2Fcomments&post=1734"}],"version-history":[{"count":5,"href":"https:\/\/wp.pop-verlag.com\/index.php?rest_route=\/wp\/v2\/posts\/1734\/revisions"}],"predecessor-version":[{"id":1749,"href":"https:\/\/wp.pop-verlag.com\/index.php?rest_route=\/wp\/v2\/posts\/1734\/revisions\/1749"}],"wp:attachment":[{"href":"https:\/\/wp.pop-verlag.com\/index.php?rest_route=%2Fwp%2Fv2%2Fmedia&parent=1734"}],"wp:term":[{"taxonomy":"category","embeddable":true,"href":"https:\/\/wp.pop-verlag.com\/index.php?rest_route=%2Fwp%2Fv2%2Fcategories&post=1734"},{"taxonomy":"post_tag","embeddable":true,"href":"https:\/\/wp.pop-verlag.com\/index.php?rest_route=%2Fwp%2Fv2%2Ftags&post=1734"}],"curies":[{"name":"wp","href":"https:\/\/api.w.org\/{rel}","templated":true}]}}