{"id":1568,"date":"2016-10-13T04:51:00","date_gmt":"2016-10-13T04:51:00","guid":{"rendered":"http:\/\/wp.pop-verlag.com\/?p=1568"},"modified":"2018-11-30T13:44:23","modified_gmt":"2018-11-30T13:44:23","slug":"peter-froemmig-das-haus-in-dem-die-woerter-wohnen","status":"publish","type":"post","link":"https:\/\/wp.pop-verlag.com\/?p=1568","title":{"rendered":"Peter Fr\u00f6mmig: Das Haus, in dem die W\u00f6rter wohnen"},"content":{"rendered":"<p><a href=\"http:\/\/wp.pop-verlag.com\/?page_id=1552\"><img loading=\"lazy\" decoding=\"async\" class=\"alignleft wp-image-1565 size-medium\" src=\"http:\/\/wp.pop-verlag.com\/wp-content\/uploads\/2015\/04\/978-3-86356-143-7_A-210x300.jpg\" alt=\"978-3-86356-143-7_A\" width=\"210\" height=\"300\" srcset=\"https:\/\/wp.pop-verlag.com\/wp-content\/uploads\/2015\/04\/978-3-86356-143-7_A-210x300.jpg 210w, https:\/\/wp.pop-verlag.com\/wp-content\/uploads\/2015\/04\/978-3-86356-143-7_A-768x1097.jpg 768w, https:\/\/wp.pop-verlag.com\/wp-content\/uploads\/2015\/04\/978-3-86356-143-7_A-717x1024.jpg 717w, https:\/\/wp.pop-verlag.com\/wp-content\/uploads\/2015\/04\/978-3-86356-143-7_A.jpg 1654w\" sizes=\"auto, (max-width: 210px) 100vw, 210px\" \/><\/a><a href=\"http:\/\/wp.pop-verlag.com\/?page_id=1552\"><img loading=\"lazy\" decoding=\"async\" class=\"alignleft wp-image-1566 size-medium\" src=\"http:\/\/wp.pop-verlag.com\/wp-content\/uploads\/2015\/04\/978-3-86356-143-7_B-210x300.jpg\" alt=\"978-3-86356-143-7_B\" width=\"210\" height=\"300\" srcset=\"https:\/\/wp.pop-verlag.com\/wp-content\/uploads\/2015\/04\/978-3-86356-143-7_B-210x300.jpg 210w, https:\/\/wp.pop-verlag.com\/wp-content\/uploads\/2015\/04\/978-3-86356-143-7_B-768x1097.jpg 768w, https:\/\/wp.pop-verlag.com\/wp-content\/uploads\/2015\/04\/978-3-86356-143-7_B-717x1024.jpg 717w, https:\/\/wp.pop-verlag.com\/wp-content\/uploads\/2015\/04\/978-3-86356-143-7_B.jpg 1654w\" sizes=\"auto, (max-width: 210px) 100vw, 210px\" \/><\/a><\/p>\n<p><strong><a href=\"http:\/\/wp.pop-verlag.com\/?page_id=1500\">Peter Fr\u00f6mmig: &#8222;Das Haus, in dem die W\u00f6rter wohnen&#8220;<\/a><\/strong><\/p>\n<p>Gedichte und Bilder f\u00fcr Kinder und Erwachsene<\/p>\n<p>edition monrepos Band 13<\/p>\n<p>144 Seiten, 15,50 \u20ac<br \/>\nISBN 978-3-86356-143-7<\/p>\n<p>Lieferbare Titel von\u00a0<a href=\"http:\/\/wp.pop-verlag.com\/?page_id=1500\"><strong>Peter Fr\u00f6mmig<\/strong><\/a><\/p>\n<p><strong>\u2013 \u201e<a href=\"http:\/\/wp.pop-verlag.com\/?p=237\">Das Rumoren am Rande der Ereignisse<\/a>\u201c<\/strong>. Erkundungen auf Nebenschaupl\u00e4tzen. Prosa-Miniaturen und kurze Geschichten. Mit einem Nachwort von Rainer Wochele. edition monrepos Band 5.ISBN 978-3-86356-066-9142 Seiten, \u20ac[D14,50<\/p>\n<p><strong><a href=\"http:\/\/wp.pop-verlag.com\/?page_id=1500\">\u2013 \u201eDas Haus, in dem die W\u00f6rter wohnen.\u201c <\/a><\/strong>Gedichte und Bilder f\u00fcr Kinder und Erwachsene. edition monrepos Band 13. 144 Seiten, ISBN 978-3-86356-143-7, \u20ac[D15,50<\/p>\n<p>\u2013 \u201e<a href=\"https:\/\/wp.pop-verlag.com\/?p=3800\"><strong>Die W\u00f6rter gehen ein und aus<\/strong><\/a>\u201e. Gedichte und Bilder. Kids Samlung Bd. 3, 45 Seiten, ISBN 978-3-86356-245-8, \u20ac[D]9,90<\/p>\n<p>&nbsp;<\/p>\n","protected":false},"excerpt":{"rendered":"<p>Peter Fr\u00f6mmig: &#8222;Das Haus, in dem die W\u00f6rter wohnen&#8220; Gedichte und Bilder f\u00fcr Kinder und Erwachsene edition monrepos Band 13 144 Seiten, 15,50 \u20ac ISBN 978-3-86356-143-7 Lieferbare Titel von\u00a0Peter Fr\u00f6mmig \u2013 \u201eDas Rumoren am Rande der Ereignisse\u201c. Erkundungen auf Nebenschaupl\u00e4tzen. &hellip; <a class=\"more-link\" href=\"https:\/\/wp.pop-verlag.com\/?p=1568\">Weiterlesen <span class=\"meta-nav\">&rarr;<\/span><\/a><\/p>\n","protected":false},"author":2,"featured_media":0,"comment_status":"closed","ping_status":"closed","sticky":false,"template":"","format":"standard","meta":{"_jetpack_memberships_contains_paid_content":false,"footnotes":""},"categories":[204,20,7],"tags":[],"class_list":["post-1568","post","type-post","status-publish","format-standard","hentry","category-e-erscheinungsjahr-2016","category-deutsche-literatur","category-edition-monrepos"],"jetpack_sharing_enabled":true,"jetpack_featured_media_url":"","_links":{"self":[{"href":"https:\/\/wp.pop-verlag.com\/index.php?rest_route=\/wp\/v2\/posts\/1568","targetHints":{"allow":["GET"]}}],"collection":[{"href":"https:\/\/wp.pop-verlag.com\/index.php?rest_route=\/wp\/v2\/posts"}],"about":[{"href":"https:\/\/wp.pop-verlag.com\/index.php?rest_route=\/wp\/v2\/types\/post"}],"author":[{"embeddable":true,"href":"https:\/\/wp.pop-verlag.com\/index.php?rest_route=\/wp\/v2\/users\/2"}],"replies":[{"embeddable":true,"href":"https:\/\/wp.pop-verlag.com\/index.php?rest_route=%2Fwp%2Fv2%2Fcomments&post=1568"}],"version-history":[{"count":7,"href":"https:\/\/wp.pop-verlag.com\/index.php?rest_route=\/wp\/v2\/posts\/1568\/revisions"}],"predecessor-version":[{"id":3811,"href":"https:\/\/wp.pop-verlag.com\/index.php?rest_route=\/wp\/v2\/posts\/1568\/revisions\/3811"}],"wp:attachment":[{"href":"https:\/\/wp.pop-verlag.com\/index.php?rest_route=%2Fwp%2Fv2%2Fmedia&parent=1568"}],"wp:term":[{"taxonomy":"category","embeddable":true,"href":"https:\/\/wp.pop-verlag.com\/index.php?rest_route=%2Fwp%2Fv2%2Fcategories&post=1568"},{"taxonomy":"post_tag","embeddable":true,"href":"https:\/\/wp.pop-verlag.com\/index.php?rest_route=%2Fwp%2Fv2%2Ftags&post=1568"}],"curies":[{"name":"wp","href":"https:\/\/api.w.org\/{rel}","templated":true}]}}