{"id":146,"date":"2015-04-28T13:30:19","date_gmt":"2015-04-28T13:30:19","guid":{"rendered":"http:\/\/wp.pop-verlag.com\/?p=146"},"modified":"2022-01-12T12:59:25","modified_gmt":"2022-01-12T12:59:25","slug":"horst-samson-kein-schweigen-bleibt-ungehoert","status":"publish","type":"post","link":"https:\/\/wp.pop-verlag.com\/?p=146","title":{"rendered":"Horst Samson: &#8222;Kein Schweigen bleibt ungeh\u00f6rt&#8220;"},"content":{"rendered":"<p><a href=\"http:\/\/wp.pop-verlag.com\/wp-content\/uploads\/2015\/04\/horstsamson_keinschweigen.jpg\"><img loading=\"lazy\" decoding=\"async\" class=\"alignleft wp-image-142 size-medium\" src=\"http:\/\/wp.pop-verlag.com\/wp-content\/uploads\/2015\/04\/horstsamson_keinschweigen-209x300.jpg\" alt=\"horstsamson_keinschweigen\" width=\"209\" height=\"300\" \/><\/a><\/p>\n<p><strong><a href=\"http:\/\/wp.pop-verlag.com\/?page_id=734\">Horst Samson<\/a><\/strong>: &#8222;Kein Schweigen bleibt ungeh\u00f6rt&#8220;<br \/>\nGedichte<\/p>\n<p>Pop Lyrik<\/p>\n<p>161 Seiten, 14,99 Euro<br \/>\nISBN 978-3-86356-055-3<\/p>\n<p>Lniks: Horst Samson:<a href=\"https:\/\/www.youtube.com\/watch?v=euPdHHhFQUE&amp;t=215s\">Nachdenken \u00fcber Ostern im Durchgangslager f\u00fcr Aussiedler im M\u00e4rz 1987 in Heidelberg\/Kirchheim. Das n\u00e4chste Osterfest kommt bestimmt. Hier ein literarischer R\u00fcckblick auf jene Zeit und eine Lesung aus meiner Corona-Lese-Serie des Jahres 2020!<\/a><\/p>\n<p><span class=\"readonlyText multiple\">Lieferbare Titel von<\/span> <strong><a href=\"http:\/\/wp.pop-verlag.com\/?page_id=734\">Horst Samson<\/a><\/strong>:<\/p>\n<p>\u201e<a href=\"http:\/\/wp.pop-verlag.com\/?p=134\" target=\"_blank\" rel=\"noopener\">Und wenn du willst, vergiss<\/a>\u201c , 2010, Gedichte. Pop Lyrik. 126 Seiten, 14,90 \u20ac<br \/>\nISBN 978-3-937139-92-0<\/p>\n<p>\u201e<a href=\"http:\/\/wp.pop-verlag.com\/?p=164\" target=\"_blank\" rel=\"noopener\">Kein Schweigen bleibt ungeh\u00f6rt<\/a>\u201c, 2013, Gedichte. Pop Lyrik. 161 Seiten, 14,99 \u20ac<br \/>\nISBN 978-3-86356-055-3<\/p>\n<p>\u201e<a href=\"http:\/\/wp.pop-verlag.com\/?p=941\" target=\"_blank\" rel=\"noopener\">Heimat \u2013 gerettete Zunge. Visionen und Fiktionen deutschsprachiger Autoren aus Rum\u00e4nien<\/a>\u201c, 2013,\u00a0Eine literarische Begegnung. Mit einem Vorwort von Prof. Dr. Wolfgang Schlott. <strong><a href=\"http:\/\/wp.pop-verlag.com\/?page_id=734\">Horst Samson<\/a> (Hrsg.), <span class=\"readonlyText\">Ingmar Brantsch,<\/span><span class=\"readonlyText\">Hans Bergel, Walter <\/span><span class=\"readonlyText\">Engel,Ilse <\/span><span class=\"readonlyText\">Hehn, Franz <\/span><span class=\"readonlyText\">Heinz, Klaus <\/span><span class=\"readonlyText\">Hensel, Franz <\/span><span class=\"readonlyText\">Hodjak, Johann <\/span><span class=\"readonlyText\">Lippet, <\/span><label class=\"control-label\"><\/label><span class=\"readonlyText\">Dieter Schlesak, Olivia <\/span><span class=\"readonlyText\">Spiridon, <\/span><span class=\"readonlyText\">Horst Samson, <\/span><span class=\"readonlyText\">Peter Motzan, <\/span><span class=\"readonlyText\">Gerhard Ortinau,\u00a0<\/span><span class=\"readonlyText\">Friedrich Schuller, <\/span><span class=\"readonlyText\">Hellmut Seiler, Balthasar <\/span><span class=\"readonlyText\">Waitz<\/span><\/strong>:<strong>\u00a0<\/strong> Heimat \u2013 gerettete Zunge. Visionen und Fiktionen deutschsprachiger Autoren aus Rum\u00e4nien.\u00a0 (UNIVERSITAS Sammlung) 373 S. ISBN:\u00a0 978-3-86356-051-5, \u20ac [D] 25,\u2013 \u20ac [AT] 25,\u2013 SFr [CH] 35,-<\/p>\n<p>\u201e<a href=\"http:\/\/wp.pop-verlag.com\/?p=564\" target=\"_blank\" rel=\"noopener\">Das Imagin\u00e4re und unsere Anwesenheit darin<\/a>\u201c. Gedichte. Pop Lyrik. 179 Seiten, 17,80 \u20ac<br \/>\nISBN 978-3-86356-097-3<\/p>\n","protected":false},"excerpt":{"rendered":"<p>Horst Samson: &#8222;Kein Schweigen bleibt ungeh\u00f6rt&#8220; Gedichte Pop Lyrik 161 Seiten, 14,99 Euro ISBN 978-3-86356-055-3 Lniks: Horst Samson:Nachdenken \u00fcber Ostern im Durchgangslager f\u00fcr Aussiedler im M\u00e4rz 1987 in Heidelberg\/Kirchheim. Das n\u00e4chste Osterfest kommt bestimmt. Hier ein literarischer R\u00fcckblick auf jene &hellip; <a class=\"more-link\" href=\"https:\/\/wp.pop-verlag.com\/?p=146\">Weiterlesen <span class=\"meta-nav\">&rarr;<\/span><\/a><\/p>\n","protected":false},"author":1,"featured_media":0,"comment_status":"closed","ping_status":"closed","sticky":false,"template":"","format":"standard","meta":{"_jetpack_memberships_contains_paid_content":false,"footnotes":""},"categories":[17,21,8],"tags":[27,55],"class_list":["post-146","post","type-post","status-publish","format-standard","hentry","category-erscheinungsjahr-2013","category-deutsch-rumaenische-literatur","category-pop-lyrik","tag-horst-samson","tag-kein-schweigen-bleibt-ungehoert"],"jetpack_sharing_enabled":true,"jetpack_featured_media_url":"","_links":{"self":[{"href":"https:\/\/wp.pop-verlag.com\/index.php?rest_route=\/wp\/v2\/posts\/146","targetHints":{"allow":["GET"]}}],"collection":[{"href":"https:\/\/wp.pop-verlag.com\/index.php?rest_route=\/wp\/v2\/posts"}],"about":[{"href":"https:\/\/wp.pop-verlag.com\/index.php?rest_route=\/wp\/v2\/types\/post"}],"author":[{"embeddable":true,"href":"https:\/\/wp.pop-verlag.com\/index.php?rest_route=\/wp\/v2\/users\/1"}],"replies":[{"embeddable":true,"href":"https:\/\/wp.pop-verlag.com\/index.php?rest_route=%2Fwp%2Fv2%2Fcomments&post=146"}],"version-history":[{"count":5,"href":"https:\/\/wp.pop-verlag.com\/index.php?rest_route=\/wp\/v2\/posts\/146\/revisions"}],"predecessor-version":[{"id":987,"href":"https:\/\/wp.pop-verlag.com\/index.php?rest_route=\/wp\/v2\/posts\/146\/revisions\/987"}],"wp:attachment":[{"href":"https:\/\/wp.pop-verlag.com\/index.php?rest_route=%2Fwp%2Fv2%2Fmedia&parent=146"}],"wp:term":[{"taxonomy":"category","embeddable":true,"href":"https:\/\/wp.pop-verlag.com\/index.php?rest_route=%2Fwp%2Fv2%2Fcategories&post=146"},{"taxonomy":"post_tag","embeddable":true,"href":"https:\/\/wp.pop-verlag.com\/index.php?rest_route=%2Fwp%2Fv2%2Ftags&post=146"}],"curies":[{"name":"wp","href":"https:\/\/api.w.org\/{rel}","templated":true}]}}